{"id":883,"date":"2021-10-23T15:15:00","date_gmt":"2021-10-23T13:15:00","guid":{"rendered":"https:\/\/www.abf.se\/ostergotland\/?post_type=news-article&#038;p=883"},"modified":"2024-04-23T15:18:25","modified_gmt":"2024-04-23T13:18:25","slug":"stjarnkviltarna-skanker-minitacken","status":"publish","type":"news-article","link":"https:\/\/www.abf.se\/ostergotland\/nyheter\/stjarnkviltarna-skanker-minitacken\/","title":{"rendered":"Stj\u00e4rnkviltarna sk\u00e4nker minit\u00e4cken"},"content":{"rendered":"<div\n    class=\"acf-article-text-block article-container my-12\"\n    data-block=\"article-text-block\"\n>\n    <div class=\"wysiwyg\">\n        <p>Textilgruppen Stj\u00e4rnkviltarna startade 1995 och \u00e4r en lokal f\u00f6rening i den rikst\u00e4ckande organisationen Rikst\u00e4cket. I Norrk\u00f6ping \u00e4r de 25 medlemmar och lite fler \u00e4n h\u00e4lften av dem tr\u00e4ffas varannan vecka p\u00e5 Marieborgs folkh\u00f6gskola.<br \/>\n\u2013 Vi skulle vilja ha in lite yngre f\u00f6rm\u00e5gor i f\u00f6reningen, s\u00e4ger Inger Backg\u00e5rd.<\/p>\n<p>Inger \u00e4r s\u00e5 kallad tr\u00e5dh\u00e5llare i gruppen, vilket betyder att hon har en sammanh\u00e5llande funktion.\u00a0Sj\u00e4lv har hon bara varit med i fyra-fem \u00e5r, men lappt\u00e4cken har hon sytt sedan 70-talet. Hon har ingen best\u00e4md mall som hon g\u00e5r efter utan f\u00f6redrar variation, s\u00e5 har hon gjort ett t\u00e4cke i ett visst m\u00f6nster eller f\u00e4rgst\u00e4llning s\u00e5 vill hon helst g\u00f6ra n\u00e5got annat n\u00e4sta g\u00e5ng.<br \/>\n\u2013 Man kan g\u00f6ra precis hur man vill, det \u00e4r bara fantasin som s\u00e4tter gr\u00e4nser, s\u00e4ger hon.<\/p>\n<p>Stj\u00e4rnkviltarna anv\u00e4nder ofta amerikanska lappt\u00e4ckstyger i stadig bomull men det g\u00e5r lika bra med \u00e5tervunna tyger eller vanliga jeans. Anv\u00e4nda p\u00e5slakan \u00e4r ofta lite f\u00f6r slitna, men kan fungera bra som baksida, f\u00f6rklarar Inger.<\/p>\n<p><b>Hur l\u00e5ng tid tar det att g\u00f6ra ett lappt\u00e4cke?<br \/>\n<\/b>\u2013 Det g\u00e5r inte att s\u00e4ga. Ett t\u00e4cke h\u00f6ll jag p\u00e5 med i fyra \u00e5r, men d\u00e5 sydde jag ocks\u00e5 allt f\u00f6r hand. Det var nog 10\u00a0000\u201315\u00a0000 sm\u00e5 bitar. Och ibland hinner man g\u00f6ra ett t\u00e4cke p\u00e5 en dag.<\/p>\n<p>2009 sk\u00e4nkte Stj\u00e4rnkviltarna 83 lappt\u00e4cken till neonatalavdelningen p\u00e5 Vrinnevisjukhuset, f\u00f6r att f\u00f6r tidigt f\u00f6dda bebisar skulle f\u00e5 med sig varsitt n\u00e4r de \u00e5kte hem. Nu \u00e4r det allts\u00e5 dags igen och den h\u00e4r g\u00e5ngen har gruppen f\u00e5tt ihop hundra t\u00e4cken i blandade f\u00e4rger, m\u00f6nster och stilar.<\/p>\n<p>Mellan 2 och 14 oktober kommer t\u00e4ckena att visas p\u00e5 Bergslagsg\u00e5rden, innan de tv\u00e4ttas och f\u00e5r nya, supersm\u00e5 \u00e4gare.<\/p>\n<p><b>Nina Broman<\/b><\/p>\n\n    <\/div>\n<\/div>\n","protected":false},"featured_media":0,"parent":0,"menu_order":0,"template":"","categories":[],"class_list":["post-883","news-article","type-news-article","status-publish","hentry"],"acf":[],"yoast_head":"<!-- This site is optimized with the Yoast SEO plugin v27.0 - https:\/\/yoast.com\/product\/yoast-seo-wordpress\/ -->\n<title>Stj\u00e4rnkviltarna sk\u00e4nker minit\u00e4cken - \u00d6sterg\u00f6tland<\/title>\n<meta name=\"robots\" content=\"index, follow, max-snippet:-1, max-image-preview:large, max-video-preview:-1\" \/>\n<link rel=\"canonical\" href=\"https:\/\/www.abf.se\/ostergotland\/nyheter\/stjarnkviltarna-skanker-minitacken\/\" \/>\n<meta property=\"og:locale\" content=\"sv_SE\" \/>\n<meta property=\"og:type\" content=\"article\" \/>\n<meta property=\"og:title\" content=\"Stj\u00e4rnkviltarna sk\u00e4nker minit\u00e4cken - \u00d6sterg\u00f6tland\" \/>\n<meta property=\"og:url\" content=\"https:\/\/www.abf.se\/ostergotland\/nyheter\/stjarnkviltarna-skanker-minitacken\/\" \/>\n<meta property=\"og:site_name\" content=\"\u00d6sterg\u00f6tland\" \/>\n<meta property=\"article:modified_time\" content=\"2024-04-23T13:18:25+00:00\" \/>\n<meta property=\"og:image\" content=\"https:\/\/www.abf.se\/wp-content\/uploads\/sites\/64\/2024\/04\/Nyckeln-liggande-scaled.jpg\" \/>\n\t<meta property=\"og:image:width\" content=\"2560\" \/>\n\t<meta property=\"og:image:height\" content=\"1440\" \/>\n\t<meta property=\"og:image:type\" content=\"image\/jpeg\" \/>\n<meta name=\"twitter:card\" content=\"summary_large_image\" \/>\n<script type=\"application\/ld+json\" class=\"yoast-schema-graph\">{\"@context\":\"https:\/\/schema.org\",\"@graph\":[{\"@type\":\"WebPage\",\"@id\":\"https:\/\/www.abf.se\/ostergotland\/nyheter\/stjarnkviltarna-skanker-minitacken\/\",\"url\":\"https:\/\/www.abf.se\/ostergotland\/nyheter\/stjarnkviltarna-skanker-minitacken\/\",\"name\":\"Stj\u00e4rnkviltarna sk\u00e4nker minit\u00e4cken - \u00d6sterg\u00f6tland\",\"isPartOf\":{\"@id\":\"https:\/\/www.abf.se\/ostergotland\/#website\"},\"datePublished\":\"2021-10-23T13:15:00+00:00\",\"dateModified\":\"2024-04-23T13:18:25+00:00\",\"breadcrumb\":{\"@id\":\"https:\/\/www.abf.se\/ostergotland\/nyheter\/stjarnkviltarna-skanker-minitacken\/#breadcrumb\"},\"inLanguage\":\"sv-SE\",\"potentialAction\":[{\"@type\":\"ReadAction\",\"target\":[\"https:\/\/www.abf.se\/ostergotland\/nyheter\/stjarnkviltarna-skanker-minitacken\/\"]}]},{\"@type\":\"BreadcrumbList\",\"@id\":\"https:\/\/www.abf.se\/ostergotland\/nyheter\/stjarnkviltarna-skanker-minitacken\/#breadcrumb\",\"itemListElement\":[{\"@type\":\"ListItem\",\"position\":1,\"name\":\"Home\",\"item\":\"https:\/\/www.abf.se\/ostergotland\/\"},{\"@type\":\"ListItem\",\"position\":2,\"name\":\"Nyheter\",\"item\":\"https:\/\/www.abf.se\/ostergotland\/nyheter\/\"},{\"@type\":\"ListItem\",\"position\":3,\"name\":\"Stj\u00e4rnkviltarna sk\u00e4nker minit\u00e4cken\"}]},{\"@type\":\"WebSite\",\"@id\":\"https:\/\/www.abf.se\/ostergotland\/#website\",\"url\":\"https:\/\/www.abf.se\/ostergotland\/\",\"name\":\"\u00d6sterg\u00f6tland\",\"description\":\"\",\"potentialAction\":[{\"@type\":\"SearchAction\",\"target\":{\"@type\":\"EntryPoint\",\"urlTemplate\":\"https:\/\/www.abf.se\/ostergotland\/?s={search_term_string}\"},\"query-input\":{\"@type\":\"PropertyValueSpecification\",\"valueRequired\":true,\"valueName\":\"search_term_string\"}}],\"inLanguage\":\"sv-SE\"}]}<\/script>\n<!-- \/ Yoast SEO plugin. -->","yoast_head_json":{"title":"Stj\u00e4rnkviltarna sk\u00e4nker minit\u00e4cken - \u00d6sterg\u00f6tland","robots":{"index":"index","follow":"follow","max-snippet":"max-snippet:-1","max-image-preview":"max-image-preview:large","max-video-preview":"max-video-preview:-1"},"canonical":"https:\/\/www.abf.se\/ostergotland\/nyheter\/stjarnkviltarna-skanker-minitacken\/","og_locale":"sv_SE","og_type":"article","og_title":"Stj\u00e4rnkviltarna sk\u00e4nker minit\u00e4cken - \u00d6sterg\u00f6tland","og_url":"https:\/\/www.abf.se\/ostergotland\/nyheter\/stjarnkviltarna-skanker-minitacken\/","og_site_name":"\u00d6sterg\u00f6tland","article_modified_time":"2024-04-23T13:18:25+00:00","og_image":[{"width":2560,"height":1440,"url":"https:\/\/www.abf.se\/wp-content\/uploads\/sites\/64\/2024\/04\/Nyckeln-liggande-scaled.jpg","type":"image\/jpeg"}],"twitter_card":"summary_large_image","schema":{"@context":"https:\/\/schema.org","@graph":[{"@type":"WebPage","@id":"https:\/\/www.abf.se\/ostergotland\/nyheter\/stjarnkviltarna-skanker-minitacken\/","url":"https:\/\/www.abf.se\/ostergotland\/nyheter\/stjarnkviltarna-skanker-minitacken\/","name":"Stj\u00e4rnkviltarna sk\u00e4nker minit\u00e4cken - \u00d6sterg\u00f6tland","isPartOf":{"@id":"https:\/\/www.abf.se\/ostergotland\/#website"},"datePublished":"2021-10-23T13:15:00+00:00","dateModified":"2024-04-23T13:18:25+00:00","breadcrumb":{"@id":"https:\/\/www.abf.se\/ostergotland\/nyheter\/stjarnkviltarna-skanker-minitacken\/#breadcrumb"},"inLanguage":"sv-SE","potentialAction":[{"@type":"ReadAction","target":["https:\/\/www.abf.se\/ostergotland\/nyheter\/stjarnkviltarna-skanker-minitacken\/"]}]},{"@type":"BreadcrumbList","@id":"https:\/\/www.abf.se\/ostergotland\/nyheter\/stjarnkviltarna-skanker-minitacken\/#breadcrumb","itemListElement":[{"@type":"ListItem","position":1,"name":"Home","item":"https:\/\/www.abf.se\/ostergotland\/"},{"@type":"ListItem","position":2,"name":"Nyheter","item":"https:\/\/www.abf.se\/ostergotland\/nyheter\/"},{"@type":"ListItem","position":3,"name":"Stj\u00e4rnkviltarna sk\u00e4nker minit\u00e4cken"}]},{"@type":"WebSite","@id":"https:\/\/www.abf.se\/ostergotland\/#website","url":"https:\/\/www.abf.se\/ostergotland\/","name":"\u00d6sterg\u00f6tland","description":"","potentialAction":[{"@type":"SearchAction","target":{"@type":"EntryPoint","urlTemplate":"https:\/\/www.abf.se\/ostergotland\/?s={search_term_string}"},"query-input":{"@type":"PropertyValueSpecification","valueRequired":true,"valueName":"search_term_string"}}],"inLanguage":"sv-SE"}]}},"_links":{"self":[{"href":"https:\/\/www.abf.se\/ostergotland\/wp-json\/wp\/v2\/news-article\/883","targetHints":{"allow":["GET"]}}],"collection":[{"href":"https:\/\/www.abf.se\/ostergotland\/wp-json\/wp\/v2\/news-article"}],"about":[{"href":"https:\/\/www.abf.se\/ostergotland\/wp-json\/wp\/v2\/types\/news-article"}],"wp:attachment":[{"href":"https:\/\/www.abf.se\/ostergotland\/wp-json\/wp\/v2\/media?parent=883"}],"wp:term":[{"taxonomy":"category","embeddable":true,"href":"https:\/\/www.abf.se\/ostergotland\/wp-json\/wp\/v2\/categories?post=883"}],"curies":[{"name":"wp","href":"https:\/\/api.w.org\/{rel}","templated":true}]}}