{"id":889,"date":"2021-10-07T15:55:00","date_gmt":"2021-10-07T13:55:00","guid":{"rendered":"https:\/\/www.abf.se\/ostergotland\/?post_type=news-article&#038;p=889"},"modified":"2024-04-23T15:57:43","modified_gmt":"2024-04-23T13:57:43","slug":"14-ariga-aurelia-en-blivande-stjarna","status":"publish","type":"news-article","link":"https:\/\/www.abf.se\/ostergotland\/nyheter\/14-ariga-aurelia-en-blivande-stjarna\/","title":{"rendered":"14-\u00e5riga Aurelia \u2013 en blivande stj\u00e4rna?"},"content":{"rendered":"<div\n    class=\"acf-article-text-block article-container my-12\"\n    data-block=\"article-text-block\"\n>\n    <div class=\"wysiwyg\">\n        <p>Aurelia har sjungit sedan hon var liten och n\u00e4r hon var \u00e5tta \u00e5r b\u00f6rjade hon ta s\u00e5nglektioner. Nu g\u00e5r hon i \u00e5ttan p\u00e5 Jensen och har s\u00e5ng, k\u00f6r, piano och musikteori p\u00e5 Kulturskolan.<\/p>\n<p>Hon skriver ocks\u00e5 egna s\u00e5ngtexter och har planer p\u00e5 att spela in n\u00e5gra av l\u00e5tarna och sl\u00e4ppa dem vartefter. En annan plan \u00e4r ett framtr\u00e4dande tillsammans med Symfoniorkestern.<br \/>\n\u2013 Det blir nog om ett \u00e5r, de m\u00e5ste hinna f\u00f6rbereda sig, s\u00e4ger hon.<\/p>\n<p>P\u00e5 Portalens 10-\u00e5rsjubileum i augusti medverkade Aurelia b\u00e5de som konferencier och artist. Det var hennes f\u00f6rsta scenframtr\u00e4dande som inte var kopplat till skolan. Bortsett fr\u00e5n en g\u00e5ng i Tanzania d\u00e5 hon \u2013 endast tio \u00e5r gammal \u2013 sj\u00f6ng a capella p\u00e5 en scen.<br \/>\n\u2013 Jag var j\u00e4ttenerv\u00f6s, men jag fick deras telefonnummer s\u00e5 n\u00e4sta g\u00e5ng jag reser dit ska jag sjunga igen.<\/p>\n<p>Fast l\u00e5ngt innan dess kommer hon allts\u00e5 till ABF Bergslagsg\u00e5rden och sjunger pop och r&amp;b. Samma kv\u00e4ll upptr\u00e4der \u00e4ven Ludvig Jalkner (gitarr) och Valborg F\u00e4ltskog (s\u00e5ng) fr\u00e5n De Geer-gymnasiets musikprogram.<\/p>\n<p><b>Nina Broman<\/b><\/p>\n<p class=\"BrdtextCharter12\">Tid: 25 oktober 18.00.<br \/>\nPlats: ABF Bergslagsg\u00e5rden, V\u00e4stg\u00f6tegatan 25 i Norrk\u00f6ping<br \/>\nFri entr\u00e9. Evenemanget p\u00e5g\u00e5r cirka en timme<\/p>\n\n    <\/div>\n<\/div>\n","protected":false},"featured_media":0,"parent":0,"menu_order":0,"template":"","categories":[],"class_list":["post-889","news-article","type-news-article","status-publish","hentry"],"acf":[],"yoast_head":"<!-- This site is optimized with the Yoast SEO plugin v27.0 - https:\/\/yoast.com\/product\/yoast-seo-wordpress\/ -->\n<title>14-\u00e5riga Aurelia \u2013 en blivande stj\u00e4rna? - \u00d6sterg\u00f6tland<\/title>\n<meta name=\"robots\" content=\"index, follow, max-snippet:-1, max-image-preview:large, max-video-preview:-1\" \/>\n<link rel=\"canonical\" href=\"https:\/\/www.abf.se\/ostergotland\/nyheter\/14-ariga-aurelia-en-blivande-stjarna\/\" \/>\n<meta property=\"og:locale\" content=\"sv_SE\" \/>\n<meta property=\"og:type\" content=\"article\" \/>\n<meta property=\"og:title\" content=\"14-\u00e5riga Aurelia \u2013 en blivande stj\u00e4rna? - \u00d6sterg\u00f6tland\" \/>\n<meta property=\"og:url\" content=\"https:\/\/www.abf.se\/ostergotland\/nyheter\/14-ariga-aurelia-en-blivande-stjarna\/\" \/>\n<meta property=\"og:site_name\" content=\"\u00d6sterg\u00f6tland\" \/>\n<meta property=\"article:modified_time\" content=\"2024-04-23T13:57:43+00:00\" \/>\n<meta property=\"og:image\" content=\"https:\/\/www.abf.se\/wp-content\/uploads\/sites\/64\/2024\/04\/Nyckeln-liggande-scaled.jpg\" \/>\n\t<meta property=\"og:image:width\" content=\"2560\" \/>\n\t<meta property=\"og:image:height\" content=\"1440\" \/>\n\t<meta property=\"og:image:type\" content=\"image\/jpeg\" \/>\n<meta name=\"twitter:card\" content=\"summary_large_image\" \/>\n<script type=\"application\/ld+json\" class=\"yoast-schema-graph\">{\"@context\":\"https:\/\/schema.org\",\"@graph\":[{\"@type\":\"WebPage\",\"@id\":\"https:\/\/www.abf.se\/ostergotland\/nyheter\/14-ariga-aurelia-en-blivande-stjarna\/\",\"url\":\"https:\/\/www.abf.se\/ostergotland\/nyheter\/14-ariga-aurelia-en-blivande-stjarna\/\",\"name\":\"14-\u00e5riga Aurelia \u2013 en blivande stj\u00e4rna? - \u00d6sterg\u00f6tland\",\"isPartOf\":{\"@id\":\"https:\/\/www.abf.se\/ostergotland\/#website\"},\"datePublished\":\"2021-10-07T13:55:00+00:00\",\"dateModified\":\"2024-04-23T13:57:43+00:00\",\"breadcrumb\":{\"@id\":\"https:\/\/www.abf.se\/ostergotland\/nyheter\/14-ariga-aurelia-en-blivande-stjarna\/#breadcrumb\"},\"inLanguage\":\"sv-SE\",\"potentialAction\":[{\"@type\":\"ReadAction\",\"target\":[\"https:\/\/www.abf.se\/ostergotland\/nyheter\/14-ariga-aurelia-en-blivande-stjarna\/\"]}]},{\"@type\":\"BreadcrumbList\",\"@id\":\"https:\/\/www.abf.se\/ostergotland\/nyheter\/14-ariga-aurelia-en-blivande-stjarna\/#breadcrumb\",\"itemListElement\":[{\"@type\":\"ListItem\",\"position\":1,\"name\":\"Home\",\"item\":\"https:\/\/www.abf.se\/ostergotland\/\"},{\"@type\":\"ListItem\",\"position\":2,\"name\":\"Nyheter\",\"item\":\"https:\/\/www.abf.se\/ostergotland\/nyheter\/\"},{\"@type\":\"ListItem\",\"position\":3,\"name\":\"14-\u00e5riga Aurelia \u2013 en blivande stj\u00e4rna?\"}]},{\"@type\":\"WebSite\",\"@id\":\"https:\/\/www.abf.se\/ostergotland\/#website\",\"url\":\"https:\/\/www.abf.se\/ostergotland\/\",\"name\":\"\u00d6sterg\u00f6tland\",\"description\":\"\",\"potentialAction\":[{\"@type\":\"SearchAction\",\"target\":{\"@type\":\"EntryPoint\",\"urlTemplate\":\"https:\/\/www.abf.se\/ostergotland\/?s={search_term_string}\"},\"query-input\":{\"@type\":\"PropertyValueSpecification\",\"valueRequired\":true,\"valueName\":\"search_term_string\"}}],\"inLanguage\":\"sv-SE\"}]}<\/script>\n<!-- \/ Yoast SEO plugin. -->","yoast_head_json":{"title":"14-\u00e5riga Aurelia \u2013 en blivande stj\u00e4rna? - \u00d6sterg\u00f6tland","robots":{"index":"index","follow":"follow","max-snippet":"max-snippet:-1","max-image-preview":"max-image-preview:large","max-video-preview":"max-video-preview:-1"},"canonical":"https:\/\/www.abf.se\/ostergotland\/nyheter\/14-ariga-aurelia-en-blivande-stjarna\/","og_locale":"sv_SE","og_type":"article","og_title":"14-\u00e5riga Aurelia \u2013 en blivande stj\u00e4rna? - \u00d6sterg\u00f6tland","og_url":"https:\/\/www.abf.se\/ostergotland\/nyheter\/14-ariga-aurelia-en-blivande-stjarna\/","og_site_name":"\u00d6sterg\u00f6tland","article_modified_time":"2024-04-23T13:57:43+00:00","og_image":[{"width":2560,"height":1440,"url":"https:\/\/www.abf.se\/wp-content\/uploads\/sites\/64\/2024\/04\/Nyckeln-liggande-scaled.jpg","type":"image\/jpeg"}],"twitter_card":"summary_large_image","schema":{"@context":"https:\/\/schema.org","@graph":[{"@type":"WebPage","@id":"https:\/\/www.abf.se\/ostergotland\/nyheter\/14-ariga-aurelia-en-blivande-stjarna\/","url":"https:\/\/www.abf.se\/ostergotland\/nyheter\/14-ariga-aurelia-en-blivande-stjarna\/","name":"14-\u00e5riga Aurelia \u2013 en blivande stj\u00e4rna? - \u00d6sterg\u00f6tland","isPartOf":{"@id":"https:\/\/www.abf.se\/ostergotland\/#website"},"datePublished":"2021-10-07T13:55:00+00:00","dateModified":"2024-04-23T13:57:43+00:00","breadcrumb":{"@id":"https:\/\/www.abf.se\/ostergotland\/nyheter\/14-ariga-aurelia-en-blivande-stjarna\/#breadcrumb"},"inLanguage":"sv-SE","potentialAction":[{"@type":"ReadAction","target":["https:\/\/www.abf.se\/ostergotland\/nyheter\/14-ariga-aurelia-en-blivande-stjarna\/"]}]},{"@type":"BreadcrumbList","@id":"https:\/\/www.abf.se\/ostergotland\/nyheter\/14-ariga-aurelia-en-blivande-stjarna\/#breadcrumb","itemListElement":[{"@type":"ListItem","position":1,"name":"Home","item":"https:\/\/www.abf.se\/ostergotland\/"},{"@type":"ListItem","position":2,"name":"Nyheter","item":"https:\/\/www.abf.se\/ostergotland\/nyheter\/"},{"@type":"ListItem","position":3,"name":"14-\u00e5riga Aurelia \u2013 en blivande stj\u00e4rna?"}]},{"@type":"WebSite","@id":"https:\/\/www.abf.se\/ostergotland\/#website","url":"https:\/\/www.abf.se\/ostergotland\/","name":"\u00d6sterg\u00f6tland","description":"","potentialAction":[{"@type":"SearchAction","target":{"@type":"EntryPoint","urlTemplate":"https:\/\/www.abf.se\/ostergotland\/?s={search_term_string}"},"query-input":{"@type":"PropertyValueSpecification","valueRequired":true,"valueName":"search_term_string"}}],"inLanguage":"sv-SE"}]}},"_links":{"self":[{"href":"https:\/\/www.abf.se\/ostergotland\/wp-json\/wp\/v2\/news-article\/889","targetHints":{"allow":["GET"]}}],"collection":[{"href":"https:\/\/www.abf.se\/ostergotland\/wp-json\/wp\/v2\/news-article"}],"about":[{"href":"https:\/\/www.abf.se\/ostergotland\/wp-json\/wp\/v2\/types\/news-article"}],"wp:attachment":[{"href":"https:\/\/www.abf.se\/ostergotland\/wp-json\/wp\/v2\/media?parent=889"}],"wp:term":[{"taxonomy":"category","embeddable":true,"href":"https:\/\/www.abf.se\/ostergotland\/wp-json\/wp\/v2\/categories?post=889"}],"curies":[{"name":"wp","href":"https:\/\/api.w.org\/{rel}","templated":true}]}}