{"id":892,"date":"2021-10-07T15:58:00","date_gmt":"2021-10-07T13:58:00","guid":{"rendered":"https:\/\/www.abf.se\/ostergotland\/?post_type=news-article&#038;p=892"},"modified":"2024-04-23T16:00:25","modified_gmt":"2024-04-23T14:00:25","slug":"david-vill-delta-i-samhallsrorelsen","status":"publish","type":"news-article","link":"https:\/\/www.abf.se\/ostergotland\/nyheter\/david-vill-delta-i-samhallsrorelsen\/","title":{"rendered":"David vill delta i samh\u00e4llsr\u00f6relsen"},"content":{"rendered":"<div\n    class=\"acf-article-text-block article-container my-12\"\n    data-block=\"article-text-block\"\n>\n    <div class=\"wysiwyg\">\n        <p>2015 kom arkitekten David Malki till Sverige tillsammans med sin fru och sina tv\u00e5 barn. De hade l\u00e4mnat sitt liv i Syrien f\u00f6r att undkomma kriget.<\/p>\n<p>I Sverige ser David betydligt st\u00f6rre m\u00f6jligheter att engagera sig i samh\u00e4llsfr\u00e5gor och att vara med och p\u00e5verka.<br \/>\n\u2013 I Syrien, eller faktiskt i hela mellan\u00f6stern, finns det inte demokrati i den meningen. Det \u00e4r v\u00e4ldigt l\u00e5gt i tak s\u00e5 man v\u00e5gar inte s\u00e4ga vad man tycker, s\u00e4ger han.<\/p>\n<p>D\u00e5 syftar han inte p\u00e5 politiska val utan p\u00e5 att det \u00e4r sv\u00e5rt att f\u00e5 folk att delta i den demokratiska processen. Han menar ocks\u00e5 att det ofta h\u00e5ller i sig n\u00e4r man kommer till Sverige eftersom vanan att engagera sig aldrig funnits.<\/p>\n<p>Egentligen tycker han inte om att dela upp m\u00e4nniskor i invandrare och svenskar, men som invandrare \u00e4r det l\u00e4ttare f\u00f6r honom att se saker ur det perspektivet. Han upplever att m\u00e5nga som kommer hit \u2013 precis som m\u00e5nga svenskar \u2013 ser sig som individer i st\u00e4llet f\u00f6r som en grupp.<\/p>\n<p>\u2013 De t\u00e4nker f\u00f6r mycket p\u00e5 vad de vill och vad de kan f\u00e5, och f\u00f6r lite p\u00e5 vad de kan g\u00f6ra f\u00f6r att f\u00e5 som de vill och hur de sj\u00e4lva kan bidra. I min v\u00e4rld kan man inte klaga om man inte g\u00f6r n\u00e5got, s\u00e4ger David.<\/p>\n<p><b>Vad g\u00f6r du sj\u00e4lv f\u00f6r att p\u00e5verka?<br \/>\n<\/b>\u2013 Portalen i Hageby har jag f\u00e5tt chansen att jobba med sociala fr\u00e5gor \u2013 vilka sv\u00e5righeter har vi?, \u00a0hur kan vi l\u00f6sa dem? och s\u00e5 vidare. Att delta i samh\u00e4llsr\u00f6relsen kan hj\u00e4lpa till med integrationen och minska klyftorna i samh\u00e4llet ocks\u00e5, s\u00e4ger han.<\/p>\n<p><b>Nina Broman<\/b><\/p>\n\n    <\/div>\n<\/div>\n","protected":false},"featured_media":0,"parent":0,"menu_order":0,"template":"","categories":[],"class_list":["post-892","news-article","type-news-article","status-publish","hentry"],"acf":[],"yoast_head":"<!-- This site is optimized with the Yoast SEO plugin v27.0 - https:\/\/yoast.com\/product\/yoast-seo-wordpress\/ -->\n<title>David vill delta i samh\u00e4llsr\u00f6relsen - \u00d6sterg\u00f6tland<\/title>\n<meta name=\"robots\" content=\"index, follow, max-snippet:-1, max-image-preview:large, max-video-preview:-1\" \/>\n<link rel=\"canonical\" href=\"https:\/\/www.abf.se\/ostergotland\/nyheter\/david-vill-delta-i-samhallsrorelsen\/\" \/>\n<meta property=\"og:locale\" content=\"sv_SE\" \/>\n<meta property=\"og:type\" content=\"article\" \/>\n<meta property=\"og:title\" content=\"David vill delta i samh\u00e4llsr\u00f6relsen - \u00d6sterg\u00f6tland\" \/>\n<meta property=\"og:url\" content=\"https:\/\/www.abf.se\/ostergotland\/nyheter\/david-vill-delta-i-samhallsrorelsen\/\" \/>\n<meta property=\"og:site_name\" content=\"\u00d6sterg\u00f6tland\" \/>\n<meta property=\"article:modified_time\" content=\"2024-04-23T14:00:25+00:00\" \/>\n<meta property=\"og:image\" content=\"https:\/\/www.abf.se\/wp-content\/uploads\/sites\/64\/2024\/04\/Nyckeln-liggande-scaled.jpg\" \/>\n\t<meta property=\"og:image:width\" content=\"2560\" \/>\n\t<meta property=\"og:image:height\" content=\"1440\" \/>\n\t<meta property=\"og:image:type\" content=\"image\/jpeg\" \/>\n<meta name=\"twitter:card\" content=\"summary_large_image\" \/>\n<script type=\"application\/ld+json\" class=\"yoast-schema-graph\">{\"@context\":\"https:\/\/schema.org\",\"@graph\":[{\"@type\":\"WebPage\",\"@id\":\"https:\/\/www.abf.se\/ostergotland\/nyheter\/david-vill-delta-i-samhallsrorelsen\/\",\"url\":\"https:\/\/www.abf.se\/ostergotland\/nyheter\/david-vill-delta-i-samhallsrorelsen\/\",\"name\":\"David vill delta i samh\u00e4llsr\u00f6relsen - \u00d6sterg\u00f6tland\",\"isPartOf\":{\"@id\":\"https:\/\/www.abf.se\/ostergotland\/#website\"},\"datePublished\":\"2021-10-07T13:58:00+00:00\",\"dateModified\":\"2024-04-23T14:00:25+00:00\",\"breadcrumb\":{\"@id\":\"https:\/\/www.abf.se\/ostergotland\/nyheter\/david-vill-delta-i-samhallsrorelsen\/#breadcrumb\"},\"inLanguage\":\"sv-SE\",\"potentialAction\":[{\"@type\":\"ReadAction\",\"target\":[\"https:\/\/www.abf.se\/ostergotland\/nyheter\/david-vill-delta-i-samhallsrorelsen\/\"]}]},{\"@type\":\"BreadcrumbList\",\"@id\":\"https:\/\/www.abf.se\/ostergotland\/nyheter\/david-vill-delta-i-samhallsrorelsen\/#breadcrumb\",\"itemListElement\":[{\"@type\":\"ListItem\",\"position\":1,\"name\":\"Home\",\"item\":\"https:\/\/www.abf.se\/ostergotland\/\"},{\"@type\":\"ListItem\",\"position\":2,\"name\":\"Nyheter\",\"item\":\"https:\/\/www.abf.se\/ostergotland\/nyheter\/\"},{\"@type\":\"ListItem\",\"position\":3,\"name\":\"David vill delta i samh\u00e4llsr\u00f6relsen\"}]},{\"@type\":\"WebSite\",\"@id\":\"https:\/\/www.abf.se\/ostergotland\/#website\",\"url\":\"https:\/\/www.abf.se\/ostergotland\/\",\"name\":\"\u00d6sterg\u00f6tland\",\"description\":\"\",\"potentialAction\":[{\"@type\":\"SearchAction\",\"target\":{\"@type\":\"EntryPoint\",\"urlTemplate\":\"https:\/\/www.abf.se\/ostergotland\/?s={search_term_string}\"},\"query-input\":{\"@type\":\"PropertyValueSpecification\",\"valueRequired\":true,\"valueName\":\"search_term_string\"}}],\"inLanguage\":\"sv-SE\"}]}<\/script>\n<!-- \/ Yoast SEO plugin. -->","yoast_head_json":{"title":"David vill delta i samh\u00e4llsr\u00f6relsen - \u00d6sterg\u00f6tland","robots":{"index":"index","follow":"follow","max-snippet":"max-snippet:-1","max-image-preview":"max-image-preview:large","max-video-preview":"max-video-preview:-1"},"canonical":"https:\/\/www.abf.se\/ostergotland\/nyheter\/david-vill-delta-i-samhallsrorelsen\/","og_locale":"sv_SE","og_type":"article","og_title":"David vill delta i samh\u00e4llsr\u00f6relsen - \u00d6sterg\u00f6tland","og_url":"https:\/\/www.abf.se\/ostergotland\/nyheter\/david-vill-delta-i-samhallsrorelsen\/","og_site_name":"\u00d6sterg\u00f6tland","article_modified_time":"2024-04-23T14:00:25+00:00","og_image":[{"width":2560,"height":1440,"url":"https:\/\/www.abf.se\/wp-content\/uploads\/sites\/64\/2024\/04\/Nyckeln-liggande-scaled.jpg","type":"image\/jpeg"}],"twitter_card":"summary_large_image","schema":{"@context":"https:\/\/schema.org","@graph":[{"@type":"WebPage","@id":"https:\/\/www.abf.se\/ostergotland\/nyheter\/david-vill-delta-i-samhallsrorelsen\/","url":"https:\/\/www.abf.se\/ostergotland\/nyheter\/david-vill-delta-i-samhallsrorelsen\/","name":"David vill delta i samh\u00e4llsr\u00f6relsen - \u00d6sterg\u00f6tland","isPartOf":{"@id":"https:\/\/www.abf.se\/ostergotland\/#website"},"datePublished":"2021-10-07T13:58:00+00:00","dateModified":"2024-04-23T14:00:25+00:00","breadcrumb":{"@id":"https:\/\/www.abf.se\/ostergotland\/nyheter\/david-vill-delta-i-samhallsrorelsen\/#breadcrumb"},"inLanguage":"sv-SE","potentialAction":[{"@type":"ReadAction","target":["https:\/\/www.abf.se\/ostergotland\/nyheter\/david-vill-delta-i-samhallsrorelsen\/"]}]},{"@type":"BreadcrumbList","@id":"https:\/\/www.abf.se\/ostergotland\/nyheter\/david-vill-delta-i-samhallsrorelsen\/#breadcrumb","itemListElement":[{"@type":"ListItem","position":1,"name":"Home","item":"https:\/\/www.abf.se\/ostergotland\/"},{"@type":"ListItem","position":2,"name":"Nyheter","item":"https:\/\/www.abf.se\/ostergotland\/nyheter\/"},{"@type":"ListItem","position":3,"name":"David vill delta i samh\u00e4llsr\u00f6relsen"}]},{"@type":"WebSite","@id":"https:\/\/www.abf.se\/ostergotland\/#website","url":"https:\/\/www.abf.se\/ostergotland\/","name":"\u00d6sterg\u00f6tland","description":"","potentialAction":[{"@type":"SearchAction","target":{"@type":"EntryPoint","urlTemplate":"https:\/\/www.abf.se\/ostergotland\/?s={search_term_string}"},"query-input":{"@type":"PropertyValueSpecification","valueRequired":true,"valueName":"search_term_string"}}],"inLanguage":"sv-SE"}]}},"_links":{"self":[{"href":"https:\/\/www.abf.se\/ostergotland\/wp-json\/wp\/v2\/news-article\/892","targetHints":{"allow":["GET"]}}],"collection":[{"href":"https:\/\/www.abf.se\/ostergotland\/wp-json\/wp\/v2\/news-article"}],"about":[{"href":"https:\/\/www.abf.se\/ostergotland\/wp-json\/wp\/v2\/types\/news-article"}],"wp:attachment":[{"href":"https:\/\/www.abf.se\/ostergotland\/wp-json\/wp\/v2\/media?parent=892"}],"wp:term":[{"taxonomy":"category","embeddable":true,"href":"https:\/\/www.abf.se\/ostergotland\/wp-json\/wp\/v2\/categories?post=892"}],"curies":[{"name":"wp","href":"https:\/\/api.w.org\/{rel}","templated":true}]}}