{"id":898,"date":"2022-04-12T16:03:00","date_gmt":"2022-04-12T14:03:00","guid":{"rendered":"https:\/\/www.abf.se\/ostergotland\/?post_type=news-article&#038;p=898"},"modified":"2024-04-23T16:06:45","modified_gmt":"2024-04-23T14:06:45","slug":"elena-vill-skapa-fler-motesplatser","status":"publish","type":"news-article","link":"https:\/\/www.abf.se\/ostergotland\/nyheter\/elena-vill-skapa-fler-motesplatser\/","title":{"rendered":"Elena vill skapa fler m\u00f6tesplatser"},"content":{"rendered":"<div\n    class=\"acf-article-text-block article-container my-12\"\n    data-block=\"article-text-block\"\n>\n    <div class=\"wysiwyg\">\n        <p>I maj startade ABF projektet, som finansieras med pengar fr\u00e5n Delmos (Delegationen mot segregation). Projektet omfattar hela Norrk\u00f6ping men utg\u00e5r fr\u00e5n Portalens verksamhet i Hageby och Navestad, d\u00e4r klyftan i relation till mer resursstarka stadsdelar \u00f6kat de senaste \u00e5ren.<\/p>\n<p>Elena Jumrukovska, som anst\u00e4lldes som projektledare i augusti, ser ett stort behov av kunskaper om hur man som individ kan vara med och p\u00e5verka.<br \/>\n\u2013 Det finns m\u00f6jlighet att g\u00f6ra sin r\u00f6st h\u00f6rd p\u00e5 olika s\u00e4tt, till exempel genom ett medborgarf\u00f6rslag eller att l\u00e4mna synpunkter till kommunen \u2013 b\u00e5de kritik och ber\u00f6m. Jag tror att det \u00e4r m\u00e5nga som inte vet om det, s\u00e4ger hon.<\/p>\n<p>Med f\u00f6rel\u00e4sningar och workshops, och genom att samarbeta med f\u00f6reningar hoppas Elena att projektet ska ge deltagarna r\u00e4tt verktyg s\u00e5 att de kan vara med och skapa f\u00f6r\u00e4ndring, b\u00e5de i Portalens verksamhet och i samh\u00e4llet i stort. Ett annat m\u00e5l \u00e4r att \u00f6ka valdeltagandet och f\u00e5 fler att f\u00f6rst\u00e5 vad det inneb\u00e4r att ha r\u00f6str\u00e4tt.<\/p>\n<p>Hon t\u00e4nker att det numera \u00e4r l\u00e4tt att koppla ordet segregation till kriminalitet, fast det egentligen kan handla om att m\u00e4nniskor inte m\u00f6ts i tillr\u00e4cklig utstr\u00e4ckning. Said Zarwal, som \u00e4r deltidsanst\u00e4lld i projektet, har bland annat skapat en drop in-m\u00f6tesplats i Ringdansen. Den \u00e4r \u00f6ppen en dag i veckan och dit kommer m\u00e4nniskor fr\u00e5n olika omr\u00e5den och med blandad bakgrund.<br \/>\n\u2013 Sverige \u00e4r ett land d\u00e4r det \u00e4r sv\u00e5rt att skaffa v\u00e4nner, s\u00e5 den typen av m\u00f6tesplatser beh\u00f6vs, s\u00e4ger Elena.<\/p>\n<p>People take action drivs i samarbete med Norrk\u00f6pings kommun, Marieborgs folkh\u00f6gskola, Svenska Kyrkan och Hyresbost\u00e4der. Tanken var att projektet skulle p\u00e5g\u00e5 i tv\u00e5 \u00e5r, men strax f\u00f6re jul kom beskedet att Delmos ska avveckla sin verksamhet under 2022. Detta inneb\u00e4r att sj\u00e4lva projektet People take action avslutas efter ett \u00e5r, men en del av det som byggts upp kommer att ing\u00e5 i Portalens ordinarie verksamhet.<\/p>\n<p><strong>Nina Broman<\/strong><\/p>\n\n    <\/div>\n<\/div>\n","protected":false},"featured_media":0,"parent":0,"menu_order":0,"template":"","categories":[],"class_list":["post-898","news-article","type-news-article","status-publish","hentry"],"acf":[],"yoast_head":"<!-- This site is optimized with the Yoast SEO plugin v27.0 - https:\/\/yoast.com\/product\/yoast-seo-wordpress\/ -->\n<title>Elena vill skapa fler m\u00f6tesplatser - \u00d6sterg\u00f6tland<\/title>\n<meta name=\"robots\" content=\"index, follow, max-snippet:-1, max-image-preview:large, max-video-preview:-1\" \/>\n<link rel=\"canonical\" href=\"https:\/\/www.abf.se\/ostergotland\/nyheter\/elena-vill-skapa-fler-motesplatser\/\" \/>\n<meta property=\"og:locale\" content=\"sv_SE\" \/>\n<meta property=\"og:type\" content=\"article\" \/>\n<meta property=\"og:title\" content=\"Elena vill skapa fler m\u00f6tesplatser - \u00d6sterg\u00f6tland\" \/>\n<meta property=\"og:url\" content=\"https:\/\/www.abf.se\/ostergotland\/nyheter\/elena-vill-skapa-fler-motesplatser\/\" \/>\n<meta property=\"og:site_name\" content=\"\u00d6sterg\u00f6tland\" \/>\n<meta property=\"article:modified_time\" content=\"2024-04-23T14:06:45+00:00\" \/>\n<meta property=\"og:image\" content=\"https:\/\/www.abf.se\/wp-content\/uploads\/sites\/64\/2024\/04\/Nyckeln-liggande-scaled.jpg\" \/>\n\t<meta property=\"og:image:width\" content=\"2560\" \/>\n\t<meta property=\"og:image:height\" content=\"1440\" \/>\n\t<meta property=\"og:image:type\" content=\"image\/jpeg\" \/>\n<meta name=\"twitter:card\" content=\"summary_large_image\" \/>\n<script type=\"application\/ld+json\" class=\"yoast-schema-graph\">{\"@context\":\"https:\/\/schema.org\",\"@graph\":[{\"@type\":\"WebPage\",\"@id\":\"https:\/\/www.abf.se\/ostergotland\/nyheter\/elena-vill-skapa-fler-motesplatser\/\",\"url\":\"https:\/\/www.abf.se\/ostergotland\/nyheter\/elena-vill-skapa-fler-motesplatser\/\",\"name\":\"Elena vill skapa fler m\u00f6tesplatser - \u00d6sterg\u00f6tland\",\"isPartOf\":{\"@id\":\"https:\/\/www.abf.se\/ostergotland\/#website\"},\"datePublished\":\"2022-04-12T14:03:00+00:00\",\"dateModified\":\"2024-04-23T14:06:45+00:00\",\"breadcrumb\":{\"@id\":\"https:\/\/www.abf.se\/ostergotland\/nyheter\/elena-vill-skapa-fler-motesplatser\/#breadcrumb\"},\"inLanguage\":\"sv-SE\",\"potentialAction\":[{\"@type\":\"ReadAction\",\"target\":[\"https:\/\/www.abf.se\/ostergotland\/nyheter\/elena-vill-skapa-fler-motesplatser\/\"]}]},{\"@type\":\"BreadcrumbList\",\"@id\":\"https:\/\/www.abf.se\/ostergotland\/nyheter\/elena-vill-skapa-fler-motesplatser\/#breadcrumb\",\"itemListElement\":[{\"@type\":\"ListItem\",\"position\":1,\"name\":\"Home\",\"item\":\"https:\/\/www.abf.se\/ostergotland\/\"},{\"@type\":\"ListItem\",\"position\":2,\"name\":\"Nyheter\",\"item\":\"https:\/\/www.abf.se\/ostergotland\/nyheter\/\"},{\"@type\":\"ListItem\",\"position\":3,\"name\":\"Elena vill skapa fler m\u00f6tesplatser\"}]},{\"@type\":\"WebSite\",\"@id\":\"https:\/\/www.abf.se\/ostergotland\/#website\",\"url\":\"https:\/\/www.abf.se\/ostergotland\/\",\"name\":\"\u00d6sterg\u00f6tland\",\"description\":\"\",\"potentialAction\":[{\"@type\":\"SearchAction\",\"target\":{\"@type\":\"EntryPoint\",\"urlTemplate\":\"https:\/\/www.abf.se\/ostergotland\/?s={search_term_string}\"},\"query-input\":{\"@type\":\"PropertyValueSpecification\",\"valueRequired\":true,\"valueName\":\"search_term_string\"}}],\"inLanguage\":\"sv-SE\"}]}<\/script>\n<!-- \/ Yoast SEO plugin. -->","yoast_head_json":{"title":"Elena vill skapa fler m\u00f6tesplatser - \u00d6sterg\u00f6tland","robots":{"index":"index","follow":"follow","max-snippet":"max-snippet:-1","max-image-preview":"max-image-preview:large","max-video-preview":"max-video-preview:-1"},"canonical":"https:\/\/www.abf.se\/ostergotland\/nyheter\/elena-vill-skapa-fler-motesplatser\/","og_locale":"sv_SE","og_type":"article","og_title":"Elena vill skapa fler m\u00f6tesplatser - \u00d6sterg\u00f6tland","og_url":"https:\/\/www.abf.se\/ostergotland\/nyheter\/elena-vill-skapa-fler-motesplatser\/","og_site_name":"\u00d6sterg\u00f6tland","article_modified_time":"2024-04-23T14:06:45+00:00","og_image":[{"width":2560,"height":1440,"url":"https:\/\/www.abf.se\/wp-content\/uploads\/sites\/64\/2024\/04\/Nyckeln-liggande-scaled.jpg","type":"image\/jpeg"}],"twitter_card":"summary_large_image","schema":{"@context":"https:\/\/schema.org","@graph":[{"@type":"WebPage","@id":"https:\/\/www.abf.se\/ostergotland\/nyheter\/elena-vill-skapa-fler-motesplatser\/","url":"https:\/\/www.abf.se\/ostergotland\/nyheter\/elena-vill-skapa-fler-motesplatser\/","name":"Elena vill skapa fler m\u00f6tesplatser - \u00d6sterg\u00f6tland","isPartOf":{"@id":"https:\/\/www.abf.se\/ostergotland\/#website"},"datePublished":"2022-04-12T14:03:00+00:00","dateModified":"2024-04-23T14:06:45+00:00","breadcrumb":{"@id":"https:\/\/www.abf.se\/ostergotland\/nyheter\/elena-vill-skapa-fler-motesplatser\/#breadcrumb"},"inLanguage":"sv-SE","potentialAction":[{"@type":"ReadAction","target":["https:\/\/www.abf.se\/ostergotland\/nyheter\/elena-vill-skapa-fler-motesplatser\/"]}]},{"@type":"BreadcrumbList","@id":"https:\/\/www.abf.se\/ostergotland\/nyheter\/elena-vill-skapa-fler-motesplatser\/#breadcrumb","itemListElement":[{"@type":"ListItem","position":1,"name":"Home","item":"https:\/\/www.abf.se\/ostergotland\/"},{"@type":"ListItem","position":2,"name":"Nyheter","item":"https:\/\/www.abf.se\/ostergotland\/nyheter\/"},{"@type":"ListItem","position":3,"name":"Elena vill skapa fler m\u00f6tesplatser"}]},{"@type":"WebSite","@id":"https:\/\/www.abf.se\/ostergotland\/#website","url":"https:\/\/www.abf.se\/ostergotland\/","name":"\u00d6sterg\u00f6tland","description":"","potentialAction":[{"@type":"SearchAction","target":{"@type":"EntryPoint","urlTemplate":"https:\/\/www.abf.se\/ostergotland\/?s={search_term_string}"},"query-input":{"@type":"PropertyValueSpecification","valueRequired":true,"valueName":"search_term_string"}}],"inLanguage":"sv-SE"}]}},"_links":{"self":[{"href":"https:\/\/www.abf.se\/ostergotland\/wp-json\/wp\/v2\/news-article\/898","targetHints":{"allow":["GET"]}}],"collection":[{"href":"https:\/\/www.abf.se\/ostergotland\/wp-json\/wp\/v2\/news-article"}],"about":[{"href":"https:\/\/www.abf.se\/ostergotland\/wp-json\/wp\/v2\/types\/news-article"}],"wp:attachment":[{"href":"https:\/\/www.abf.se\/ostergotland\/wp-json\/wp\/v2\/media?parent=898"}],"wp:term":[{"taxonomy":"category","embeddable":true,"href":"https:\/\/www.abf.se\/ostergotland\/wp-json\/wp\/v2\/categories?post=898"}],"curies":[{"name":"wp","href":"https:\/\/api.w.org\/{rel}","templated":true}]}}