{"id":901,"date":"2022-04-12T16:07:00","date_gmt":"2022-04-12T14:07:00","guid":{"rendered":"https:\/\/www.abf.se\/ostergotland\/?post_type=news-article&#038;p=901"},"modified":"2024-04-23T16:10:48","modified_gmt":"2024-04-23T14:10:48","slug":"det-kanns-fantastiskt","status":"publish","type":"news-article","link":"https:\/\/www.abf.se\/ostergotland\/nyheter\/det-kanns-fantastiskt\/","title":{"rendered":"\u201dDet k\u00e4nns fantastiskt\u201d"},"content":{"rendered":"<div\n    class=\"acf-article-text-block article-container my-12\"\n    data-block=\"article-text-block\"\n>\n    <div class=\"wysiwyg\">\n        <p class=\"BrdtextCharter12\">\u2013 I b\u00f6rjan av \u00e5ret var det lite stiltje, men fram\u00e5t maj k\u00f6rde vi ig\u00e5ng ganska rej\u00e4lt, s\u00e4ger\u00a0Camilla Linusson som \u00e4r ordf\u00f6rande.<\/p>\n<p class=\"BrdtextCharter12\">Det blev fem teaterf\u00f6rest\u00e4llningar av \u201dMed tapper hand\u201d som handlade om Ellen Key. Den f\u00f6ljdes av flera evenemang som uppm\u00e4rksammade att det var hundra \u00e5r sedan kvinnor fick r\u00f6str\u00e4tt, som f\u00f6rel\u00e4sningar med journalisten och f\u00f6rfattaren Ulrika Knutson och med Kalle B\u00e4ck, f\u00f6rfattare och professor i historia, samt en kulturhelg p\u00e5 temat demokrati och yttrandefrihet.<\/p>\n<p class=\"BrdtextCharter12\">Det har blivit m\u00e5nga utomhusaktiviteter ocks\u00e5, som kulturscener med musik och poesi och en konstmanifestation i hamnen d\u00e4r b\u00e5de vuxna och barn m\u00e5lade tillsammans.<br \/>\n\u2013 N\u00e4r pandemin kom best\u00e4mde vi oss f\u00f6r att vi ville forts\u00e4tta att synas. Syns man inte s\u00e5 finns man inte, man gl\u00f6ms bort. Men vi gjorde det ocks\u00e5 f\u00f6r gemenskapen, f\u00f6r att forts\u00e4tta vara en m\u00f6tesplats f\u00f6r alla som bor h\u00e4r.<\/p>\n<p class=\"BrdtextCharter12\">De startade ocks\u00e5 Byalagshj\u00e4lpen som erbjuder hj\u00e4lp med att handla och liknande, till de som beh\u00f6ver. F\u00f6reningen har f\u00e5tt 130 nya medlemmar under \u00e5ret, vilket inneb\u00e4r mer \u00e4n en f\u00f6rdubbling sedan 2020.<\/p>\n<p class=\"BrdtextCharter12\">\u2013 Alla vill v\u00e4l \u00e5ka med det vinnande t\u00e5get, s\u00e4ger Camilla och skrattar.<\/p>\n<p class=\"BrdtextCharter12\">Hon syftar p\u00e5 att de i h\u00f6stas uts\u00e5gs till \u00c5rets bygdeg\u00e5rd av Bygdeg\u00e5rdarnas riksf\u00f6rbund.<br \/>\n\u2013 Det k\u00e4nns helt fantastiskt. Vilken \u00e4ra att bli utsedd bland 1 444 bygdeg\u00e5rdar, j\u00e4ttestort. Det var mycket f\u00f6r v\u00e5rt s\u00e4tt att hantera pandemin, men \u00e4ven f\u00f6r att vi har en n\u00e4ra relation till politikerna och f\u00e5r igenom m\u00e5nga av v\u00e5ra id\u00e9er. Det k\u00e4nns som att kommunen uppskattar oss, \u00e4ven om vi \u00e4r lite jobbiga ibland.<\/p>\n<p class=\"BrdtextCharter12\">N\u00e4sta projekt \u00e4r att r\u00e4dda Hamnstugan, d\u00e4r fyrvaktaren bodde f\u00f6rr i tiden, fr\u00e5n att s\u00e4ljas ut och bli privatbostad. Bygdeg\u00e5rden vill att den i st\u00e4llet ska bli till ett kulturhus d\u00e4r de kan ha utst\u00e4llningar med mera och i somras ordnade de alls\u00e5ngscaf\u00e9 vid stugan vid ett par tillf\u00e4llen.<\/p>\n<p class=\"BrdtextCharter12\">ABF trycker bygdeg\u00e5rdens egen tidning Hestholmabladet, som kommer ut fyra g\u00e5nger om \u00e5ret och delas ut till alla H\u00e4stholmens 240 hush\u00e5ll. Camilla \u00e4r involverad i den ocks\u00e5, bland annat som skrivande reporter.<\/p>\n<p class=\"Faktautanlinje\"><strong>Vad \u00e4r det som driver dig?<\/strong><br \/>\n\u2013 Det har jag undrat m\u00e5nga g\u00e5nger. Jag har v\u00e4l n\u00e5gon diagnos, haha. N\u00e4r andra g\u00e5r p\u00e5 party p\u00e5 l\u00f6rdagskv\u00e4llarna sitter jag hemma och grejar med planering och marknadsf\u00f6ring. Jag tycker det \u00e4r j\u00e4tteroligt.<\/p>\n<p class=\"BrdtextCharter12\">\n<strong>Nina Broman<\/strong><\/p>\n\n    <\/div>\n<\/div>\n","protected":false},"featured_media":0,"parent":0,"menu_order":0,"template":"","categories":[],"class_list":["post-901","news-article","type-news-article","status-publish","hentry"],"acf":[],"yoast_head":"<!-- This site is optimized with the Yoast SEO plugin v27.0 - https:\/\/yoast.com\/product\/yoast-seo-wordpress\/ -->\n<title>\u201dDet k\u00e4nns fantastiskt\u201d - \u00d6sterg\u00f6tland<\/title>\n<meta name=\"robots\" content=\"index, follow, max-snippet:-1, max-image-preview:large, max-video-preview:-1\" \/>\n<link rel=\"canonical\" href=\"https:\/\/www.abf.se\/ostergotland\/nyheter\/det-kanns-fantastiskt\/\" \/>\n<meta property=\"og:locale\" content=\"sv_SE\" \/>\n<meta property=\"og:type\" content=\"article\" \/>\n<meta property=\"og:title\" content=\"\u201dDet k\u00e4nns fantastiskt\u201d - \u00d6sterg\u00f6tland\" \/>\n<meta property=\"og:url\" content=\"https:\/\/www.abf.se\/ostergotland\/nyheter\/det-kanns-fantastiskt\/\" \/>\n<meta property=\"og:site_name\" content=\"\u00d6sterg\u00f6tland\" \/>\n<meta property=\"article:modified_time\" content=\"2024-04-23T14:10:48+00:00\" \/>\n<meta property=\"og:image\" content=\"https:\/\/www.abf.se\/wp-content\/uploads\/sites\/64\/2024\/04\/Nyckeln-liggande-scaled.jpg\" \/>\n\t<meta property=\"og:image:width\" content=\"2560\" \/>\n\t<meta property=\"og:image:height\" content=\"1440\" \/>\n\t<meta property=\"og:image:type\" content=\"image\/jpeg\" \/>\n<meta name=\"twitter:card\" content=\"summary_large_image\" \/>\n<script type=\"application\/ld+json\" class=\"yoast-schema-graph\">{\"@context\":\"https:\/\/schema.org\",\"@graph\":[{\"@type\":\"WebPage\",\"@id\":\"https:\/\/www.abf.se\/ostergotland\/nyheter\/det-kanns-fantastiskt\/\",\"url\":\"https:\/\/www.abf.se\/ostergotland\/nyheter\/det-kanns-fantastiskt\/\",\"name\":\"\u201dDet k\u00e4nns fantastiskt\u201d - \u00d6sterg\u00f6tland\",\"isPartOf\":{\"@id\":\"https:\/\/www.abf.se\/ostergotland\/#website\"},\"datePublished\":\"2022-04-12T14:07:00+00:00\",\"dateModified\":\"2024-04-23T14:10:48+00:00\",\"breadcrumb\":{\"@id\":\"https:\/\/www.abf.se\/ostergotland\/nyheter\/det-kanns-fantastiskt\/#breadcrumb\"},\"inLanguage\":\"sv-SE\",\"potentialAction\":[{\"@type\":\"ReadAction\",\"target\":[\"https:\/\/www.abf.se\/ostergotland\/nyheter\/det-kanns-fantastiskt\/\"]}]},{\"@type\":\"BreadcrumbList\",\"@id\":\"https:\/\/www.abf.se\/ostergotland\/nyheter\/det-kanns-fantastiskt\/#breadcrumb\",\"itemListElement\":[{\"@type\":\"ListItem\",\"position\":1,\"name\":\"Home\",\"item\":\"https:\/\/www.abf.se\/ostergotland\/\"},{\"@type\":\"ListItem\",\"position\":2,\"name\":\"Nyheter\",\"item\":\"https:\/\/www.abf.se\/ostergotland\/nyheter\/\"},{\"@type\":\"ListItem\",\"position\":3,\"name\":\"\u201dDet k\u00e4nns fantastiskt\u201d\"}]},{\"@type\":\"WebSite\",\"@id\":\"https:\/\/www.abf.se\/ostergotland\/#website\",\"url\":\"https:\/\/www.abf.se\/ostergotland\/\",\"name\":\"\u00d6sterg\u00f6tland\",\"description\":\"\",\"potentialAction\":[{\"@type\":\"SearchAction\",\"target\":{\"@type\":\"EntryPoint\",\"urlTemplate\":\"https:\/\/www.abf.se\/ostergotland\/?s={search_term_string}\"},\"query-input\":{\"@type\":\"PropertyValueSpecification\",\"valueRequired\":true,\"valueName\":\"search_term_string\"}}],\"inLanguage\":\"sv-SE\"}]}<\/script>\n<!-- \/ Yoast SEO plugin. -->","yoast_head_json":{"title":"\u201dDet k\u00e4nns fantastiskt\u201d - \u00d6sterg\u00f6tland","robots":{"index":"index","follow":"follow","max-snippet":"max-snippet:-1","max-image-preview":"max-image-preview:large","max-video-preview":"max-video-preview:-1"},"canonical":"https:\/\/www.abf.se\/ostergotland\/nyheter\/det-kanns-fantastiskt\/","og_locale":"sv_SE","og_type":"article","og_title":"\u201dDet k\u00e4nns fantastiskt\u201d - \u00d6sterg\u00f6tland","og_url":"https:\/\/www.abf.se\/ostergotland\/nyheter\/det-kanns-fantastiskt\/","og_site_name":"\u00d6sterg\u00f6tland","article_modified_time":"2024-04-23T14:10:48+00:00","og_image":[{"width":2560,"height":1440,"url":"https:\/\/www.abf.se\/wp-content\/uploads\/sites\/64\/2024\/04\/Nyckeln-liggande-scaled.jpg","type":"image\/jpeg"}],"twitter_card":"summary_large_image","schema":{"@context":"https:\/\/schema.org","@graph":[{"@type":"WebPage","@id":"https:\/\/www.abf.se\/ostergotland\/nyheter\/det-kanns-fantastiskt\/","url":"https:\/\/www.abf.se\/ostergotland\/nyheter\/det-kanns-fantastiskt\/","name":"\u201dDet k\u00e4nns fantastiskt\u201d - \u00d6sterg\u00f6tland","isPartOf":{"@id":"https:\/\/www.abf.se\/ostergotland\/#website"},"datePublished":"2022-04-12T14:07:00+00:00","dateModified":"2024-04-23T14:10:48+00:00","breadcrumb":{"@id":"https:\/\/www.abf.se\/ostergotland\/nyheter\/det-kanns-fantastiskt\/#breadcrumb"},"inLanguage":"sv-SE","potentialAction":[{"@type":"ReadAction","target":["https:\/\/www.abf.se\/ostergotland\/nyheter\/det-kanns-fantastiskt\/"]}]},{"@type":"BreadcrumbList","@id":"https:\/\/www.abf.se\/ostergotland\/nyheter\/det-kanns-fantastiskt\/#breadcrumb","itemListElement":[{"@type":"ListItem","position":1,"name":"Home","item":"https:\/\/www.abf.se\/ostergotland\/"},{"@type":"ListItem","position":2,"name":"Nyheter","item":"https:\/\/www.abf.se\/ostergotland\/nyheter\/"},{"@type":"ListItem","position":3,"name":"\u201dDet k\u00e4nns fantastiskt\u201d"}]},{"@type":"WebSite","@id":"https:\/\/www.abf.se\/ostergotland\/#website","url":"https:\/\/www.abf.se\/ostergotland\/","name":"\u00d6sterg\u00f6tland","description":"","potentialAction":[{"@type":"SearchAction","target":{"@type":"EntryPoint","urlTemplate":"https:\/\/www.abf.se\/ostergotland\/?s={search_term_string}"},"query-input":{"@type":"PropertyValueSpecification","valueRequired":true,"valueName":"search_term_string"}}],"inLanguage":"sv-SE"}]}},"_links":{"self":[{"href":"https:\/\/www.abf.se\/ostergotland\/wp-json\/wp\/v2\/news-article\/901","targetHints":{"allow":["GET"]}}],"collection":[{"href":"https:\/\/www.abf.se\/ostergotland\/wp-json\/wp\/v2\/news-article"}],"about":[{"href":"https:\/\/www.abf.se\/ostergotland\/wp-json\/wp\/v2\/types\/news-article"}],"wp:attachment":[{"href":"https:\/\/www.abf.se\/ostergotland\/wp-json\/wp\/v2\/media?parent=901"}],"wp:term":[{"taxonomy":"category","embeddable":true,"href":"https:\/\/www.abf.se\/ostergotland\/wp-json\/wp\/v2\/categories?post=901"}],"curies":[{"name":"wp","href":"https:\/\/api.w.org\/{rel}","templated":true}]}}