{"id":904,"date":"2022-05-23T16:11:00","date_gmt":"2022-05-23T14:11:00","guid":{"rendered":"https:\/\/www.abf.se\/ostergotland\/?post_type=news-article&#038;p=904"},"modified":"2024-04-23T16:13:12","modified_gmt":"2024-04-23T14:13:12","slug":"ett-trevligt-skallskap","status":"publish","type":"news-article","link":"https:\/\/www.abf.se\/ostergotland\/nyheter\/ett-trevligt-skallskap\/","title":{"rendered":"Ett trevligt sk\u00e4llskap"},"content":{"rendered":"<div\n    class=\"acf-article-text-block article-container my-12\"\n    data-block=\"article-text-block\"\n>\n    <div class=\"wysiwyg\">\n        <p class=\"BrdtextCharter12\">William Karlfeldt, som \u00e4r sekreterare, leder morgonvandringar med 15-20 hund\u00e4gare som g\u00e5r promenader tillsammans med sina hundar.<br \/>\n\u2013 Det verkar som att b\u00e5de hundar och m\u00e4nniskor har roligt tillsammans, s\u00e4ger han.<\/p>\n<p class=\"BrdtextCharter12\">Viveca f\u00f6rklarar att hundarna blir allt b\u00e4ttre kompisar ju mer de l\u00e4r k\u00e4nna varandras lukter och n\u00e4r det kommer en ny hund till gruppen kan det uppst\u00e5 konflikter.<br \/>\n\u2013 D\u00e5 brukar det f\u00e5 heta Motala hundsk\u00e4llskap, s\u00e4ger WilliaSj\u00e4lv tvingades han g\u00e5 utan hund en kortare tid, d\u00e5 han f\u00f6rlorade sin \u00e4lskade Golden retriever Emma, men nu har han en ny liten tjej av samma ras hemma. F\u00f6rutom promenaderna h\u00e5ller han i en grundl\u00e4ggande kurs f\u00f6r unga och vuxna hundar. Blandningen har en bra effekt d\u00e5 de \u00e4ldre hundarna lugnar ner de yngre, som i hundarnas v\u00e4rld r\u00e4knas som ton\u00e5ringar med allt vad det inneb\u00e4r.<\/p>\n<p class=\"BrdtextCharter12\">Hunds\u00e4llskapets ordf\u00f6rande Viveca Pettersson har varit med sedan 1983. Hon h\u00e5ller i valpkurserna och har sj\u00e4lv en Bearded collie. D\u00e5 fler \u00e4n vanligt skaffat hund under pandemin finns det ett stort behov av just valpkurser nu.<br \/>\n\u2013 Jag har startat tv\u00e5 kurser parallellt och delat upp hundarna efter storlek p\u00e5 rasen, annars \u00e4r det s\u00e5 l\u00e4tt att de stora hundarna sl\u00e5r omkull de sm\u00e5 n\u00e4r de leker, s\u00e4ger hon.<\/p>\n<p class=\"BrdtextCharter12\">De m\u00e4nskliga deltagarna varierar ocks\u00e5. En del har precis skaffat sin f\u00f6rsta hund och inte vet s\u00e5 mycket \u00e4n. Andra \u00e4r erfarna hund\u00e4gare eller uppf\u00f6dare som vill tr\u00e4na med sin valp.<br \/>\n\u2013 De som \u00e4r allra b\u00e4st med hundar \u00e4r barn, \u00e4ven de som inte har en egen hund. De \u00e4r med p\u00e5 ett helt annat s\u00e4tt \u00e4n stela pension\u00e4rer, det \u00e4r fantastiskt att se, s\u00e4ger Viveca.<\/p>\n<p class=\"BrdtextCharter12\">En grupp som hunds\u00e4llskapet skulle vilja n\u00e5 i st\u00f6rre utstr\u00e4ckning \u00e4r ungdomar, men det g\u00e5r lite tr\u00f6gt med det. P\u00e5 sommaren brukar de h\u00e5lla kurser d\u00e4r barn och unga f\u00e5r m\u00f6jlighet att l\u00e5na hundar att tr\u00e4na tillsammans med. De har ocks\u00e5 kurser i rallylydnad och agility, och s\u00e5 det allra senaste inom hundsport: hoopers, d\u00e4r hunden springer genom b\u00e5gar.<\/p>\n<p class=\"BrdtextCharter12\">\u00c4ven om det \u00e4r viktigt att tr\u00e4na och l\u00e4ra sig hantera sin hund p\u00e5 ett bra s\u00e4tt s\u00e5 \u00e4r den sociala samvaron \u00e4nnu viktigare f\u00f6r m\u00e5nga av medlemmarna.<\/p>\n<p class=\"BrdtextCharter12\">\u2013 Lite \u00e4ldre hund\u00e4gare brukar tr\u00e4ffas p\u00e5 gatan och prata och umg\u00e5s och s\u00e5 g\u00f6r man s\u00e4llskap p\u00e5 sina promenader. Hunden \u00e4r den gemensamma n\u00e4mnaren, s\u00e4ger Viveca.<\/p>\n<p class=\"CitatBelizio15\"><strong>Nina Broman<\/strong><\/p>\n\n    <\/div>\n<\/div>\n","protected":false},"featured_media":0,"parent":0,"menu_order":0,"template":"","categories":[],"class_list":["post-904","news-article","type-news-article","status-publish","hentry"],"acf":[],"yoast_head":"<!-- This site is optimized with the Yoast SEO plugin v27.0 - https:\/\/yoast.com\/product\/yoast-seo-wordpress\/ -->\n<title>Ett trevligt sk\u00e4llskap - \u00d6sterg\u00f6tland<\/title>\n<meta name=\"robots\" content=\"index, follow, max-snippet:-1, max-image-preview:large, max-video-preview:-1\" \/>\n<link rel=\"canonical\" href=\"https:\/\/www.abf.se\/ostergotland\/nyheter\/ett-trevligt-skallskap\/\" \/>\n<meta property=\"og:locale\" content=\"sv_SE\" \/>\n<meta property=\"og:type\" content=\"article\" \/>\n<meta property=\"og:title\" content=\"Ett trevligt sk\u00e4llskap - \u00d6sterg\u00f6tland\" \/>\n<meta property=\"og:url\" content=\"https:\/\/www.abf.se\/ostergotland\/nyheter\/ett-trevligt-skallskap\/\" \/>\n<meta property=\"og:site_name\" content=\"\u00d6sterg\u00f6tland\" \/>\n<meta property=\"article:modified_time\" content=\"2024-04-23T14:13:12+00:00\" \/>\n<meta property=\"og:image\" content=\"https:\/\/www.abf.se\/wp-content\/uploads\/sites\/64\/2024\/04\/Nyckeln-liggande-scaled.jpg\" \/>\n\t<meta property=\"og:image:width\" content=\"2560\" \/>\n\t<meta property=\"og:image:height\" content=\"1440\" \/>\n\t<meta property=\"og:image:type\" content=\"image\/jpeg\" \/>\n<meta name=\"twitter:card\" content=\"summary_large_image\" \/>\n<script type=\"application\/ld+json\" class=\"yoast-schema-graph\">{\"@context\":\"https:\/\/schema.org\",\"@graph\":[{\"@type\":\"WebPage\",\"@id\":\"https:\/\/www.abf.se\/ostergotland\/nyheter\/ett-trevligt-skallskap\/\",\"url\":\"https:\/\/www.abf.se\/ostergotland\/nyheter\/ett-trevligt-skallskap\/\",\"name\":\"Ett trevligt sk\u00e4llskap - \u00d6sterg\u00f6tland\",\"isPartOf\":{\"@id\":\"https:\/\/www.abf.se\/ostergotland\/#website\"},\"datePublished\":\"2022-05-23T14:11:00+00:00\",\"dateModified\":\"2024-04-23T14:13:12+00:00\",\"breadcrumb\":{\"@id\":\"https:\/\/www.abf.se\/ostergotland\/nyheter\/ett-trevligt-skallskap\/#breadcrumb\"},\"inLanguage\":\"sv-SE\",\"potentialAction\":[{\"@type\":\"ReadAction\",\"target\":[\"https:\/\/www.abf.se\/ostergotland\/nyheter\/ett-trevligt-skallskap\/\"]}]},{\"@type\":\"BreadcrumbList\",\"@id\":\"https:\/\/www.abf.se\/ostergotland\/nyheter\/ett-trevligt-skallskap\/#breadcrumb\",\"itemListElement\":[{\"@type\":\"ListItem\",\"position\":1,\"name\":\"Home\",\"item\":\"https:\/\/www.abf.se\/ostergotland\/\"},{\"@type\":\"ListItem\",\"position\":2,\"name\":\"Nyheter\",\"item\":\"https:\/\/www.abf.se\/ostergotland\/nyheter\/\"},{\"@type\":\"ListItem\",\"position\":3,\"name\":\"Ett trevligt sk\u00e4llskap\"}]},{\"@type\":\"WebSite\",\"@id\":\"https:\/\/www.abf.se\/ostergotland\/#website\",\"url\":\"https:\/\/www.abf.se\/ostergotland\/\",\"name\":\"\u00d6sterg\u00f6tland\",\"description\":\"\",\"potentialAction\":[{\"@type\":\"SearchAction\",\"target\":{\"@type\":\"EntryPoint\",\"urlTemplate\":\"https:\/\/www.abf.se\/ostergotland\/?s={search_term_string}\"},\"query-input\":{\"@type\":\"PropertyValueSpecification\",\"valueRequired\":true,\"valueName\":\"search_term_string\"}}],\"inLanguage\":\"sv-SE\"}]}<\/script>\n<!-- \/ Yoast SEO plugin. -->","yoast_head_json":{"title":"Ett trevligt sk\u00e4llskap - \u00d6sterg\u00f6tland","robots":{"index":"index","follow":"follow","max-snippet":"max-snippet:-1","max-image-preview":"max-image-preview:large","max-video-preview":"max-video-preview:-1"},"canonical":"https:\/\/www.abf.se\/ostergotland\/nyheter\/ett-trevligt-skallskap\/","og_locale":"sv_SE","og_type":"article","og_title":"Ett trevligt sk\u00e4llskap - \u00d6sterg\u00f6tland","og_url":"https:\/\/www.abf.se\/ostergotland\/nyheter\/ett-trevligt-skallskap\/","og_site_name":"\u00d6sterg\u00f6tland","article_modified_time":"2024-04-23T14:13:12+00:00","og_image":[{"width":2560,"height":1440,"url":"https:\/\/www.abf.se\/wp-content\/uploads\/sites\/64\/2024\/04\/Nyckeln-liggande-scaled.jpg","type":"image\/jpeg"}],"twitter_card":"summary_large_image","schema":{"@context":"https:\/\/schema.org","@graph":[{"@type":"WebPage","@id":"https:\/\/www.abf.se\/ostergotland\/nyheter\/ett-trevligt-skallskap\/","url":"https:\/\/www.abf.se\/ostergotland\/nyheter\/ett-trevligt-skallskap\/","name":"Ett trevligt sk\u00e4llskap - \u00d6sterg\u00f6tland","isPartOf":{"@id":"https:\/\/www.abf.se\/ostergotland\/#website"},"datePublished":"2022-05-23T14:11:00+00:00","dateModified":"2024-04-23T14:13:12+00:00","breadcrumb":{"@id":"https:\/\/www.abf.se\/ostergotland\/nyheter\/ett-trevligt-skallskap\/#breadcrumb"},"inLanguage":"sv-SE","potentialAction":[{"@type":"ReadAction","target":["https:\/\/www.abf.se\/ostergotland\/nyheter\/ett-trevligt-skallskap\/"]}]},{"@type":"BreadcrumbList","@id":"https:\/\/www.abf.se\/ostergotland\/nyheter\/ett-trevligt-skallskap\/#breadcrumb","itemListElement":[{"@type":"ListItem","position":1,"name":"Home","item":"https:\/\/www.abf.se\/ostergotland\/"},{"@type":"ListItem","position":2,"name":"Nyheter","item":"https:\/\/www.abf.se\/ostergotland\/nyheter\/"},{"@type":"ListItem","position":3,"name":"Ett trevligt sk\u00e4llskap"}]},{"@type":"WebSite","@id":"https:\/\/www.abf.se\/ostergotland\/#website","url":"https:\/\/www.abf.se\/ostergotland\/","name":"\u00d6sterg\u00f6tland","description":"","potentialAction":[{"@type":"SearchAction","target":{"@type":"EntryPoint","urlTemplate":"https:\/\/www.abf.se\/ostergotland\/?s={search_term_string}"},"query-input":{"@type":"PropertyValueSpecification","valueRequired":true,"valueName":"search_term_string"}}],"inLanguage":"sv-SE"}]}},"_links":{"self":[{"href":"https:\/\/www.abf.se\/ostergotland\/wp-json\/wp\/v2\/news-article\/904","targetHints":{"allow":["GET"]}}],"collection":[{"href":"https:\/\/www.abf.se\/ostergotland\/wp-json\/wp\/v2\/news-article"}],"about":[{"href":"https:\/\/www.abf.se\/ostergotland\/wp-json\/wp\/v2\/types\/news-article"}],"wp:attachment":[{"href":"https:\/\/www.abf.se\/ostergotland\/wp-json\/wp\/v2\/media?parent=904"}],"wp:term":[{"taxonomy":"category","embeddable":true,"href":"https:\/\/www.abf.se\/ostergotland\/wp-json\/wp\/v2\/categories?post=904"}],"curies":[{"name":"wp","href":"https:\/\/api.w.org\/{rel}","templated":true}]}}