{"id":907,"date":"2022-05-23T16:13:00","date_gmt":"2022-05-23T14:13:00","guid":{"rendered":"https:\/\/www.abf.se\/ostergotland\/?post_type=news-article&#038;p=907"},"modified":"2024-04-23T16:15:52","modified_gmt":"2024-04-23T14:15:52","slug":"tim-bjorklund-ar-en-framtida-ledare","status":"publish","type":"news-article","link":"https:\/\/www.abf.se\/ostergotland\/nyheter\/tim-bjorklund-ar-en-framtida-ledare\/","title":{"rendered":"Tim Bj\u00f6rklund \u00e4r en framtida ledare"},"content":{"rendered":"<div\n    class=\"acf-article-text-block article-container my-12\"\n    data-block=\"article-text-block\"\n>\n    <div class=\"wysiwyg\">\n        <p class=\"BrdtextCharter12\">I maj f\u00f6rra \u00e5ret b\u00f6rjade andra omg\u00e5ngen av utbildningen Framtida ledare inom arbetarr\u00f6relsen \u2013 en grupp i Norrk\u00f6ping och en i Link\u00f6ping. Kursen har best\u00e5tt av b\u00e5de fysiska och digitala tr\u00e4ffar och diverse studiebes\u00f6k. Deltagarna kommer fr\u00e5n olika bakgrunder, som kommunpolitiken och facket.<br \/>\n\u2013 Det har varit givande, \u00e4ven om man k\u00e4nner till vissa moment sedan tidigare, s\u00e4ger Tim Bj\u00f6rklund, som \u00e4r en av deltagarna i Norrk\u00f6ping.<\/p>\n<p class=\"BrdtextCharter12\">\u00a0Utbildningen \u00e4r bredare \u00e4n han f\u00f6rv\u00e4ntade sig. De har l\u00e4rt sig om arbetarr\u00f6relsens r\u00f6tter, om makt, ins\u00e4ndar- och motionsskrivande och hur man h\u00e5ller ett anf\u00f6rande med mera.<\/p>\n<p class=\"BrdtextCharter12\">Tims fackliga karri\u00e4r inleddes d\u00e5 han och n\u00e5gra till p\u00e5 hans arbetsplats blev illa behandlade av arbetsgivaren. Han kontaktade f\u00f6rbundet f\u00f6r att det beh\u00f6vdes hj\u00e4lp utifr\u00e5n och n\u00e4r just den f\u00f6rhandlingen var \u00f6verst\u00f6kad fick han ganska omg\u00e5ende fr\u00e5gan om han var intresserad av ett mera l\u00e5ngsiktigt engagemang.<\/p>\n<p class=\"BrdtextCharter12\">\u2013 Jag kommer fr\u00e5n en arbetarfamilj men vi har inte pratat politik eller fackliga fr\u00e5gor hemma, s\u00e5 att jag skulle engagera mig fackligt hade jag aldrig haft en tanke p\u00e5, s\u00e4ger han.<\/p>\n<p class=\"BrdtextCharter12\">Men s\u00e5 blev det och det gick snabbt upp\u00e5t. Han blev kontaktombud mellan avdelning\u00a0och arbetsplats och nu \u00e4r han ordf\u00f6rande. N\u00e4r han hoppade p\u00e5 utbildningen Framtida ledare var det i f\u00f6rsta hand f\u00f6r att utvecklas inom facket, men politiken lockar ocks\u00e5 och inf\u00f6r valet i h\u00f6st st\u00e5r han p\u00e5 b\u00e5de kommunens och regionens lista f\u00f6r Socialdemokraterna.<\/p>\n<p class=\"Faktautanlinje\"><strong>Vad tar du med dig fr\u00e5n utbildningen?<\/strong><br \/>\n\u2013 Jag har ett helt kollegieblock med anteckningar till att b\u00f6rja med, s\u00e5 dem tar jag med mig. Och s\u00e5 har jag l\u00e4rt mig att det inte \u00e4r s\u00e5 sv\u00e5rt att engagera sig, vare sig det \u00e4r fackligt eller politiskt. V\u00e4gen \u00e4r inte s\u00e5 l\u00e5ng fr\u00e5n att knyta n\u00e4ven i fickan till att faktiskt g\u00f6ra n\u00e5got \u00e5t saken. Om du \u00e4r f\u00f6rbannad kan du inte bara f\u00f6rv\u00e4nta dig att n\u00e5gon annan ska f\u00f6r\u00e4ndra \u00e5t dig, s\u00e4ger han.<\/p>\n<p class=\"BrdtextCharter12\">Utbildningen \u00e4r ett samarbete mellan ABF, LO och Socialdemokraterna.<\/p>\n<p class=\"CitatBelizio15\"><strong>Nina Broman<\/strong><\/p>\n\n    <\/div>\n<\/div>\n","protected":false},"featured_media":0,"parent":0,"menu_order":0,"template":"","categories":[],"class_list":["post-907","news-article","type-news-article","status-publish","hentry"],"acf":[],"yoast_head":"<!-- This site is optimized with the Yoast SEO plugin v27.0 - https:\/\/yoast.com\/product\/yoast-seo-wordpress\/ -->\n<title>Tim Bj\u00f6rklund \u00e4r en framtida ledare - \u00d6sterg\u00f6tland<\/title>\n<meta name=\"robots\" content=\"index, follow, max-snippet:-1, max-image-preview:large, max-video-preview:-1\" \/>\n<link rel=\"canonical\" href=\"https:\/\/www.abf.se\/ostergotland\/nyheter\/tim-bjorklund-ar-en-framtida-ledare\/\" \/>\n<meta property=\"og:locale\" content=\"sv_SE\" \/>\n<meta property=\"og:type\" content=\"article\" \/>\n<meta property=\"og:title\" content=\"Tim Bj\u00f6rklund \u00e4r en framtida ledare - \u00d6sterg\u00f6tland\" \/>\n<meta property=\"og:url\" content=\"https:\/\/www.abf.se\/ostergotland\/nyheter\/tim-bjorklund-ar-en-framtida-ledare\/\" \/>\n<meta property=\"og:site_name\" content=\"\u00d6sterg\u00f6tland\" \/>\n<meta property=\"article:modified_time\" content=\"2024-04-23T14:15:52+00:00\" \/>\n<meta property=\"og:image\" content=\"https:\/\/www.abf.se\/wp-content\/uploads\/sites\/64\/2024\/04\/Nyckeln-liggande-scaled.jpg\" \/>\n\t<meta property=\"og:image:width\" content=\"2560\" \/>\n\t<meta property=\"og:image:height\" content=\"1440\" \/>\n\t<meta property=\"og:image:type\" content=\"image\/jpeg\" \/>\n<meta name=\"twitter:card\" content=\"summary_large_image\" \/>\n<script type=\"application\/ld+json\" class=\"yoast-schema-graph\">{\"@context\":\"https:\/\/schema.org\",\"@graph\":[{\"@type\":\"WebPage\",\"@id\":\"https:\/\/www.abf.se\/ostergotland\/nyheter\/tim-bjorklund-ar-en-framtida-ledare\/\",\"url\":\"https:\/\/www.abf.se\/ostergotland\/nyheter\/tim-bjorklund-ar-en-framtida-ledare\/\",\"name\":\"Tim Bj\u00f6rklund \u00e4r en framtida ledare - \u00d6sterg\u00f6tland\",\"isPartOf\":{\"@id\":\"https:\/\/www.abf.se\/ostergotland\/#website\"},\"datePublished\":\"2022-05-23T14:13:00+00:00\",\"dateModified\":\"2024-04-23T14:15:52+00:00\",\"breadcrumb\":{\"@id\":\"https:\/\/www.abf.se\/ostergotland\/nyheter\/tim-bjorklund-ar-en-framtida-ledare\/#breadcrumb\"},\"inLanguage\":\"sv-SE\",\"potentialAction\":[{\"@type\":\"ReadAction\",\"target\":[\"https:\/\/www.abf.se\/ostergotland\/nyheter\/tim-bjorklund-ar-en-framtida-ledare\/\"]}]},{\"@type\":\"BreadcrumbList\",\"@id\":\"https:\/\/www.abf.se\/ostergotland\/nyheter\/tim-bjorklund-ar-en-framtida-ledare\/#breadcrumb\",\"itemListElement\":[{\"@type\":\"ListItem\",\"position\":1,\"name\":\"Home\",\"item\":\"https:\/\/www.abf.se\/ostergotland\/\"},{\"@type\":\"ListItem\",\"position\":2,\"name\":\"Nyheter\",\"item\":\"https:\/\/www.abf.se\/ostergotland\/nyheter\/\"},{\"@type\":\"ListItem\",\"position\":3,\"name\":\"Tim Bj\u00f6rklund \u00e4r en framtida ledare\"}]},{\"@type\":\"WebSite\",\"@id\":\"https:\/\/www.abf.se\/ostergotland\/#website\",\"url\":\"https:\/\/www.abf.se\/ostergotland\/\",\"name\":\"\u00d6sterg\u00f6tland\",\"description\":\"\",\"potentialAction\":[{\"@type\":\"SearchAction\",\"target\":{\"@type\":\"EntryPoint\",\"urlTemplate\":\"https:\/\/www.abf.se\/ostergotland\/?s={search_term_string}\"},\"query-input\":{\"@type\":\"PropertyValueSpecification\",\"valueRequired\":true,\"valueName\":\"search_term_string\"}}],\"inLanguage\":\"sv-SE\"}]}<\/script>\n<!-- \/ Yoast SEO plugin. -->","yoast_head_json":{"title":"Tim Bj\u00f6rklund \u00e4r en framtida ledare - \u00d6sterg\u00f6tland","robots":{"index":"index","follow":"follow","max-snippet":"max-snippet:-1","max-image-preview":"max-image-preview:large","max-video-preview":"max-video-preview:-1"},"canonical":"https:\/\/www.abf.se\/ostergotland\/nyheter\/tim-bjorklund-ar-en-framtida-ledare\/","og_locale":"sv_SE","og_type":"article","og_title":"Tim Bj\u00f6rklund \u00e4r en framtida ledare - \u00d6sterg\u00f6tland","og_url":"https:\/\/www.abf.se\/ostergotland\/nyheter\/tim-bjorklund-ar-en-framtida-ledare\/","og_site_name":"\u00d6sterg\u00f6tland","article_modified_time":"2024-04-23T14:15:52+00:00","og_image":[{"width":2560,"height":1440,"url":"https:\/\/www.abf.se\/wp-content\/uploads\/sites\/64\/2024\/04\/Nyckeln-liggande-scaled.jpg","type":"image\/jpeg"}],"twitter_card":"summary_large_image","schema":{"@context":"https:\/\/schema.org","@graph":[{"@type":"WebPage","@id":"https:\/\/www.abf.se\/ostergotland\/nyheter\/tim-bjorklund-ar-en-framtida-ledare\/","url":"https:\/\/www.abf.se\/ostergotland\/nyheter\/tim-bjorklund-ar-en-framtida-ledare\/","name":"Tim Bj\u00f6rklund \u00e4r en framtida ledare - \u00d6sterg\u00f6tland","isPartOf":{"@id":"https:\/\/www.abf.se\/ostergotland\/#website"},"datePublished":"2022-05-23T14:13:00+00:00","dateModified":"2024-04-23T14:15:52+00:00","breadcrumb":{"@id":"https:\/\/www.abf.se\/ostergotland\/nyheter\/tim-bjorklund-ar-en-framtida-ledare\/#breadcrumb"},"inLanguage":"sv-SE","potentialAction":[{"@type":"ReadAction","target":["https:\/\/www.abf.se\/ostergotland\/nyheter\/tim-bjorklund-ar-en-framtida-ledare\/"]}]},{"@type":"BreadcrumbList","@id":"https:\/\/www.abf.se\/ostergotland\/nyheter\/tim-bjorklund-ar-en-framtida-ledare\/#breadcrumb","itemListElement":[{"@type":"ListItem","position":1,"name":"Home","item":"https:\/\/www.abf.se\/ostergotland\/"},{"@type":"ListItem","position":2,"name":"Nyheter","item":"https:\/\/www.abf.se\/ostergotland\/nyheter\/"},{"@type":"ListItem","position":3,"name":"Tim Bj\u00f6rklund \u00e4r en framtida ledare"}]},{"@type":"WebSite","@id":"https:\/\/www.abf.se\/ostergotland\/#website","url":"https:\/\/www.abf.se\/ostergotland\/","name":"\u00d6sterg\u00f6tland","description":"","potentialAction":[{"@type":"SearchAction","target":{"@type":"EntryPoint","urlTemplate":"https:\/\/www.abf.se\/ostergotland\/?s={search_term_string}"},"query-input":{"@type":"PropertyValueSpecification","valueRequired":true,"valueName":"search_term_string"}}],"inLanguage":"sv-SE"}]}},"_links":{"self":[{"href":"https:\/\/www.abf.se\/ostergotland\/wp-json\/wp\/v2\/news-article\/907","targetHints":{"allow":["GET"]}}],"collection":[{"href":"https:\/\/www.abf.se\/ostergotland\/wp-json\/wp\/v2\/news-article"}],"about":[{"href":"https:\/\/www.abf.se\/ostergotland\/wp-json\/wp\/v2\/types\/news-article"}],"wp:attachment":[{"href":"https:\/\/www.abf.se\/ostergotland\/wp-json\/wp\/v2\/media?parent=907"}],"wp:term":[{"taxonomy":"category","embeddable":true,"href":"https:\/\/www.abf.se\/ostergotland\/wp-json\/wp\/v2\/categories?post=907"}],"curies":[{"name":"wp","href":"https:\/\/api.w.org\/{rel}","templated":true}]}}