{"id":910,"date":"2022-05-17T16:16:00","date_gmt":"2022-05-17T14:16:00","guid":{"rendered":"https:\/\/www.abf.se\/ostergotland\/?post_type=news-article&#038;p=910"},"modified":"2024-04-23T16:19:13","modified_gmt":"2024-04-23T14:19:13","slug":"blackfisken-kampar-pa","status":"publish","type":"news-article","link":"https:\/\/www.abf.se\/ostergotland\/nyheter\/blackfisken-kampar-pa\/","title":{"rendered":"Bl\u00e4ckfisken k\u00e4mpar p\u00e5"},"content":{"rendered":"<div\n    class=\"acf-article-text-block article-container my-12\"\n    data-block=\"article-text-block\"\n>\n    <div class=\"wysiwyg\">\n        <p class=\"BrdtextCharter12\">Bl\u00e4ckfisken ing\u00e5r i Riksf\u00f6rbundet f\u00f6r social och mental h\u00e4lsa och riktar sig till personer som har psykisk oh\u00e4lsa eller befinner sig i socialt utanf\u00f6rskap, men \u00e4ven anh\u00f6riga, v\u00e5rdpersonal och andra som \u00e4r intresserade \u00e4r v\u00e4lkomna. De brukade ha sin M\u00e5 bra-cirkel\u00a0 p\u00e5 Bergslagsg\u00e5rden varannan onsdag, men n\u00e4r pandemin kom b\u00f6rjade de i st\u00e4llet m\u00f6tas utanf\u00f6r f\u00f6r att gemensamt best\u00e4mma vad de skulle hitta p\u00e5.<br \/>\n\u2013 Det var lite d\u00e5lig uppslutning i b\u00f6rjan men efter n\u00e5gon m\u00e5nad blev vi fler och fler, s\u00e4ger Lottie Broman, som \u00e4r sekreterare i f\u00f6reningen.<\/p>\n<p class=\"BrdtextCharter12\">De tog promenader till Rhododendrondalen vid \u00c5backarna eller till Gubbens tr\u00e4dg\u00e5rd, och vid d\u00e5ligt v\u00e4der s\u00e5g de utst\u00e4llningar p\u00e5 Arbetets museum eftersom det \u00e4r rymligt och l\u00e4tt att h\u00e5lla avst\u00e5nd d\u00e4r.<\/p>\n<p class=\"BrdtextCharter12\">N\u00e4r restriktionerna l\u00e4ttade under h\u00f6sten 2021 och de kunde vara p\u00e5 ABF igen hade de bland annat en pysseldag och en tr\u00e4ff med finskt tema, men de hann inte komma ig\u00e5ng ordentligt innan smittspridningen \u00f6kade igen.<\/p>\n<p class=\"BrdtextCharter12\">\nI julas bj\u00f6d Bl\u00e4ckfisken p\u00e5 julmacka, som medlemmarna fick h\u00e4mta utanf\u00f6r Nelins konditori. Sedan s\u00e5gs de \u00f6ver Messenger och \u00e5t tillsammans.<\/p>\n<p class=\"BrdtextCharter12\">\u2013 Jag tror det har betytt v\u00e4ldigt mycket att vi haft aktiviteter hela den h\u00e4r tiden. En del \u00e4r v\u00e4ldigt ensamma och m\u00e5ste f\u00e5 tr\u00e4ffa andra m\u00e4nniskor, s\u00e4ger Lottie.<\/p>\n<p class=\"BrdtextCharter12\">F\u00f6reningen har inte m\u00e4rkt av den \u00f6kade psykiska oh\u00e4lsan i samh\u00e4llet s\u00e5 mycket eftersom de i f\u00f6rsta hand varit inriktade p\u00e5 befintliga medlemmar. De har f\u00e5tt fyra eller fem nya medlemmar under pandemin, men bara en av dem har varit aktiv.<\/p>\n<p class=\"BrdtextCharter12\">Tidigare har Lottie h\u00e5llit datorkurser f\u00f6r medlemmarna och hon vet att behovet av digitala kunskaper stort.<br \/>\n\u2013 Det var synd att vi inte hann med det i h\u00f6stas, f\u00f6r vi hade varit hj\u00e4lpa av det nu. Men jag hoppas att det ska kunna bli av snart.<\/p>\n<p class=\"CitatBelizio15\"><strong>Nina Broman<\/strong><\/p>\n\n    <\/div>\n<\/div>\n","protected":false},"featured_media":0,"parent":0,"menu_order":0,"template":"","categories":[],"class_list":["post-910","news-article","type-news-article","status-publish","hentry"],"acf":[],"yoast_head":"<!-- This site is optimized with the Yoast SEO plugin v27.0 - https:\/\/yoast.com\/product\/yoast-seo-wordpress\/ -->\n<title>Bl\u00e4ckfisken k\u00e4mpar p\u00e5 - \u00d6sterg\u00f6tland<\/title>\n<meta name=\"robots\" content=\"index, follow, max-snippet:-1, max-image-preview:large, max-video-preview:-1\" \/>\n<link rel=\"canonical\" href=\"https:\/\/www.abf.se\/ostergotland\/nyheter\/blackfisken-kampar-pa\/\" \/>\n<meta property=\"og:locale\" content=\"sv_SE\" \/>\n<meta property=\"og:type\" content=\"article\" \/>\n<meta property=\"og:title\" content=\"Bl\u00e4ckfisken k\u00e4mpar p\u00e5 - \u00d6sterg\u00f6tland\" \/>\n<meta property=\"og:url\" content=\"https:\/\/www.abf.se\/ostergotland\/nyheter\/blackfisken-kampar-pa\/\" \/>\n<meta property=\"og:site_name\" content=\"\u00d6sterg\u00f6tland\" \/>\n<meta property=\"article:modified_time\" content=\"2024-04-23T14:19:13+00:00\" \/>\n<meta property=\"og:image\" content=\"https:\/\/www.abf.se\/wp-content\/uploads\/sites\/64\/2024\/04\/Nyckeln-liggande-scaled.jpg\" \/>\n\t<meta property=\"og:image:width\" content=\"2560\" \/>\n\t<meta property=\"og:image:height\" content=\"1440\" \/>\n\t<meta property=\"og:image:type\" content=\"image\/jpeg\" \/>\n<meta name=\"twitter:card\" content=\"summary_large_image\" \/>\n<script type=\"application\/ld+json\" class=\"yoast-schema-graph\">{\"@context\":\"https:\/\/schema.org\",\"@graph\":[{\"@type\":\"WebPage\",\"@id\":\"https:\/\/www.abf.se\/ostergotland\/nyheter\/blackfisken-kampar-pa\/\",\"url\":\"https:\/\/www.abf.se\/ostergotland\/nyheter\/blackfisken-kampar-pa\/\",\"name\":\"Bl\u00e4ckfisken k\u00e4mpar p\u00e5 - \u00d6sterg\u00f6tland\",\"isPartOf\":{\"@id\":\"https:\/\/www.abf.se\/ostergotland\/#website\"},\"datePublished\":\"2022-05-17T14:16:00+00:00\",\"dateModified\":\"2024-04-23T14:19:13+00:00\",\"breadcrumb\":{\"@id\":\"https:\/\/www.abf.se\/ostergotland\/nyheter\/blackfisken-kampar-pa\/#breadcrumb\"},\"inLanguage\":\"sv-SE\",\"potentialAction\":[{\"@type\":\"ReadAction\",\"target\":[\"https:\/\/www.abf.se\/ostergotland\/nyheter\/blackfisken-kampar-pa\/\"]}]},{\"@type\":\"BreadcrumbList\",\"@id\":\"https:\/\/www.abf.se\/ostergotland\/nyheter\/blackfisken-kampar-pa\/#breadcrumb\",\"itemListElement\":[{\"@type\":\"ListItem\",\"position\":1,\"name\":\"Home\",\"item\":\"https:\/\/www.abf.se\/ostergotland\/\"},{\"@type\":\"ListItem\",\"position\":2,\"name\":\"Nyheter\",\"item\":\"https:\/\/www.abf.se\/ostergotland\/nyheter\/\"},{\"@type\":\"ListItem\",\"position\":3,\"name\":\"Bl\u00e4ckfisken k\u00e4mpar p\u00e5\"}]},{\"@type\":\"WebSite\",\"@id\":\"https:\/\/www.abf.se\/ostergotland\/#website\",\"url\":\"https:\/\/www.abf.se\/ostergotland\/\",\"name\":\"\u00d6sterg\u00f6tland\",\"description\":\"\",\"potentialAction\":[{\"@type\":\"SearchAction\",\"target\":{\"@type\":\"EntryPoint\",\"urlTemplate\":\"https:\/\/www.abf.se\/ostergotland\/?s={search_term_string}\"},\"query-input\":{\"@type\":\"PropertyValueSpecification\",\"valueRequired\":true,\"valueName\":\"search_term_string\"}}],\"inLanguage\":\"sv-SE\"}]}<\/script>\n<!-- \/ Yoast SEO plugin. -->","yoast_head_json":{"title":"Bl\u00e4ckfisken k\u00e4mpar p\u00e5 - \u00d6sterg\u00f6tland","robots":{"index":"index","follow":"follow","max-snippet":"max-snippet:-1","max-image-preview":"max-image-preview:large","max-video-preview":"max-video-preview:-1"},"canonical":"https:\/\/www.abf.se\/ostergotland\/nyheter\/blackfisken-kampar-pa\/","og_locale":"sv_SE","og_type":"article","og_title":"Bl\u00e4ckfisken k\u00e4mpar p\u00e5 - \u00d6sterg\u00f6tland","og_url":"https:\/\/www.abf.se\/ostergotland\/nyheter\/blackfisken-kampar-pa\/","og_site_name":"\u00d6sterg\u00f6tland","article_modified_time":"2024-04-23T14:19:13+00:00","og_image":[{"width":2560,"height":1440,"url":"https:\/\/www.abf.se\/wp-content\/uploads\/sites\/64\/2024\/04\/Nyckeln-liggande-scaled.jpg","type":"image\/jpeg"}],"twitter_card":"summary_large_image","schema":{"@context":"https:\/\/schema.org","@graph":[{"@type":"WebPage","@id":"https:\/\/www.abf.se\/ostergotland\/nyheter\/blackfisken-kampar-pa\/","url":"https:\/\/www.abf.se\/ostergotland\/nyheter\/blackfisken-kampar-pa\/","name":"Bl\u00e4ckfisken k\u00e4mpar p\u00e5 - \u00d6sterg\u00f6tland","isPartOf":{"@id":"https:\/\/www.abf.se\/ostergotland\/#website"},"datePublished":"2022-05-17T14:16:00+00:00","dateModified":"2024-04-23T14:19:13+00:00","breadcrumb":{"@id":"https:\/\/www.abf.se\/ostergotland\/nyheter\/blackfisken-kampar-pa\/#breadcrumb"},"inLanguage":"sv-SE","potentialAction":[{"@type":"ReadAction","target":["https:\/\/www.abf.se\/ostergotland\/nyheter\/blackfisken-kampar-pa\/"]}]},{"@type":"BreadcrumbList","@id":"https:\/\/www.abf.se\/ostergotland\/nyheter\/blackfisken-kampar-pa\/#breadcrumb","itemListElement":[{"@type":"ListItem","position":1,"name":"Home","item":"https:\/\/www.abf.se\/ostergotland\/"},{"@type":"ListItem","position":2,"name":"Nyheter","item":"https:\/\/www.abf.se\/ostergotland\/nyheter\/"},{"@type":"ListItem","position":3,"name":"Bl\u00e4ckfisken k\u00e4mpar p\u00e5"}]},{"@type":"WebSite","@id":"https:\/\/www.abf.se\/ostergotland\/#website","url":"https:\/\/www.abf.se\/ostergotland\/","name":"\u00d6sterg\u00f6tland","description":"","potentialAction":[{"@type":"SearchAction","target":{"@type":"EntryPoint","urlTemplate":"https:\/\/www.abf.se\/ostergotland\/?s={search_term_string}"},"query-input":{"@type":"PropertyValueSpecification","valueRequired":true,"valueName":"search_term_string"}}],"inLanguage":"sv-SE"}]}},"_links":{"self":[{"href":"https:\/\/www.abf.se\/ostergotland\/wp-json\/wp\/v2\/news-article\/910","targetHints":{"allow":["GET"]}}],"collection":[{"href":"https:\/\/www.abf.se\/ostergotland\/wp-json\/wp\/v2\/news-article"}],"about":[{"href":"https:\/\/www.abf.se\/ostergotland\/wp-json\/wp\/v2\/types\/news-article"}],"wp:attachment":[{"href":"https:\/\/www.abf.se\/ostergotland\/wp-json\/wp\/v2\/media?parent=910"}],"wp:term":[{"taxonomy":"category","embeddable":true,"href":"https:\/\/www.abf.se\/ostergotland\/wp-json\/wp\/v2\/categories?post=910"}],"curies":[{"name":"wp","href":"https:\/\/api.w.org\/{rel}","templated":true}]}}