{"id":916,"date":"2023-02-28T16:25:00","date_gmt":"2023-02-28T15:25:00","guid":{"rendered":"https:\/\/www.abf.se\/ostergotland\/?post_type=news-article&#038;p=916"},"modified":"2024-04-23T16:27:33","modified_gmt":"2024-04-23T14:27:33","slug":"museibesok-for-lo-medlemmar","status":"publish","type":"news-article","link":"https:\/\/www.abf.se\/ostergotland\/nyheter\/museibesok-for-lo-medlemmar\/","title":{"rendered":"Museibes\u00f6k f\u00f6r LO-medlemmar"},"content":{"rendered":"<div\n    class=\"acf-article-text-block article-container my-12\"\n    data-block=\"article-text-block\"\n>\n    <div class=\"wysiwyg\">\n        <p>Mellan 4 mars och 14 maj visas utst\u00e4llningen Vi som arbetar med v\u00e5ra kroppar p\u00e5 Arbetets museum i Norrk\u00f6ping. Tack vare ett samarbete mellan ABF \u00d6sterg\u00f6tland och Arbetets museum och med st\u00f6d fr\u00e5n Arbetarr\u00f6relsens Kulturfond erbjuds samtliga LO-f\u00f6rbund i \u00d6sterg\u00f6tland att kunna boka in sig p\u00e5 en visning av utst\u00e4llningen med en av museets guider. Erbjudandet g\u00e4ller fr\u00e5n 13 mars, helgfri vardag klockan 9\u201317. Det finns \u00e4ven m\u00f6jlighet att \u00e4ta lunch och hyra konferenslokal p\u00e5 museet.<\/p>\n<p>Boka in ditt bes\u00f6k p\u00e5 www.arbetetsmuseum.se\/visningsforfragan. Var noga med att v\u00e4lja \u201dLO-f\u00f6rbund\u201d som alternativ n\u00e4r du g\u00f6r din bokning.<\/p>\n<p>ABF:s \u00f6vriga medlemsorganisationer erbjuds en guidad visning till rabatterat pris, 600 kronor. V\u00e4lj d\u00e5 &#8221;ABF-medlemsorganisation&#8221; n\u00e4r du bokar.<\/p>\n<p>&nbsp;<\/p>\n<p><strong>Om utst\u00e4llningen:\u00a0<\/strong><br \/>\nOm villkor. Om klass. Om v\u00e4rdighet.<br \/>\nTv\u00e5 miljoner m\u00e4nniskor i Sverige har ett kroppsarbete. S\u00e4llan syns och h\u00f6rs m\u00e4nniskor som arbetar med sina kroppar i dagens medier, p\u00e5 museer och i v\u00e5ra offentliga rum. Det vill den h\u00e4r utst\u00e4llningen \u00e4ndra p\u00e5.<br \/>\nVi f\u00e5r m\u00f6ta 33 arbetare med olika bakgrund, erfarenheter och \u00e5lder. Ber\u00e4ttelser om otrygga arbetsvillkor, bristande respekt och oh\u00e5llbara strukturer. Men ocks\u00e5 om organisering, stolthet, arbetsgemenskap och k\u00e4nslan av att vara viktig f\u00f6r samh\u00e4llet.<\/p>\n<p>Utan kroppsarbetarna stannar Sverige.<\/p>\n\n    <\/div>\n<\/div>\n","protected":false},"featured_media":0,"parent":0,"menu_order":0,"template":"","categories":[],"class_list":["post-916","news-article","type-news-article","status-publish","hentry"],"acf":[],"yoast_head":"<!-- This site is optimized with the Yoast SEO plugin v27.0 - https:\/\/yoast.com\/product\/yoast-seo-wordpress\/ -->\n<title>Museibes\u00f6k f\u00f6r LO-medlemmar - \u00d6sterg\u00f6tland<\/title>\n<meta name=\"robots\" content=\"index, follow, max-snippet:-1, max-image-preview:large, max-video-preview:-1\" \/>\n<link rel=\"canonical\" href=\"https:\/\/www.abf.se\/ostergotland\/nyheter\/museibesok-for-lo-medlemmar\/\" \/>\n<meta property=\"og:locale\" content=\"sv_SE\" \/>\n<meta property=\"og:type\" content=\"article\" \/>\n<meta property=\"og:title\" content=\"Museibes\u00f6k f\u00f6r LO-medlemmar - \u00d6sterg\u00f6tland\" \/>\n<meta property=\"og:url\" content=\"https:\/\/www.abf.se\/ostergotland\/nyheter\/museibesok-for-lo-medlemmar\/\" \/>\n<meta property=\"og:site_name\" content=\"\u00d6sterg\u00f6tland\" \/>\n<meta property=\"article:modified_time\" content=\"2024-04-23T14:27:33+00:00\" \/>\n<meta property=\"og:image\" content=\"https:\/\/www.abf.se\/wp-content\/uploads\/sites\/64\/2024\/04\/Nyckeln-liggande-scaled.jpg\" \/>\n\t<meta property=\"og:image:width\" content=\"2560\" \/>\n\t<meta property=\"og:image:height\" content=\"1440\" \/>\n\t<meta property=\"og:image:type\" content=\"image\/jpeg\" \/>\n<meta name=\"twitter:card\" content=\"summary_large_image\" \/>\n<script type=\"application\/ld+json\" class=\"yoast-schema-graph\">{\"@context\":\"https:\/\/schema.org\",\"@graph\":[{\"@type\":\"WebPage\",\"@id\":\"https:\/\/www.abf.se\/ostergotland\/nyheter\/museibesok-for-lo-medlemmar\/\",\"url\":\"https:\/\/www.abf.se\/ostergotland\/nyheter\/museibesok-for-lo-medlemmar\/\",\"name\":\"Museibes\u00f6k f\u00f6r LO-medlemmar - \u00d6sterg\u00f6tland\",\"isPartOf\":{\"@id\":\"https:\/\/www.abf.se\/ostergotland\/#website\"},\"datePublished\":\"2023-02-28T15:25:00+00:00\",\"dateModified\":\"2024-04-23T14:27:33+00:00\",\"breadcrumb\":{\"@id\":\"https:\/\/www.abf.se\/ostergotland\/nyheter\/museibesok-for-lo-medlemmar\/#breadcrumb\"},\"inLanguage\":\"sv-SE\",\"potentialAction\":[{\"@type\":\"ReadAction\",\"target\":[\"https:\/\/www.abf.se\/ostergotland\/nyheter\/museibesok-for-lo-medlemmar\/\"]}]},{\"@type\":\"BreadcrumbList\",\"@id\":\"https:\/\/www.abf.se\/ostergotland\/nyheter\/museibesok-for-lo-medlemmar\/#breadcrumb\",\"itemListElement\":[{\"@type\":\"ListItem\",\"position\":1,\"name\":\"Home\",\"item\":\"https:\/\/www.abf.se\/ostergotland\/\"},{\"@type\":\"ListItem\",\"position\":2,\"name\":\"Nyheter\",\"item\":\"https:\/\/www.abf.se\/ostergotland\/nyheter\/\"},{\"@type\":\"ListItem\",\"position\":3,\"name\":\"Museibes\u00f6k f\u00f6r LO-medlemmar\"}]},{\"@type\":\"WebSite\",\"@id\":\"https:\/\/www.abf.se\/ostergotland\/#website\",\"url\":\"https:\/\/www.abf.se\/ostergotland\/\",\"name\":\"\u00d6sterg\u00f6tland\",\"description\":\"\",\"potentialAction\":[{\"@type\":\"SearchAction\",\"target\":{\"@type\":\"EntryPoint\",\"urlTemplate\":\"https:\/\/www.abf.se\/ostergotland\/?s={search_term_string}\"},\"query-input\":{\"@type\":\"PropertyValueSpecification\",\"valueRequired\":true,\"valueName\":\"search_term_string\"}}],\"inLanguage\":\"sv-SE\"}]}<\/script>\n<!-- \/ Yoast SEO plugin. -->","yoast_head_json":{"title":"Museibes\u00f6k f\u00f6r LO-medlemmar - \u00d6sterg\u00f6tland","robots":{"index":"index","follow":"follow","max-snippet":"max-snippet:-1","max-image-preview":"max-image-preview:large","max-video-preview":"max-video-preview:-1"},"canonical":"https:\/\/www.abf.se\/ostergotland\/nyheter\/museibesok-for-lo-medlemmar\/","og_locale":"sv_SE","og_type":"article","og_title":"Museibes\u00f6k f\u00f6r LO-medlemmar - \u00d6sterg\u00f6tland","og_url":"https:\/\/www.abf.se\/ostergotland\/nyheter\/museibesok-for-lo-medlemmar\/","og_site_name":"\u00d6sterg\u00f6tland","article_modified_time":"2024-04-23T14:27:33+00:00","og_image":[{"width":2560,"height":1440,"url":"https:\/\/www.abf.se\/wp-content\/uploads\/sites\/64\/2024\/04\/Nyckeln-liggande-scaled.jpg","type":"image\/jpeg"}],"twitter_card":"summary_large_image","schema":{"@context":"https:\/\/schema.org","@graph":[{"@type":"WebPage","@id":"https:\/\/www.abf.se\/ostergotland\/nyheter\/museibesok-for-lo-medlemmar\/","url":"https:\/\/www.abf.se\/ostergotland\/nyheter\/museibesok-for-lo-medlemmar\/","name":"Museibes\u00f6k f\u00f6r LO-medlemmar - \u00d6sterg\u00f6tland","isPartOf":{"@id":"https:\/\/www.abf.se\/ostergotland\/#website"},"datePublished":"2023-02-28T15:25:00+00:00","dateModified":"2024-04-23T14:27:33+00:00","breadcrumb":{"@id":"https:\/\/www.abf.se\/ostergotland\/nyheter\/museibesok-for-lo-medlemmar\/#breadcrumb"},"inLanguage":"sv-SE","potentialAction":[{"@type":"ReadAction","target":["https:\/\/www.abf.se\/ostergotland\/nyheter\/museibesok-for-lo-medlemmar\/"]}]},{"@type":"BreadcrumbList","@id":"https:\/\/www.abf.se\/ostergotland\/nyheter\/museibesok-for-lo-medlemmar\/#breadcrumb","itemListElement":[{"@type":"ListItem","position":1,"name":"Home","item":"https:\/\/www.abf.se\/ostergotland\/"},{"@type":"ListItem","position":2,"name":"Nyheter","item":"https:\/\/www.abf.se\/ostergotland\/nyheter\/"},{"@type":"ListItem","position":3,"name":"Museibes\u00f6k f\u00f6r LO-medlemmar"}]},{"@type":"WebSite","@id":"https:\/\/www.abf.se\/ostergotland\/#website","url":"https:\/\/www.abf.se\/ostergotland\/","name":"\u00d6sterg\u00f6tland","description":"","potentialAction":[{"@type":"SearchAction","target":{"@type":"EntryPoint","urlTemplate":"https:\/\/www.abf.se\/ostergotland\/?s={search_term_string}"},"query-input":{"@type":"PropertyValueSpecification","valueRequired":true,"valueName":"search_term_string"}}],"inLanguage":"sv-SE"}]}},"_links":{"self":[{"href":"https:\/\/www.abf.se\/ostergotland\/wp-json\/wp\/v2\/news-article\/916","targetHints":{"allow":["GET"]}}],"collection":[{"href":"https:\/\/www.abf.se\/ostergotland\/wp-json\/wp\/v2\/news-article"}],"about":[{"href":"https:\/\/www.abf.se\/ostergotland\/wp-json\/wp\/v2\/types\/news-article"}],"wp:attachment":[{"href":"https:\/\/www.abf.se\/ostergotland\/wp-json\/wp\/v2\/media?parent=916"}],"wp:term":[{"taxonomy":"category","embeddable":true,"href":"https:\/\/www.abf.se\/ostergotland\/wp-json\/wp\/v2\/categories?post=916"}],"curies":[{"name":"wp","href":"https:\/\/api.w.org\/{rel}","templated":true}]}}