{"id":919,"date":"2023-02-23T16:27:00","date_gmt":"2023-02-23T15:27:00","guid":{"rendered":"https:\/\/www.abf.se\/ostergotland\/?post_type=news-article&#038;p=919"},"modified":"2024-04-23T16:32:49","modified_gmt":"2024-04-23T14:32:49","slug":"premiar-den-stora-karleken","status":"publish","type":"news-article","link":"https:\/\/www.abf.se\/ostergotland\/nyheter\/premiar-den-stora-karleken\/","title":{"rendered":"Premi\u00e4r &#8211; Den stora k\u00e4rleken"},"content":{"rendered":"<div\n    class=\"acf-article-text-block article-container my-12\"\n    data-block=\"article-text-block\"\n>\n    <div class=\"wysiwyg\">\n        <p>Kairos nyskrivna sk\u00e5despel \u201dDen stora k\u00e4rleken\u201d ber\u00e4ttar i sagans form om m\u00e4nniskans relation till naturen i d\u00e5tid, samtid och framtid, gestaltat som ett musikaliskt sagospel i tre akter.<\/p>\n<p>Kairos betyder \u201ddet gyllene \u00f6gonblicket\u201d. Gl\u00e4ntan i tiden n\u00e4r verklig f\u00f6r\u00e4ndring \u00e4r m\u00f6jlig. Vi som arbetar med Kairos menar att vi som samh\u00e4lle st\u00e5r inf\u00f6r ett s\u00e5dant \u00f6gonblick just nu. Vi gestaltar en ny ber\u00e4ttelse om framtiden som kan ge oss n\u00e5got att l\u00e4ngta till och jobba f\u00f6r.<\/p>\n<p>Det mesta arbetet i \u201cKairos \u2013 nu \u00e4r den r\u00e4tta tiden\u201d g\u00f6rs ideellt av amat\u00f6rer (volont\u00e4rer) i olika arbetsgrupper. Det \u00e4r extra v\u00e4rdefullt, eftersom amat\u00f6rer arbetar med k\u00e4rlek och engagemang som drivkraft ist\u00e4llet f\u00f6r pengar. Det leder ocks\u00e5 till att det finns plats f\u00f6r m\u00e5nga m\u00e4nniskor som kan bidra olika mycket, med olika erfarenheter.<br \/>\nKairos har tillsammans med ABF studiecirklar och kulturarrangemang i \u00e4mnen som teater, musik, korriografi, scenografi med mera.<\/p>\n\n    <\/div>\n<\/div>\n","protected":false},"featured_media":0,"parent":0,"menu_order":0,"template":"","categories":[],"class_list":["post-919","news-article","type-news-article","status-publish","hentry"],"acf":[],"yoast_head":"<!-- This site is optimized with the Yoast SEO plugin v27.0 - https:\/\/yoast.com\/product\/yoast-seo-wordpress\/ -->\n<title>Premi\u00e4r - Den stora k\u00e4rleken - \u00d6sterg\u00f6tland<\/title>\n<meta name=\"robots\" content=\"index, follow, max-snippet:-1, max-image-preview:large, max-video-preview:-1\" \/>\n<link rel=\"canonical\" href=\"https:\/\/www.abf.se\/ostergotland\/nyheter\/premiar-den-stora-karleken\/\" \/>\n<meta property=\"og:locale\" content=\"sv_SE\" \/>\n<meta property=\"og:type\" content=\"article\" \/>\n<meta property=\"og:title\" content=\"Premi\u00e4r - Den stora k\u00e4rleken - \u00d6sterg\u00f6tland\" \/>\n<meta property=\"og:url\" content=\"https:\/\/www.abf.se\/ostergotland\/nyheter\/premiar-den-stora-karleken\/\" \/>\n<meta property=\"og:site_name\" content=\"\u00d6sterg\u00f6tland\" \/>\n<meta property=\"article:modified_time\" content=\"2024-04-23T14:32:49+00:00\" \/>\n<meta property=\"og:image\" content=\"https:\/\/www.abf.se\/wp-content\/uploads\/sites\/64\/2024\/04\/Nyckeln-liggande-scaled.jpg\" \/>\n\t<meta property=\"og:image:width\" content=\"2560\" \/>\n\t<meta property=\"og:image:height\" content=\"1440\" \/>\n\t<meta property=\"og:image:type\" content=\"image\/jpeg\" \/>\n<meta name=\"twitter:card\" content=\"summary_large_image\" \/>\n<script type=\"application\/ld+json\" class=\"yoast-schema-graph\">{\"@context\":\"https:\/\/schema.org\",\"@graph\":[{\"@type\":\"WebPage\",\"@id\":\"https:\/\/www.abf.se\/ostergotland\/nyheter\/premiar-den-stora-karleken\/\",\"url\":\"https:\/\/www.abf.se\/ostergotland\/nyheter\/premiar-den-stora-karleken\/\",\"name\":\"Premi\u00e4r - Den stora k\u00e4rleken - \u00d6sterg\u00f6tland\",\"isPartOf\":{\"@id\":\"https:\/\/www.abf.se\/ostergotland\/#website\"},\"datePublished\":\"2023-02-23T15:27:00+00:00\",\"dateModified\":\"2024-04-23T14:32:49+00:00\",\"breadcrumb\":{\"@id\":\"https:\/\/www.abf.se\/ostergotland\/nyheter\/premiar-den-stora-karleken\/#breadcrumb\"},\"inLanguage\":\"sv-SE\",\"potentialAction\":[{\"@type\":\"ReadAction\",\"target\":[\"https:\/\/www.abf.se\/ostergotland\/nyheter\/premiar-den-stora-karleken\/\"]}]},{\"@type\":\"BreadcrumbList\",\"@id\":\"https:\/\/www.abf.se\/ostergotland\/nyheter\/premiar-den-stora-karleken\/#breadcrumb\",\"itemListElement\":[{\"@type\":\"ListItem\",\"position\":1,\"name\":\"Home\",\"item\":\"https:\/\/www.abf.se\/ostergotland\/\"},{\"@type\":\"ListItem\",\"position\":2,\"name\":\"Nyheter\",\"item\":\"https:\/\/www.abf.se\/ostergotland\/nyheter\/\"},{\"@type\":\"ListItem\",\"position\":3,\"name\":\"Premi\u00e4r &#8211; Den stora k\u00e4rleken\"}]},{\"@type\":\"WebSite\",\"@id\":\"https:\/\/www.abf.se\/ostergotland\/#website\",\"url\":\"https:\/\/www.abf.se\/ostergotland\/\",\"name\":\"\u00d6sterg\u00f6tland\",\"description\":\"\",\"potentialAction\":[{\"@type\":\"SearchAction\",\"target\":{\"@type\":\"EntryPoint\",\"urlTemplate\":\"https:\/\/www.abf.se\/ostergotland\/?s={search_term_string}\"},\"query-input\":{\"@type\":\"PropertyValueSpecification\",\"valueRequired\":true,\"valueName\":\"search_term_string\"}}],\"inLanguage\":\"sv-SE\"}]}<\/script>\n<!-- \/ Yoast SEO plugin. -->","yoast_head_json":{"title":"Premi\u00e4r - Den stora k\u00e4rleken - \u00d6sterg\u00f6tland","robots":{"index":"index","follow":"follow","max-snippet":"max-snippet:-1","max-image-preview":"max-image-preview:large","max-video-preview":"max-video-preview:-1"},"canonical":"https:\/\/www.abf.se\/ostergotland\/nyheter\/premiar-den-stora-karleken\/","og_locale":"sv_SE","og_type":"article","og_title":"Premi\u00e4r - Den stora k\u00e4rleken - \u00d6sterg\u00f6tland","og_url":"https:\/\/www.abf.se\/ostergotland\/nyheter\/premiar-den-stora-karleken\/","og_site_name":"\u00d6sterg\u00f6tland","article_modified_time":"2024-04-23T14:32:49+00:00","og_image":[{"width":2560,"height":1440,"url":"https:\/\/www.abf.se\/wp-content\/uploads\/sites\/64\/2024\/04\/Nyckeln-liggande-scaled.jpg","type":"image\/jpeg"}],"twitter_card":"summary_large_image","schema":{"@context":"https:\/\/schema.org","@graph":[{"@type":"WebPage","@id":"https:\/\/www.abf.se\/ostergotland\/nyheter\/premiar-den-stora-karleken\/","url":"https:\/\/www.abf.se\/ostergotland\/nyheter\/premiar-den-stora-karleken\/","name":"Premi\u00e4r - Den stora k\u00e4rleken - \u00d6sterg\u00f6tland","isPartOf":{"@id":"https:\/\/www.abf.se\/ostergotland\/#website"},"datePublished":"2023-02-23T15:27:00+00:00","dateModified":"2024-04-23T14:32:49+00:00","breadcrumb":{"@id":"https:\/\/www.abf.se\/ostergotland\/nyheter\/premiar-den-stora-karleken\/#breadcrumb"},"inLanguage":"sv-SE","potentialAction":[{"@type":"ReadAction","target":["https:\/\/www.abf.se\/ostergotland\/nyheter\/premiar-den-stora-karleken\/"]}]},{"@type":"BreadcrumbList","@id":"https:\/\/www.abf.se\/ostergotland\/nyheter\/premiar-den-stora-karleken\/#breadcrumb","itemListElement":[{"@type":"ListItem","position":1,"name":"Home","item":"https:\/\/www.abf.se\/ostergotland\/"},{"@type":"ListItem","position":2,"name":"Nyheter","item":"https:\/\/www.abf.se\/ostergotland\/nyheter\/"},{"@type":"ListItem","position":3,"name":"Premi\u00e4r &#8211; Den stora k\u00e4rleken"}]},{"@type":"WebSite","@id":"https:\/\/www.abf.se\/ostergotland\/#website","url":"https:\/\/www.abf.se\/ostergotland\/","name":"\u00d6sterg\u00f6tland","description":"","potentialAction":[{"@type":"SearchAction","target":{"@type":"EntryPoint","urlTemplate":"https:\/\/www.abf.se\/ostergotland\/?s={search_term_string}"},"query-input":{"@type":"PropertyValueSpecification","valueRequired":true,"valueName":"search_term_string"}}],"inLanguage":"sv-SE"}]}},"_links":{"self":[{"href":"https:\/\/www.abf.se\/ostergotland\/wp-json\/wp\/v2\/news-article\/919","targetHints":{"allow":["GET"]}}],"collection":[{"href":"https:\/\/www.abf.se\/ostergotland\/wp-json\/wp\/v2\/news-article"}],"about":[{"href":"https:\/\/www.abf.se\/ostergotland\/wp-json\/wp\/v2\/types\/news-article"}],"wp:attachment":[{"href":"https:\/\/www.abf.se\/ostergotland\/wp-json\/wp\/v2\/media?parent=919"}],"wp:term":[{"taxonomy":"category","embeddable":true,"href":"https:\/\/www.abf.se\/ostergotland\/wp-json\/wp\/v2\/categories?post=919"}],"curies":[{"name":"wp","href":"https:\/\/api.w.org\/{rel}","templated":true}]}}