{"id":934,"date":"2023-09-27T16:43:00","date_gmt":"2023-09-27T14:43:00","guid":{"rendered":"https:\/\/www.abf.se\/ostergotland\/?post_type=news-article&#038;p=934"},"modified":"2024-04-23T16:46:17","modified_gmt":"2024-04-23T14:46:17","slug":"skaggetorps-filmfestival","status":"publish","type":"news-article","link":"https:\/\/www.abf.se\/ostergotland\/nyheter\/skaggetorps-filmfestival\/","title":{"rendered":"Sk\u00e4ggetorps filmfestival"},"content":{"rendered":"<div\n    class=\"acf-article-text-block article-container my-12\"\n    data-block=\"article-text-block\"\n>\n    <div class=\"wysiwyg\">\n        <p><span data-contrast=\"auto\">PROGRAM<\/span><span data-ccp-props=\"{&quot;134233117&quot;:false,&quot;134233118&quot;:false,&quot;201341983&quot;:0,&quot;335551550&quot;:1,&quot;335551620&quot;:1,&quot;335559685&quot;:0,&quot;335559737&quot;:0,&quot;335559738&quot;:0,&quot;335559739&quot;:160,&quot;335559740&quot;:259}\">\u00a0<\/span><\/p>\n<p><span data-contrast=\"auto\">11.00 Sk\u00e4ggetorpfilmfestival \u00f6ppnar<\/span><span data-ccp-props=\"{&quot;201341983&quot;:0,&quot;335559739&quot;:160,&quot;335559740&quot;:259}\">\u00a0<\/span><\/p>\n<p><span data-contrast=\"auto\">11.15 L\u00e5ngfilmen D\u00f6dgr\u00e4varens hustru<\/span><span data-ccp-props=\"{&quot;201341983&quot;:0,&quot;335559739&quot;:160,&quot;335559740&quot;:259}\">\u00a0<\/span><\/p>\n<p><span data-contrast=\"auto\">14.00 Hur kan man bli en del av filmbranschen? S\u00f6ka pengar f\u00f6r sin id\u00e9?<\/span><span data-ccp-props=\"{&quot;201341983&quot;:0,&quot;335559739&quot;:160,&quot;335559740&quot;:259}\">\u00a0<\/span><\/p>\n<p><span data-contrast=\"auto\">14.40 L\u00e5ngfilmen Jalla! Jalla!<\/span><span data-ccp-props=\"{&quot;201341983&quot;:0,&quot;335559739&quot;:160,&quot;335559740&quot;:259}\">\u00a0<\/span><\/p>\n<p><span data-contrast=\"auto\">16.20 F\u00f6rel\u00e4sning om m\u00e5ngfalden i det svenska filmarvet.<\/span><span data-ccp-props=\"{&quot;201341983&quot;:0,&quot;335559739&quot;:160,&quot;335559740&quot;:259}\">\u00a0<\/span><\/p>\n<p><span data-contrast=\"auto\">17.25 Hur kan vi arbeta f\u00f6r b\u00e4ttre representation i film, fr\u00e5n manus till f\u00e4rdig film? Hur \u00e4r det att arbeta som sk\u00e5despelare med utl\u00e4ndsk bakgrund i Sverige?<\/span><span data-ccp-props=\"{&quot;201341983&quot;:0,&quot;335559739&quot;:160,&quot;335559740&quot;:259}\">\u00a0<\/span><\/p>\n<p><span data-contrast=\"auto\">18.30 L\u00e5ngfilmen Vi \u00e4r som apelsiner<\/span><span data-ccp-props=\"{&quot;201341983&quot;:0,&quot;335559739&quot;:160,&quot;335559740&quot;:259}\">\u00a0<\/span><\/p>\n<p><span data-contrast=\"auto\">20.10 L\u00e5ngfilmen Sin Nombre<\/span><span data-ccp-props=\"{&quot;201341983&quot;:0,&quot;335559739&quot;:160,&quot;335559740&quot;:259}\">\u00a0<\/span><\/p>\n<p><span data-contrast=\"auto\">21.45 Sk\u00e4ggetorp filmfestival st\u00e4nger<\/span><span data-ccp-props=\"{&quot;134233117&quot;:false,&quot;134233118&quot;:false,&quot;201341983&quot;:0,&quot;335551550&quot;:1,&quot;335551620&quot;:1,&quot;335559685&quot;:0,&quot;335559737&quot;:0,&quot;335559738&quot;:0,&quot;335559739&quot;:160,&quot;335559740&quot;:259}\">\u00a0<\/span><\/p>\n<p><span data-contrast=\"auto\">\u00a0<\/span><\/p>\n<p><span data-contrast=\"auto\">L\u00c5NGFILMER<\/span><span data-ccp-props=\"{&quot;201341983&quot;:0,&quot;335559739&quot;:160,&quot;335559740&quot;:259}\">\u00a0<\/span><\/p>\n<p><strong><span data-contrast=\"auto\">11.15 D\u00f6dgr\u00e4varens hustru<\/span><\/strong><span data-ccp-props=\"{&quot;201341983&quot;:0,&quot;335559739&quot;:160,&quot;335559740&quot;:259}\"><strong>\u00a0<\/strong><br \/>\n<\/span>Guled st\u00e5r utanf\u00f6r sjukhuset och inv\u00e4ntar ambulanserna. Har han tur har n\u00e5gon avlidit och Guled och de andra d\u00f6dgr\u00e4varna kan tj\u00e4na lite pengar. Inget roligt jobb, men de har varandra. Guled har ocks\u00e5 Nasra, hustrun som han avgudar. Men Nasra \u00e4r d\u00f6ende och i behov av en njurtransplantation som de absolut inte har r\u00e5d med. Det finns en l\u00f6sning, men det vill Nasra inte h\u00f6ra talas om. Ist\u00e4llet v\u00e4ljer hon att njuta av varje minut hon har kvar i livet. F\u00f6r Guled d\u00e4remot finns inga gr\u00e4nser f\u00f6r vad han kan g\u00f6ra f\u00f6r att r\u00e4dda sin hustru. Khadar Ayderus Ahmeds l\u00e5ngfilmsdebut hade premi\u00e4r p\u00e5 filmfestivalen i Cannes och vann pris f\u00f6r b\u00e4sta film p\u00e5 African Movie Academy Awards.<\/p>\n<p>Kategori: Spelfilm<br \/>\nL\u00e4ngd: 83 minuter<br \/>\nGenre: Drama<br \/>\nRegiss\u00f6r: Khadar Ayderus Ahmed<br \/>\nSk\u00e5despelare: Omar Abdi, Yasmin Warsame, Kadar Abdoul-Aziz Ibrahim<br \/>\nUndertexter: Svenska<br \/>\nSpr\u00e5k: Somaliska<br \/>\n\u00c5ldersgr\u00e4ns: fr\u00e5n 11 \u00e5r<\/p>\n<p><strong><span data-contrast=\"auto\">14.40 Jalla! Jalla!<\/span><span data-ccp-props=\"{&quot;201341983&quot;:0,&quot;335559739&quot;:160,&quot;335559740&quot;:259}\"><br \/>\n<\/span><\/strong>M\u00e5ns och Roro \u00e4r b\u00e4sta kompisar och jobbar p\u00e5 parkf\u00f6rvaltningen. De f\u00e5r g\u00f6ra alla skitjobben &#8211; rensa ankdammar och plocka bajsh\u00f6gar. Men sj\u00e4lva tycker de att de \u00e4r grymma och coola. Filmen handlar om v\u00e4nnerna Roro och M\u00e5ns och deras konflikter med sina familjer och flickv\u00e4nner.<br \/>\nKategori: Spelfilm<br \/>\nL\u00e4ngd: 100 minuter<br \/>\nGenre: Komedi<br \/>\nRegiss\u00f6r: Josef Fares<br \/>\nSk\u00e5despelare: Fares Fares, Torkel Petersson, Tuva Nonotny, Laleh Pourkarim, Leonard Terfelt, Sofi Ahlstr\u00f6m Helleday<br \/>\nUndertexter:<br \/>\nSpr\u00e5k: Svenska<br \/>\n\u00c5ldersgr\u00e4ns: fr\u00e5n 11 \u00e5r<\/p>\n<p><strong><span data-contrast=\"auto\">18.30 Vi \u00e4r som apelsiner<\/span><span data-ccp-props=\"{&quot;201341983&quot;:0,&quot;335559739&quot;:160,&quot;335559740&quot;:259}\"><br \/>\n<\/span><\/strong><span data-ccp-props=\"{&quot;201341983&quot;:0,&quot;335559739&quot;:160,&quot;335559740&quot;:259}\">Filmen handlar om en afrosvensk kille som g\u00e5r p\u00e5 en gymnasieskola n\u00e5gonstans i dagens Sverige. Under en historielektion reser han tillbaka i tiden och m\u00f6ter k\u00e4nda personer som format svenskheten och det svenska rast\u00e4nkandet. Efter att ha \u00e5terv\u00e4nt till nuet f\u00e5r dock hans tidsresa konsekvenser n\u00e4r klasskamrater best\u00e4mmer sig f\u00f6r att h\u00e4mnas d\u00e5 hans nya kunskaper om den svenska rasismen ses som ett hot mot den Sverigebild som de har f\u00e5tt l\u00e4ra sig i skolan.<br \/>\n<\/span><span data-contrast=\"auto\">Kategori: Spelfilm<\/span><span data-ccp-props=\"{&quot;201341983&quot;:0,&quot;335559739&quot;:160,&quot;335559740&quot;:259}\"><br \/>\n<\/span><span data-contrast=\"auto\">L\u00e4ngd: 90 minuter<\/span><span data-ccp-props=\"{&quot;201341983&quot;:0,&quot;335559739&quot;:160,&quot;335559740&quot;:259}\"><br \/>\n<\/span><span data-contrast=\"auto\">Genre: 2010-tal<\/span><span data-ccp-props=\"{&quot;201341983&quot;:0,&quot;335559739&quot;:160,&quot;335559740&quot;:259}\"><br \/>\n<\/span><span data-contrast=\"auto\">Regiss\u00f6r: Joachim Ljungquist, Cecilia Garding<\/span><span data-ccp-props=\"{&quot;201341983&quot;:0,&quot;335559739&quot;:160,&quot;335559740&quot;:259}\"><br \/>\n<\/span><span data-contrast=\"auto\">Manus: Cecilia G\u00e4rding, Mike Haines G\u00e4rding<\/span><span data-ccp-props=\"{&quot;201341983&quot;:0,&quot;335559739&quot;:160,&quot;335559740&quot;:259}\"><br \/>\n<\/span><span data-contrast=\"auto\">Sk\u00e5despelare:<\/span><span data-contrast=\"auto\">Kari Berg, Jesper Eriksson, Tim Tjernlund<\/span><span data-ccp-props=\"{&quot;201341983&quot;:0,&quot;335559739&quot;:160,&quot;335559740&quot;:259}\"><br \/>\n<\/span><span data-contrast=\"auto\">Undertexter:<\/span><span data-ccp-props=\"{&quot;201341983&quot;:0,&quot;335559739&quot;:160,&quot;335559740&quot;:259}\"><br \/>\n<\/span><span data-contrast=\"auto\">Spr\u00e5k: Svenska<\/span><span data-ccp-props=\"{&quot;201341983&quot;:0,&quot;335559739&quot;:160,&quot;335559740&quot;:259}\">\u00a0<\/span><\/p>\n<p><strong><span data-contrast=\"auto\">20.10 Sin Nombre<\/span><\/strong><span data-ccp-props=\"{&quot;201341983&quot;:0,&quot;335559739&quot;:160,&quot;335559740&quot;:259}\"><br \/>\n<\/span><span data-contrast=\"auto\">S\u00f6kande efter nya m\u00f6jligheter i USA \u00e5ker Sayra, en ung vacker kvinna fr\u00e5n Honduras, med sin far och farbror p\u00e5 en irrf\u00e4rd \u00f6ver den latinamerikanska landsbygden p\u00e5 v\u00e4g mot gr\u00e4nsen. P\u00e5 v\u00e4gen m\u00f6ter hon en ung mexikansk g\u00e4ngmedlem, El Casper, som f\u00f6rs\u00f6ker fly undan sitt v\u00e5ldsamma f\u00f6rflutna och undkomma sitt of\u00f6rl\u00e5tande f\u00f6re detta g\u00e4ng. Tillsammans m\u00e5ste de f\u00f6rlita sig p\u00e5 tro, hopp och vara &#8221;street smart&#8221; om de ska \u00f6verleva sin allt farligare resa mot sina nya hoppfulla liv.<\/span><span data-ccp-props=\"{&quot;201341983&quot;:0,&quot;335559739&quot;:160,&quot;335559740&quot;:259}\"><br \/>\n<\/span><span data-contrast=\"auto\">Kategori: Spelfilm<\/span><span data-ccp-props=\"{&quot;201341983&quot;:0,&quot;335559739&quot;:160,&quot;335559740&quot;:259}\"><br \/>\n<\/span><span data-contrast=\"auto\">L\u00e4ngd: 92 minuter<\/span><span data-ccp-props=\"{&quot;201341983&quot;:0,&quot;335559739&quot;:160,&quot;335559740&quot;:259}\"><br \/>\n<\/span><span data-contrast=\"auto\">Genre: Drama, triller<\/span><span data-ccp-props=\"{&quot;201341983&quot;:0,&quot;335559739&quot;:160,&quot;335559740&quot;:259}\"><br \/>\n<\/span><span data-contrast=\"auto\">Regiss\u00f6r: Cary Fukunaga<\/span><span data-ccp-props=\"{&quot;201341983&quot;:0,&quot;335559739&quot;:160,&quot;335559740&quot;:259}\"><br \/>\n<\/span><span data-contrast=\"auto\">Sk\u00e5despelare: Diana Garcia, Edgar Flores, Kristian Ferrer, Paulina Gaitan<\/span><span data-ccp-props=\"{&quot;201341983&quot;:0,&quot;335559739&quot;:160,&quot;335559740&quot;:259}\"><br \/>\n<\/span><span data-contrast=\"auto\">Undertexter: Svenska<\/span><span data-ccp-props=\"{&quot;201341983&quot;:0,&quot;335559739&quot;:160,&quot;335559740&quot;:259}\"><br \/>\n<\/span><span data-contrast=\"auto\">Spr\u00e5k:\u00a0<\/span><span data-ccp-props=\"{&quot;201341983&quot;:0,&quot;335559739&quot;:160,&quot;335559740&quot;:259}\">\u00a0<\/span><\/p>\n<p><span data-contrast=\"auto\">\u00c5ldersgr\u00e4ns: fr\u00e5n 15 \u00e5r<\/span><span data-ccp-props=\"{&quot;201341983&quot;:0,&quot;335559739&quot;:160,&quot;335559740&quot;:259}\">\u00a0<\/span><\/p>\n<p><span data-ccp-props=\"{&quot;201341983&quot;:0,&quot;335559739&quot;:160,&quot;335559740&quot;:259}\">\u00a0<\/span><span data-contrast=\"auto\">SEMINARIER\/F\u00d6REL\u00c4SNINGAR<\/span><span data-ccp-props=\"{&quot;201341983&quot;:0,&quot;335559739&quot;:160,&quot;335559740&quot;:259}\">\u00a0<\/span><\/p>\n<p><span data-contrast=\"auto\">14.00-14.30 Hur kan man bli en del av filmbranschen? S\u00f6ka pengar f\u00f6r sin id\u00e9?\u00a0<\/span><span data-ccp-props=\"{&quot;201341983&quot;:0,&quot;335559739&quot;:160,&quot;335559740&quot;:259}\">\u00a0<\/span><\/p>\n<p><span data-contrast=\"auto\">16.20-16.50 F\u00f6rel\u00e4sning om m\u00e5ngfalden i det svenska filmarvet.<\/span><span data-ccp-props=\"{&quot;201341983&quot;:0,&quot;335559739&quot;:160,&quot;335559740&quot;:259}\">\u00a0<\/span><\/p>\n<p><span data-contrast=\"auto\">17.25-17.45 Hur kan vi arbeta f\u00f6r b\u00e4ttre representation i film, fr\u00e5n manus till f\u00e4rdig film? Hur \u00e4r det att arbeta som sk\u00e5despelare med utl\u00e4ndsk bakgrund i Sverige?<\/span><span data-ccp-props=\"{&quot;201341983&quot;:0,&quot;335559739&quot;:160,&quot;335559740&quot;:259}\">\u00a0<\/span><\/p>\n<p><span data-ccp-props=\"{&quot;201341983&quot;:0,&quot;335559739&quot;:160,&quot;335559740&quot;:259}\">\u00a0<\/span><\/p>\n<p>F\u00f6rhoppninsvis blir ett \u00e5terkommande evenemang som kan dra till sig flera samarbeten och m\u00f6jligheter f\u00f6r de boende i Sk\u00e4ggetorp, bidra till m\u00f6ten mellan personer fr\u00e5n olika omr\u00e5den i Link\u00f6ping och \u00d6sterg\u00f6tland f\u00f6r att \u00f6ka chanser f\u00f6r olika parter att l\u00e4ra k\u00e4nna varandra och samarbeta med film.<\/p>\n<p><span data-contrast=\"auto\">Bakom festivalen st\u00e5r syskonen Mikael Haines och Cecilia G\u00e4rding\u00a0som \u00e4r nyinflyttade Sk\u00e4ggetorpsbor. Syskonen har tidigare varit verksamma i Ume\u00e5 i bandet \u201dKhumalo\u201d och de har arbetat tillsammans med filmen \u201dVi \u00e4r som apelsiner\u201d (2016) som kommer att visas p\u00e5 filmfestivalen.<\/p>\n<p>L\u00e5ngfilmen fick internationellt erk\u00e4nnande i framf\u00f6rallt USA och av EU n\u00e4r den uts\u00e5gs till \u201dBest practiceagainst extremism\u201d, \u00e5r 2016. Sedan dess har filmen haft premi\u00e4r i flera huvudst\u00e4der i Europa och Afrika. Filmen \u00e4r den f\u00f6rsta att ge enafrosvensk kille en huvudroll utan att han kriminaliseras och sexualiseras, och behandlar problematiken kring afrofobi och avsaknaden i svensk historieundervisning om v\u00e5rt rasistiska arv.\u00a0<\/span><span data-ccp-props=\"{}\">\u00a0<\/span><\/p>\n<p><span data-contrast=\"auto\">Idag arbetar de tillsammans med ABF genom den ideella f\u00f6reningen Muzicadelic Entertainment f\u00f6r att lansera Sk\u00e4ggetorp Filmfestival med fyra syften:\u00a0<\/span><span data-ccp-props=\"{}\">\u00a0<\/span><\/p>\n<ul>\n<li data-leveltext=\"\uf0b7\" data-font=\"Symbol\" data-listid=\"1\" data-list-defn-props=\"{&quot;335552541&quot;:1,&quot;335559684&quot;:-2,&quot;335559685&quot;:720,&quot;335559991&quot;:360,&quot;469769226&quot;:&quot;Symbol&quot;,&quot;469769242&quot;:[8226],&quot;469777803&quot;:&quot;left&quot;,&quot;469777804&quot;:&quot;\uf0b7&quot;,&quot;469777815&quot;:&quot;hybridMultilevel&quot;}\" data-aria-posinset=\"1\" data-aria-level=\"1\"><span data-contrast=\"auto\">Att fr\u00e4mja nya n\u00e4tverksamm\u00f6jligheter f\u00f6r de som vill arbeta med film i omr\u00e5det f\u00f6r att m\u00f6jligg\u00f6ra att fler f\u00e5r delta i filmskapande i framtiden.\u00a0<\/span><span data-ccp-props=\"{}\">\u00a0<\/span><\/li>\n<\/ul>\n<ul>\n<li data-leveltext=\"\uf0b7\" data-font=\"Symbol\" data-listid=\"1\" data-list-defn-props=\"{&quot;335552541&quot;:1,&quot;335559684&quot;:-2,&quot;335559685&quot;:720,&quot;335559991&quot;:360,&quot;469769226&quot;:&quot;Symbol&quot;,&quot;469769242&quot;:[8226],&quot;469777803&quot;:&quot;left&quot;,&quot;469777804&quot;:&quot;\uf0b7&quot;,&quot;469777815&quot;:&quot;hybridMultilevel&quot;}\" data-aria-posinset=\"1\" data-aria-level=\"1\"><span data-contrast=\"auto\">Att visa filmer fr\u00e5n olika l\u00e4nder f\u00f6r att fr\u00e4mja den m\u00e5ngfald av spr\u00e5k och kulturer som finns i Sk\u00e4ggetorp och bidra till \u00f6kad k\u00e4nsla av samh\u00f6righet.\u00a0<\/span><span data-ccp-props=\"{}\">\u00a0<\/span><\/li>\n<li data-leveltext=\"\uf0b7\" data-font=\"Symbol\" data-listid=\"1\" data-list-defn-props=\"{&quot;335552541&quot;:1,&quot;335559684&quot;:-2,&quot;335559685&quot;:720,&quot;335559991&quot;:360,&quot;469769226&quot;:&quot;Symbol&quot;,&quot;469769242&quot;:[8226],&quot;469777803&quot;:&quot;left&quot;,&quot;469777804&quot;:&quot;\uf0b7&quot;,&quot;469777815&quot;:&quot;hybridMultilevel&quot;}\" data-aria-posinset=\"2\" data-aria-level=\"1\"><span data-contrast=\"auto\">Att visafilmer om integration i svenska samh\u00e4llet f\u00f6r att \u00f6ka dialogen om livsvillkoren i omr\u00e5det och v\u00e4gar fram\u00e5t.\u00a0<\/span><span data-ccp-props=\"{}\">\u00a0<\/span><\/li>\n<li data-leveltext=\"\uf0b7\" data-font=\"Symbol\" data-listid=\"1\" data-list-defn-props=\"{&quot;335552541&quot;:1,&quot;335559684&quot;:-2,&quot;335559685&quot;:720,&quot;335559991&quot;:360,&quot;469769226&quot;:&quot;Symbol&quot;,&quot;469769242&quot;:[8226],&quot;469777803&quot;:&quot;left&quot;,&quot;469777804&quot;:&quot;\uf0b7&quot;,&quot;469777815&quot;:&quot;hybridMultilevel&quot;}\" data-aria-posinset=\"3\" data-aria-level=\"1\"><span data-contrast=\"auto\">Att fr\u00e4mja representation och diskussioner kring vem som f\u00e5r spela boven och hj\u00e4lten i dramat.<\/span><span data-ccp-props=\"{}\">\u00a0<\/span><\/li>\n<\/ul>\n<p><span data-contrast=\"auto\">Cecilia G\u00e4rdings bok \u201dM\u00e5ngfalden i det svenska filmarvet\u201d kommer att presenteras p\u00e5 festivalen. Boken handlar om hur de nationella minoriteterna och personer med invandrarbakgrund speglas i svensk film ur ett historiskt perspektiv och presenterar \u00e4ven hur stereotyper i dessa filmer har p\u00e5verkats av svensk politik.\u00a0<\/span><span data-ccp-props=\"{&quot;335559685&quot;:0}\">\u00a0<\/span><\/p>\n<p><span data-contrast=\"auto\">Paneldiskussioner med representanter fr\u00e5n filmindustrin och aktiva filmakt\u00f6rer kommer att genomf\u00f6ras f\u00f6r att fr\u00e4mja m\u00e5ngfald och representation.<\/span><\/p>\n\n    <\/div>\n<\/div>\n","protected":false},"featured_media":0,"parent":0,"menu_order":0,"template":"","categories":[],"class_list":["post-934","news-article","type-news-article","status-publish","hentry"],"acf":[],"yoast_head":"<!-- This site is optimized with the Yoast SEO plugin v27.0 - https:\/\/yoast.com\/product\/yoast-seo-wordpress\/ -->\n<title>Sk\u00e4ggetorps filmfestival - \u00d6sterg\u00f6tland<\/title>\n<meta name=\"robots\" content=\"index, follow, max-snippet:-1, max-image-preview:large, max-video-preview:-1\" \/>\n<link rel=\"canonical\" href=\"https:\/\/www.abf.se\/ostergotland\/nyheter\/skaggetorps-filmfestival\/\" \/>\n<meta property=\"og:locale\" content=\"sv_SE\" \/>\n<meta property=\"og:type\" content=\"article\" \/>\n<meta property=\"og:title\" content=\"Sk\u00e4ggetorps filmfestival - \u00d6sterg\u00f6tland\" \/>\n<meta property=\"og:url\" content=\"https:\/\/www.abf.se\/ostergotland\/nyheter\/skaggetorps-filmfestival\/\" \/>\n<meta property=\"og:site_name\" content=\"\u00d6sterg\u00f6tland\" \/>\n<meta property=\"article:modified_time\" content=\"2024-04-23T14:46:17+00:00\" \/>\n<meta property=\"og:image\" content=\"https:\/\/www.abf.se\/wp-content\/uploads\/sites\/64\/2024\/04\/Nyckeln-liggande-scaled.jpg\" \/>\n\t<meta property=\"og:image:width\" content=\"2560\" \/>\n\t<meta property=\"og:image:height\" content=\"1440\" \/>\n\t<meta property=\"og:image:type\" content=\"image\/jpeg\" \/>\n<meta name=\"twitter:card\" content=\"summary_large_image\" \/>\n<script type=\"application\/ld+json\" class=\"yoast-schema-graph\">{\"@context\":\"https:\/\/schema.org\",\"@graph\":[{\"@type\":\"WebPage\",\"@id\":\"https:\/\/www.abf.se\/ostergotland\/nyheter\/skaggetorps-filmfestival\/\",\"url\":\"https:\/\/www.abf.se\/ostergotland\/nyheter\/skaggetorps-filmfestival\/\",\"name\":\"Sk\u00e4ggetorps filmfestival - \u00d6sterg\u00f6tland\",\"isPartOf\":{\"@id\":\"https:\/\/www.abf.se\/ostergotland\/#website\"},\"datePublished\":\"2023-09-27T14:43:00+00:00\",\"dateModified\":\"2024-04-23T14:46:17+00:00\",\"breadcrumb\":{\"@id\":\"https:\/\/www.abf.se\/ostergotland\/nyheter\/skaggetorps-filmfestival\/#breadcrumb\"},\"inLanguage\":\"sv-SE\",\"potentialAction\":[{\"@type\":\"ReadAction\",\"target\":[\"https:\/\/www.abf.se\/ostergotland\/nyheter\/skaggetorps-filmfestival\/\"]}]},{\"@type\":\"BreadcrumbList\",\"@id\":\"https:\/\/www.abf.se\/ostergotland\/nyheter\/skaggetorps-filmfestival\/#breadcrumb\",\"itemListElement\":[{\"@type\":\"ListItem\",\"position\":1,\"name\":\"Home\",\"item\":\"https:\/\/www.abf.se\/ostergotland\/\"},{\"@type\":\"ListItem\",\"position\":2,\"name\":\"Nyheter\",\"item\":\"https:\/\/www.abf.se\/ostergotland\/nyheter\/\"},{\"@type\":\"ListItem\",\"position\":3,\"name\":\"Sk\u00e4ggetorps filmfestival\"}]},{\"@type\":\"WebSite\",\"@id\":\"https:\/\/www.abf.se\/ostergotland\/#website\",\"url\":\"https:\/\/www.abf.se\/ostergotland\/\",\"name\":\"\u00d6sterg\u00f6tland\",\"description\":\"\",\"potentialAction\":[{\"@type\":\"SearchAction\",\"target\":{\"@type\":\"EntryPoint\",\"urlTemplate\":\"https:\/\/www.abf.se\/ostergotland\/?s={search_term_string}\"},\"query-input\":{\"@type\":\"PropertyValueSpecification\",\"valueRequired\":true,\"valueName\":\"search_term_string\"}}],\"inLanguage\":\"sv-SE\"}]}<\/script>\n<!-- \/ Yoast SEO plugin. -->","yoast_head_json":{"title":"Sk\u00e4ggetorps filmfestival - \u00d6sterg\u00f6tland","robots":{"index":"index","follow":"follow","max-snippet":"max-snippet:-1","max-image-preview":"max-image-preview:large","max-video-preview":"max-video-preview:-1"},"canonical":"https:\/\/www.abf.se\/ostergotland\/nyheter\/skaggetorps-filmfestival\/","og_locale":"sv_SE","og_type":"article","og_title":"Sk\u00e4ggetorps filmfestival - \u00d6sterg\u00f6tland","og_url":"https:\/\/www.abf.se\/ostergotland\/nyheter\/skaggetorps-filmfestival\/","og_site_name":"\u00d6sterg\u00f6tland","article_modified_time":"2024-04-23T14:46:17+00:00","og_image":[{"width":2560,"height":1440,"url":"https:\/\/www.abf.se\/wp-content\/uploads\/sites\/64\/2024\/04\/Nyckeln-liggande-scaled.jpg","type":"image\/jpeg"}],"twitter_card":"summary_large_image","schema":{"@context":"https:\/\/schema.org","@graph":[{"@type":"WebPage","@id":"https:\/\/www.abf.se\/ostergotland\/nyheter\/skaggetorps-filmfestival\/","url":"https:\/\/www.abf.se\/ostergotland\/nyheter\/skaggetorps-filmfestival\/","name":"Sk\u00e4ggetorps filmfestival - \u00d6sterg\u00f6tland","isPartOf":{"@id":"https:\/\/www.abf.se\/ostergotland\/#website"},"datePublished":"2023-09-27T14:43:00+00:00","dateModified":"2024-04-23T14:46:17+00:00","breadcrumb":{"@id":"https:\/\/www.abf.se\/ostergotland\/nyheter\/skaggetorps-filmfestival\/#breadcrumb"},"inLanguage":"sv-SE","potentialAction":[{"@type":"ReadAction","target":["https:\/\/www.abf.se\/ostergotland\/nyheter\/skaggetorps-filmfestival\/"]}]},{"@type":"BreadcrumbList","@id":"https:\/\/www.abf.se\/ostergotland\/nyheter\/skaggetorps-filmfestival\/#breadcrumb","itemListElement":[{"@type":"ListItem","position":1,"name":"Home","item":"https:\/\/www.abf.se\/ostergotland\/"},{"@type":"ListItem","position":2,"name":"Nyheter","item":"https:\/\/www.abf.se\/ostergotland\/nyheter\/"},{"@type":"ListItem","position":3,"name":"Sk\u00e4ggetorps filmfestival"}]},{"@type":"WebSite","@id":"https:\/\/www.abf.se\/ostergotland\/#website","url":"https:\/\/www.abf.se\/ostergotland\/","name":"\u00d6sterg\u00f6tland","description":"","potentialAction":[{"@type":"SearchAction","target":{"@type":"EntryPoint","urlTemplate":"https:\/\/www.abf.se\/ostergotland\/?s={search_term_string}"},"query-input":{"@type":"PropertyValueSpecification","valueRequired":true,"valueName":"search_term_string"}}],"inLanguage":"sv-SE"}]}},"_links":{"self":[{"href":"https:\/\/www.abf.se\/ostergotland\/wp-json\/wp\/v2\/news-article\/934","targetHints":{"allow":["GET"]}}],"collection":[{"href":"https:\/\/www.abf.se\/ostergotland\/wp-json\/wp\/v2\/news-article"}],"about":[{"href":"https:\/\/www.abf.se\/ostergotland\/wp-json\/wp\/v2\/types\/news-article"}],"wp:attachment":[{"href":"https:\/\/www.abf.se\/ostergotland\/wp-json\/wp\/v2\/media?parent=934"}],"wp:term":[{"taxonomy":"category","embeddable":true,"href":"https:\/\/www.abf.se\/ostergotland\/wp-json\/wp\/v2\/categories?post=934"}],"curies":[{"name":"wp","href":"https:\/\/api.w.org\/{rel}","templated":true}]}}