{"id":937,"date":"2023-12-12T16:46:00","date_gmt":"2023-12-12T15:46:00","guid":{"rendered":"https:\/\/www.abf.se\/ostergotland\/?post_type=news-article&#038;p=937"},"modified":"2024-04-23T16:49:03","modified_gmt":"2024-04-23T14:49:03","slug":"inte-som-lamm-till-slakt","status":"publish","type":"news-article","link":"https:\/\/www.abf.se\/ostergotland\/nyheter\/inte-som-lamm-till-slakt\/","title":{"rendered":"Inte som lamm till slakt"},"content":{"rendered":"<div\n    class=\"acf-article-text-block article-container my-12\"\n    data-block=\"article-text-block\"\n>\n    <div class=\"wysiwyg\">\n        <p>F\u00f6rfattaren Kenneth Hermele g\u00e4star Arbetets museum och ber\u00e4ttar om sin bok \u201dInte som lamm till slakt\u201d. Hermele ville f\u00f6rst skriva en bok om varf\u00f6r judar var passiva ist\u00e4llet f\u00f6r att g\u00f6ra motst\u00e5nd under F\u00f6rintelsen. Men han hittade en helt annan historia.<\/p>\n<p class=\"is-style-default\">Arrangeras som en del av programmet f\u00f6r Demokrati- och M\u00e4nniskov\u00e4rdesdagarna. Arrang\u00f6rer \u00e4r ABF, Arbetets museum, Arbetarr\u00f6relsens kulturfond och LO-distriktet Mellansverige<\/p>\n<p>Fri entr\u00e9.<\/p>\n<p>Du hittar hela programmet f\u00f6r Demokrati- och M\u00e4nniskov\u00e4rdesdagarna h\u00e4r\u00a0<a href=\"https:\/\/www.norrkoping.se\/demokratidagar\">Demokrati- och m\u00e4nniskov\u00e4rdedagar &#8211; Norrk\u00f6pings kommun (norrkoping.se)<\/a><a href=\"https:\/\/eur02.safelinks.protection.outlook.com\/?url=http%3A%2F%2Fwww.norrkoping.se%2Fdemokratidagar&amp;data=05%7C02%7Cmarten.mellberg%40arbetetsmuseum.se%7C1be45b45c9d04062f66408dbfa3fccbf%7Cadf22e36c7c542d69b0e43b7f40da136%7C0%7C0%7C638378924157684726%7CUnknown%7CTWFpbGZsb3d8eyJWIjoiMC4wLjAwMDAiLCJQIjoiV2luMzIiLCJBTiI6Ik1haWwiLCJXVCI6Mn0%3D%7C3000%7C%7C%7C&amp;sdata=RhUWyJNXUfaervIm6ES%2B40UrHyIExoFw%2FADj5ePIEpI%3D&amp;reserved=0\"><br \/>\n<\/a><\/p>\n<h3 class=\"wp-block-heading\">OM BOKEN<\/h3>\n<p>Varf\u00f6r gjorde judar inget motst\u00e5nd under F\u00f6rintelsen? Fr\u00e5gan var utg\u00e5ngspunkten f\u00f6r den h\u00e4r boken, en utg\u00e5ngspunkt som visade sig fullst\u00e4ndigt felaktig.<\/p>\n<p>I st\u00e4llet har Kenneth Hermele gr\u00e4vt fram en helt ok\u00e4nd historia som g\u00e5r tv\u00e4rt emot myten om judars passivitet. I denna banbrytande ber\u00e4ttelse avt\u00e4cker han ett landskap av judiskt motst\u00e5nd i m\u00e5nga och varierande former, ett motst\u00e5nd som dessutom \u00f6vertr\u00e4ffar andra gruppers f\u00f6rs\u00f6k att st\u00e5 upp mot Hitler.<\/p>\n<p>Judiska m\u00e4n och kvinnor satte eld p\u00e5 getton, spr\u00e4ngde r\u00e4ls och d\u00f6dade tyska soldater och deras kollaborat\u00f6rer. De smugglade mat, g\u00f6mde flyktingar, tog sig \u00f6ver gettomurarna, spred flygblad, dokumenterade f\u00f6rtrycket, h\u00f6ll fast vid traditioner och v\u00e4rdighet. Judar var partisaner och stred med de allierade i f\u00f6rv\u00e5nande antal.<\/p>\n<p>Kenneth Hermele ger de m\u00e5nga motst\u00e5ndshj\u00e4ltarna namn och liv, samtidigt som han tecknar en ny bild av de kontroversiella juder\u00e5den och p\u00e5 v\u00e4gen belyser det judiska motst\u00e5ndets filosofi under 2000 \u00e5r.<\/p>\n<p>Inte som lamm till slakt utmanar det vi trodde oss veta om F\u00f6rintelsen.<\/p>\n\n    <\/div>\n<\/div>\n","protected":false},"featured_media":0,"parent":0,"menu_order":0,"template":"","categories":[],"class_list":["post-937","news-article","type-news-article","status-publish","hentry"],"acf":[],"yoast_head":"<!-- This site is optimized with the Yoast SEO plugin v27.0 - https:\/\/yoast.com\/product\/yoast-seo-wordpress\/ -->\n<title>Inte som lamm till slakt - \u00d6sterg\u00f6tland<\/title>\n<meta name=\"robots\" content=\"index, follow, max-snippet:-1, max-image-preview:large, max-video-preview:-1\" \/>\n<link rel=\"canonical\" href=\"https:\/\/www.abf.se\/ostergotland\/nyheter\/inte-som-lamm-till-slakt\/\" \/>\n<meta property=\"og:locale\" content=\"sv_SE\" \/>\n<meta property=\"og:type\" content=\"article\" \/>\n<meta property=\"og:title\" content=\"Inte som lamm till slakt - \u00d6sterg\u00f6tland\" \/>\n<meta property=\"og:url\" content=\"https:\/\/www.abf.se\/ostergotland\/nyheter\/inte-som-lamm-till-slakt\/\" \/>\n<meta property=\"og:site_name\" content=\"\u00d6sterg\u00f6tland\" \/>\n<meta property=\"article:modified_time\" content=\"2024-04-23T14:49:03+00:00\" \/>\n<meta property=\"og:image\" content=\"https:\/\/www.abf.se\/wp-content\/uploads\/sites\/64\/2024\/04\/Nyckeln-liggande-scaled.jpg\" \/>\n\t<meta property=\"og:image:width\" content=\"2560\" \/>\n\t<meta property=\"og:image:height\" content=\"1440\" \/>\n\t<meta property=\"og:image:type\" content=\"image\/jpeg\" \/>\n<meta name=\"twitter:card\" content=\"summary_large_image\" \/>\n<script type=\"application\/ld+json\" class=\"yoast-schema-graph\">{\"@context\":\"https:\/\/schema.org\",\"@graph\":[{\"@type\":\"WebPage\",\"@id\":\"https:\/\/www.abf.se\/ostergotland\/nyheter\/inte-som-lamm-till-slakt\/\",\"url\":\"https:\/\/www.abf.se\/ostergotland\/nyheter\/inte-som-lamm-till-slakt\/\",\"name\":\"Inte som lamm till slakt - \u00d6sterg\u00f6tland\",\"isPartOf\":{\"@id\":\"https:\/\/www.abf.se\/ostergotland\/#website\"},\"datePublished\":\"2023-12-12T15:46:00+00:00\",\"dateModified\":\"2024-04-23T14:49:03+00:00\",\"breadcrumb\":{\"@id\":\"https:\/\/www.abf.se\/ostergotland\/nyheter\/inte-som-lamm-till-slakt\/#breadcrumb\"},\"inLanguage\":\"sv-SE\",\"potentialAction\":[{\"@type\":\"ReadAction\",\"target\":[\"https:\/\/www.abf.se\/ostergotland\/nyheter\/inte-som-lamm-till-slakt\/\"]}]},{\"@type\":\"BreadcrumbList\",\"@id\":\"https:\/\/www.abf.se\/ostergotland\/nyheter\/inte-som-lamm-till-slakt\/#breadcrumb\",\"itemListElement\":[{\"@type\":\"ListItem\",\"position\":1,\"name\":\"Home\",\"item\":\"https:\/\/www.abf.se\/ostergotland\/\"},{\"@type\":\"ListItem\",\"position\":2,\"name\":\"Nyheter\",\"item\":\"https:\/\/www.abf.se\/ostergotland\/nyheter\/\"},{\"@type\":\"ListItem\",\"position\":3,\"name\":\"Inte som lamm till slakt\"}]},{\"@type\":\"WebSite\",\"@id\":\"https:\/\/www.abf.se\/ostergotland\/#website\",\"url\":\"https:\/\/www.abf.se\/ostergotland\/\",\"name\":\"\u00d6sterg\u00f6tland\",\"description\":\"\",\"potentialAction\":[{\"@type\":\"SearchAction\",\"target\":{\"@type\":\"EntryPoint\",\"urlTemplate\":\"https:\/\/www.abf.se\/ostergotland\/?s={search_term_string}\"},\"query-input\":{\"@type\":\"PropertyValueSpecification\",\"valueRequired\":true,\"valueName\":\"search_term_string\"}}],\"inLanguage\":\"sv-SE\"}]}<\/script>\n<!-- \/ Yoast SEO plugin. -->","yoast_head_json":{"title":"Inte som lamm till slakt - \u00d6sterg\u00f6tland","robots":{"index":"index","follow":"follow","max-snippet":"max-snippet:-1","max-image-preview":"max-image-preview:large","max-video-preview":"max-video-preview:-1"},"canonical":"https:\/\/www.abf.se\/ostergotland\/nyheter\/inte-som-lamm-till-slakt\/","og_locale":"sv_SE","og_type":"article","og_title":"Inte som lamm till slakt - \u00d6sterg\u00f6tland","og_url":"https:\/\/www.abf.se\/ostergotland\/nyheter\/inte-som-lamm-till-slakt\/","og_site_name":"\u00d6sterg\u00f6tland","article_modified_time":"2024-04-23T14:49:03+00:00","og_image":[{"width":2560,"height":1440,"url":"https:\/\/www.abf.se\/wp-content\/uploads\/sites\/64\/2024\/04\/Nyckeln-liggande-scaled.jpg","type":"image\/jpeg"}],"twitter_card":"summary_large_image","schema":{"@context":"https:\/\/schema.org","@graph":[{"@type":"WebPage","@id":"https:\/\/www.abf.se\/ostergotland\/nyheter\/inte-som-lamm-till-slakt\/","url":"https:\/\/www.abf.se\/ostergotland\/nyheter\/inte-som-lamm-till-slakt\/","name":"Inte som lamm till slakt - \u00d6sterg\u00f6tland","isPartOf":{"@id":"https:\/\/www.abf.se\/ostergotland\/#website"},"datePublished":"2023-12-12T15:46:00+00:00","dateModified":"2024-04-23T14:49:03+00:00","breadcrumb":{"@id":"https:\/\/www.abf.se\/ostergotland\/nyheter\/inte-som-lamm-till-slakt\/#breadcrumb"},"inLanguage":"sv-SE","potentialAction":[{"@type":"ReadAction","target":["https:\/\/www.abf.se\/ostergotland\/nyheter\/inte-som-lamm-till-slakt\/"]}]},{"@type":"BreadcrumbList","@id":"https:\/\/www.abf.se\/ostergotland\/nyheter\/inte-som-lamm-till-slakt\/#breadcrumb","itemListElement":[{"@type":"ListItem","position":1,"name":"Home","item":"https:\/\/www.abf.se\/ostergotland\/"},{"@type":"ListItem","position":2,"name":"Nyheter","item":"https:\/\/www.abf.se\/ostergotland\/nyheter\/"},{"@type":"ListItem","position":3,"name":"Inte som lamm till slakt"}]},{"@type":"WebSite","@id":"https:\/\/www.abf.se\/ostergotland\/#website","url":"https:\/\/www.abf.se\/ostergotland\/","name":"\u00d6sterg\u00f6tland","description":"","potentialAction":[{"@type":"SearchAction","target":{"@type":"EntryPoint","urlTemplate":"https:\/\/www.abf.se\/ostergotland\/?s={search_term_string}"},"query-input":{"@type":"PropertyValueSpecification","valueRequired":true,"valueName":"search_term_string"}}],"inLanguage":"sv-SE"}]}},"_links":{"self":[{"href":"https:\/\/www.abf.se\/ostergotland\/wp-json\/wp\/v2\/news-article\/937","targetHints":{"allow":["GET"]}}],"collection":[{"href":"https:\/\/www.abf.se\/ostergotland\/wp-json\/wp\/v2\/news-article"}],"about":[{"href":"https:\/\/www.abf.se\/ostergotland\/wp-json\/wp\/v2\/types\/news-article"}],"wp:attachment":[{"href":"https:\/\/www.abf.se\/ostergotland\/wp-json\/wp\/v2\/media?parent=937"}],"wp:term":[{"taxonomy":"category","embeddable":true,"href":"https:\/\/www.abf.se\/ostergotland\/wp-json\/wp\/v2\/categories?post=937"}],"curies":[{"name":"wp","href":"https:\/\/api.w.org\/{rel}","templated":true}]}}