{"id":820,"date":"2026-09-02T13:16:08","date_gmt":"2026-09-02T11:16:08","guid":{"rendered":"https:\/\/www.abf.se\/smalands-inland\/?post_type=news-article&#038;p=820"},"modified":"2026-09-02T13:16:09","modified_gmt":"2026-09-02T11:16:09","slug":"20-kulturprofiler-till-politiken-lat-inte-sverige-tystna","status":"publish","type":"news-article","link":"https:\/\/www.abf.se\/smalands-inland\/nyheter\/20-kulturprofiler-till-politiken-lat-inte-sverige-tystna\/","title":{"rendered":"20 kulturprofiler till politiken: L\u00e5t inte Sverige tystna"},"content":{"rendered":"<div\n    class=\"acf-article-text-block article-container my-12\"\n    data-block=\"article-text-block\"\n>\n    <div class=\"wysiwyg\">\n        <p>Medan anslagen till folkbildningen har skurits ned med 500 miljoner kronor och kulturverksamheter pressas \u00f6ver hela landet g\u00e5r nu ett 20-tal av Sveriges mest k\u00e4nda artister och sk\u00e5despelare samman inf\u00f6r valet. Genom samarbetet mellan ABF Sverige och Kulturval-26 kr\u00e4ver de att kultur och folkbildning f\u00e5r en tydligare plats i valdebatten och varnar f\u00f6r vilka r\u00f6ster som riskerar att aldrig f\u00e5 h\u00f6ras.<\/p>\n\n    <\/div>\n<\/div>\n<div\n    class=\"acf-article-image-block mb-12 article-container-lg\"\n    data-block=\"article-image-block\"\n>\n<div class=\"\">\n\n        <figure>\n        \n            <picture class=\"round-corners-lg w-full\"><img decoding=\"async\" src=\"https:\/\/www.abf.se\/smalands-inland\/resized\/?url=https%3A%2F%2Fwww.abf.se%2Fwp-content%2Fuploads%2Fsites%2F31%2F2026%2F09%2FKulturfilm-20-ansikten.webp&#038;fit=contain&#038;w=788&#038;s=388e5d15ec938ae7a904f33e004e8003\" srcset=\"https:\/\/www.abf.se\/smalands-inland\/resized\/?url=https%3A%2F%2Fwww.abf.se%2Fwp-content%2Fuploads%2Fsites%2F31%2F2026%2F09%2FKulturfilm-20-ansikten.webp&#038;fit=contain&#038;w=375&#038;h=210&#038;s=8a62141f9490cb79783c7abd883f9dd2 375w, https:\/\/www.abf.se\/smalands-inland\/resized\/?url=https%3A%2F%2Fwww.abf.se%2Fwp-content%2Fuploads%2Fsites%2F31%2F2026%2F09%2FKulturfilm-20-ansikten.webp&#038;fit=contain&#038;w=447&#038;h=251&#038;s=0795f170aed0e3e8fcab4ca8d326e24e 447w, https:\/\/www.abf.se\/smalands-inland\/resized\/?url=https%3A%2F%2Fwww.abf.se%2Fwp-content%2Fuploads%2Fsites%2F31%2F2026%2F09%2FKulturfilm-20-ansikten.webp&#038;fit=contain&#038;w=519&#038;h=291&#038;s=d765ce8c466284a47bbde410e94a0e62 519w, https:\/\/www.abf.se\/smalands-inland\/resized\/?url=https%3A%2F%2Fwww.abf.se%2Fwp-content%2Fuploads%2Fsites%2F31%2F2026%2F09%2FKulturfilm-20-ansikten.webp&#038;fit=contain&#038;w=591&#038;h=332&#038;s=497ab96a5db8377ba34e6d7a560fc97d 591w, https:\/\/www.abf.se\/smalands-inland\/resized\/?url=https%3A%2F%2Fwww.abf.se%2Fwp-content%2Fuploads%2Fsites%2F31%2F2026%2F09%2FKulturfilm-20-ansikten.webp&#038;fit=contain&#038;w=663&#038;h=372&#038;s=e3c15142130fc5fcc12907f3fdc25f93 663w, https:\/\/www.abf.se\/smalands-inland\/resized\/?url=https%3A%2F%2Fwww.abf.se%2Fwp-content%2Fuploads%2Fsites%2F31%2F2026%2F09%2FKulturfilm-20-ansikten.webp&#038;fit=contain&#038;w=735&#038;h=413&#038;s=55da7a52ea54715c71bfb7b540a885af 735w, https:\/\/www.abf.se\/smalands-inland\/resized\/?url=https%3A%2F%2Fwww.abf.se%2Fwp-content%2Fuploads%2Fsites%2F31%2F2026%2F09%2FKulturfilm-20-ansikten.webp&#038;fit=contain&#038;w=750&#038;h=421&#038;s=9ac774b93cb73064cb5c474ec6dba802 750w, https:\/\/www.abf.se\/smalands-inland\/resized\/?url=https%3A%2F%2Fwww.abf.se%2Fwp-content%2Fuploads%2Fsites%2F31%2F2026%2F09%2FKulturfilm-20-ansikten.webp&#038;fit=contain&#038;w=788&#038;s=388e5d15ec938ae7a904f33e004e8003 788w, https:\/\/www.abf.se\/smalands-inland\/resized\/?url=https%3A%2F%2Fwww.abf.se%2Fwp-content%2Fuploads%2Fsites%2F31%2F2026%2F09%2FKulturfilm-20-ansikten.webp&#038;fit=contain&#038;w=894&#038;h=502&#038;s=6755d4af75ad06462682a42fadcc3f43 894w, https:\/\/www.abf.se\/smalands-inland\/resized\/?url=https%3A%2F%2Fwww.abf.se%2Fwp-content%2Fuploads%2Fsites%2F31%2F2026%2F09%2FKulturfilm-20-ansikten.webp&#038;fit=contain&#038;w=1038&#038;h=583&#038;s=4aaa18807ed79632275d019c94abe79d 1038w, https:\/\/www.abf.se\/smalands-inland\/resized\/?url=https%3A%2F%2Fwww.abf.se%2Fwp-content%2Fuploads%2Fsites%2F31%2F2026%2F09%2FKulturfilm-20-ansikten.webp&#038;fit=contain&#038;w=1182&#038;h=664&#038;s=88e3665dc479209955d09660781ed485 1182w, https:\/\/www.abf.se\/smalands-inland\/resized\/?url=https%3A%2F%2Fwww.abf.se%2Fwp-content%2Fuploads%2Fsites%2F31%2F2026%2F09%2FKulturfilm-20-ansikten.webp&#038;fit=contain&#038;w=1326&#038;h=745&#038;s=232eba97a19b09633334e11156d9a642 1326w, https:\/\/www.abf.se\/smalands-inland\/resized\/?url=https%3A%2F%2Fwww.abf.se%2Fwp-content%2Fuploads%2Fsites%2F31%2F2026%2F09%2FKulturfilm-20-ansikten.webp&#038;fit=contain&#038;w=1470&#038;h=826&#038;s=d72a8d9a74806eb7e94980b49ae2c1ba 1470w\" alt=\"Kulturfilm 20 ansikten\" height=\"443\" width=\"788\" sizes=\"auto, (max-width: 768px) calc(100vw - 40px), 788px\" loading=\"lazy\" fetchpriority=\"low\" class=\"round-corners-lg w-full\" \/><\/picture>\n                        <\/figure>\n        <\/div>\n\n<\/div>\n<div\n    class=\"acf-article-text-block article-container my-12\"\n    data-block=\"article-text-block\"\n>\n    <div class=\"wysiwyg\">\n        <p>Kultur och folkbildning st\u00e5r i centrum n\u00e4r Love Antell, Simon Superti, Myra Granberg, Sissela Kyle, Lena Endre, Marie G\u00f6ranzon och Tommy K\u00f6rberg tillsammans med flera andra kulturpersonligheter medverkar i en serie filmer. Budskapet \u00e4r att nedsk\u00e4rningarna inte bara handlar om pengar, utan om vilka m\u00e4nniskor och r\u00f6ster som f\u00e5r m\u00f6jlighet att h\u00f6ras.<\/p>\n<p>Museer och fria teatrar pressas av \u00f6kade kostnader, filmbranschen befinner sig i ett krisl\u00e4ge och omkring var tredje krona har f\u00f6rsvunnit fr\u00e5n studief\u00f6rbunden.<\/p>\n<p>\u2013 Utan kultur och folkbildning tystnar Sverige. Det g\u00e5r inte att hylla svenska artister p\u00e5 de stora scenerna och samtidigt montera ned de replokaler, studief\u00f6rbund och kulturverksamheter d\u00e4r n\u00e4sta generation sk\u00e5despelare och artister finns,\u00a0<strong>s\u00e4ger Tomas Eneroth, f\u00f6rbundsordf\u00f6rande i ABF.<\/strong><\/p>\n<h3>Kultur och folkbildning \u00e4r en demokratifr\u00e5ga<\/h3>\n<p>N\u00e4r replokaler, studiecirklar och lokala kulturverksamheter f\u00f6rsvinner minskar ocks\u00e5 m\u00e4nniskors m\u00f6jligheter att m\u00f6tas, bilda sig och uttrycka sig. Det \u00e4r platser d\u00e4r nya r\u00f6ster, id\u00e9er och ber\u00e4ttelser f\u00e5r sin b\u00f6rjan, inte minst f\u00f6r m\u00e4nniskor som annars riskerar att st\u00e5 utanf\u00f6r samh\u00e4llsdebatten.<\/p>\n<p>\u2013 Kultur \u00e4r en del av m\u00e4nniskors liv och alldeles f\u00f6r viktig f\u00f6r att hamna vid sidan av valr\u00f6relsen. Nu m\u00e5ste partierna svara p\u00e5 vilken plats kulturen ska f\u00e5 i framtidens Sverige,\u00a0<strong>s\u00e4ger Berit Gullberg, en av initiativtagarna till Kulturval 26.<\/strong><\/p>\n<h3>20 kulturprofiler g\u00f6r gemensam sak<\/h3>\n<p>Samarbetet mellan\u00a0<a href=\"http:\/\/www.abf.se\/\">ABF<\/a>\u00a0och\u00a0<a href=\"https:\/\/www.facebook.com\/profile.php?id=61593664341765\">Kulturval-26<\/a>\u00a0lyfter d\u00e4rmed ocks\u00e5 en demokratifr\u00e5ga: vem f\u00e5r m\u00f6jlighet att delta, skapa och g\u00f6ra sin r\u00f6st h\u00f6rd? Ett levande kulturliv finns inte bara p\u00e5 de stora scenerna, utan i m\u00e4nniskors vardag: p\u00e5 bibliotek, i f\u00f6reningar, replokaler, studiecirklar och lokala kulturhus.<br \/>\nDe medverkande vill se ett samh\u00e4lle d\u00e4r alla, oavsett ekonomi eller var i landet de bor, kan b\u00e5de uppleva och ut\u00f6va kultur.<\/p>\n<p><strong>Inf\u00f6r valet \u00e4r budskapet tydligt: N\u00e4r platserna d\u00e4r m\u00e4nniskor kan m\u00f6tas, skapa och g\u00f6ra sina r\u00f6ster h\u00f6rda f\u00f6rsvinner, riskerar ocks\u00e5 r\u00f6ster att tystna. Kultur och folkbildning m\u00e5ste d\u00e4rf\u00f6r bli en valfr\u00e5ga.<\/strong><\/p>\n\n    <\/div>\n<\/div>\n<div\n        class=\"acf-article-video-block article-container-lg my-12 external-video\"\n        data-block=\"article-video-block\"\n    >\n                    <h2 class=\"heading-md mb-3 text-black\">Film f\u00f6r kulturen<\/h2>\n                \n                    <iframe loading=\"lazy\" title=\"ABF Film f\u00f6r kulturen 2026\" width=\"500\" height=\"281\" src=\"https:\/\/www.youtube.com\/embed\/JCcfpgRgpzk?feature=oembed\" frameborder=\"0\" allow=\"accelerometer; autoplay; clipboard-write; encrypted-media; gyroscope; picture-in-picture; web-share\" referrerpolicy=\"strict-origin-when-cross-origin\" allowfullscreen><\/iframe>\n                            <\/div>\n<div\n    class=\"acf-article-facts-block article-container  my-8 \"\n    data-block=\"article-facts-block\"\n>\n<div class=\"bg-teal-light border border-teal p-8 rounded-corners-sm\">\n<header>\n        <h2 class=\"heading-md text-teal-dark mb-3\">\n            Utan kultur och Folkbildning tystnar Sverige\n        <\/h2>\n    <\/header>\n    <div class=\"wysiwyg\">\n        <p><strong>En film av Kulturval-26 och ABF<\/strong><\/p>\n<p><strong>Id\u00e9 och manus:<\/strong>\u00a0Fredrik Pettersson, Henrik von Sydow, Marko M\u00e4\u00e4tt\u00e4, Emil Berglund<br \/>\n<strong>Producent:<\/strong>\u00a0Marko M\u00e4\u00e4tt\u00e4\/<a href=\"https:\/\/astory.se\/\">aStory<\/a><br \/>\n<strong>Regi:<\/strong>\u00a0Henrik von Sydow, Fredrik Pettersson, Marko M\u00e4\u00e4tt\u00e4<br \/>\n<strong>Regiassistent:<\/strong>\u00a0Emil Berglund<br \/>\n<strong>Filmning:<\/strong>\u00a0Adam Ljung\/<a href=\"https:\/\/www.indept.se\/\">InDept<\/a><br \/>\n<strong>Klippning:<\/strong>\u00a0Adam Ljung, Fredrik Pettersson, Marko M\u00e4\u00e4tt\u00e4, Henrik von Sydow<br \/>\n<span data-teams=\"true\"><b>Musik:\u00a0<\/b>\u201dRound the back of the arches\u201d (Desmond O\u2019Connor\/Kennedy Russel), framf\u00f6rt av Gunnar Sandev\u00e4rn i arrangemang av Gunnar Sandev\u00e4rn och Patrik Kolar.<\/span><br \/>\n<strong>Make-up:<\/strong>\u00a0<a href=\"https:\/\/www.instagram.com\/stjernglans\/\">Sara Stjernberg<\/a><br \/>\n<strong>Produktionsassistenter:<\/strong>\u00a0Caroline Forsl\u00f6w, Peggy J\u00f6nsson<\/p>\n<p><strong>S\u00e4rskilt tack till:<\/strong>\u00a0<a href=\"https:\/\/tribunalen.com\/\">Teater Tribunalen<\/a>\u00a0och alla medverkande kulturarbetare som bidragit med sina ber\u00e4ttelser, sin erfarenhet och sin tid.<\/p>\n\n    <\/div>\n<\/div>\n\n<\/div>\n<div\n    class=\"acf-article-text-block article-container my-12\"\n    data-block=\"article-text-block\"\n>\n    <div class=\"wysiwyg\">\n        <h3>Om Kulturval-26<\/h3>\n<p>Kulturval-26 samlar ett 80-tal kulturarbetare fr\u00e5n film, musik, scenkonst, litteratur, konst och folkbildning som inf\u00f6r valet vill g\u00f6ra kultur till en sj\u00e4lvklar valfr\u00e5ga och lyfta kulturens betydelse f\u00f6r ett \u00f6ppet demokratiskt samh\u00e4lle.<\/p>\n<h3>Om ABF<\/h3>\n<p>Arbetarnas Bildningsf\u00f6rbund (ABF) \u00e4r Sveriges st\u00f6rsta studief\u00f6rbund som erbjuder studiecirklar, kurser, f\u00f6rel\u00e4sningar och kulturarrangemang i Sveriges alla kommuner.<br \/>\nABF fungerar som en m\u00f6tesplats f\u00f6r kunskap, folkbildning och kultur, f\u00f6r delaktighet och demokrati.<\/p>\n<p><strong>F\u00f6r mer information, kontakta:<br \/>\n<\/strong>Fredrik Pettersson, kommunikationschef ABF Sverige<br \/>\nfredrik.pettersson@abf.se<br \/>\n0703- 83 42 19<\/p>\n\n    <\/div>\n<\/div>\n","protected":false},"featured_media":0,"parent":0,"menu_order":0,"template":"","categories":[],"class_list":["post-820","news-article","type-news-article","status-publish","hentry"],"acf":[],"yoast_head":"<!-- This site is optimized with the Yoast SEO plugin v27.0 - https:\/\/yoast.com\/product\/yoast-seo-wordpress\/ -->\n<title>20 kulturprofiler till politiken: L\u00e5t inte Sverige tystna - Sm\u00e5lands Inland<\/title>\n<meta name=\"robots\" content=\"index, follow, max-snippet:-1, max-image-preview:large, max-video-preview:-1\" \/>\n<link rel=\"canonical\" href=\"https:\/\/www.abf.se\/smalands-inland\/nyheter\/20-kulturprofiler-till-politiken-lat-inte-sverige-tystna\/\" \/>\n<meta property=\"og:locale\" content=\"sv_SE\" \/>\n<meta property=\"og:type\" content=\"article\" \/>\n<meta property=\"og:title\" content=\"20 kulturprofiler till politiken: L\u00e5t inte Sverige tystna - Sm\u00e5lands Inland\" \/>\n<meta property=\"og:url\" content=\"https:\/\/www.abf.se\/smalands-inland\/nyheter\/20-kulturprofiler-till-politiken-lat-inte-sverige-tystna\/\" \/>\n<meta property=\"og:site_name\" content=\"Sm\u00e5lands Inland\" \/>\n<meta property=\"article:modified_time\" content=\"2026-09-02T11:16:09+00:00\" \/>\n<meta property=\"og:image\" content=\"https:\/\/www.abf.se\/wp-content\/uploads\/sites\/31\/2024\/04\/Nyckeln-liggande-scaled.jpg\" \/>\n\t<meta property=\"og:image:width\" content=\"2560\" \/>\n\t<meta property=\"og:image:height\" content=\"1440\" \/>\n\t<meta property=\"og:image:type\" content=\"image\/jpeg\" \/>\n<meta name=\"twitter:card\" content=\"summary_large_image\" \/>\n<script type=\"application\/ld+json\" class=\"yoast-schema-graph\">{\"@context\":\"https:\/\/schema.org\",\"@graph\":[{\"@type\":\"WebPage\",\"@id\":\"https:\/\/www.abf.se\/smalands-inland\/nyheter\/20-kulturprofiler-till-politiken-lat-inte-sverige-tystna\/\",\"url\":\"https:\/\/www.abf.se\/smalands-inland\/nyheter\/20-kulturprofiler-till-politiken-lat-inte-sverige-tystna\/\",\"name\":\"20 kulturprofiler till politiken: L\u00e5t inte Sverige tystna - Sm\u00e5lands Inland\",\"isPartOf\":{\"@id\":\"https:\/\/www.abf.se\/smalands-inland\/#website\"},\"datePublished\":\"2026-09-02T11:16:08+00:00\",\"dateModified\":\"2026-09-02T11:16:09+00:00\",\"breadcrumb\":{\"@id\":\"https:\/\/www.abf.se\/smalands-inland\/nyheter\/20-kulturprofiler-till-politiken-lat-inte-sverige-tystna\/#breadcrumb\"},\"inLanguage\":\"sv-SE\",\"potentialAction\":[{\"@type\":\"ReadAction\",\"target\":[\"https:\/\/www.abf.se\/smalands-inland\/nyheter\/20-kulturprofiler-till-politiken-lat-inte-sverige-tystna\/\"]}]},{\"@type\":\"BreadcrumbList\",\"@id\":\"https:\/\/www.abf.se\/smalands-inland\/nyheter\/20-kulturprofiler-till-politiken-lat-inte-sverige-tystna\/#breadcrumb\",\"itemListElement\":[{\"@type\":\"ListItem\",\"position\":1,\"name\":\"Home\",\"item\":\"https:\/\/www.abf.se\/smalands-inland\/\"},{\"@type\":\"ListItem\",\"position\":2,\"name\":\"Nyheter\",\"item\":\"https:\/\/www.abf.se\/smalands-inland\/nyheter\/\"},{\"@type\":\"ListItem\",\"position\":3,\"name\":\"20 kulturprofiler till politiken: L\u00e5t inte Sverige tystna\"}]},{\"@type\":\"WebSite\",\"@id\":\"https:\/\/www.abf.se\/smalands-inland\/#website\",\"url\":\"https:\/\/www.abf.se\/smalands-inland\/\",\"name\":\"Sm\u00e5lands Inland\",\"description\":\"\",\"potentialAction\":[{\"@type\":\"SearchAction\",\"target\":{\"@type\":\"EntryPoint\",\"urlTemplate\":\"https:\/\/www.abf.se\/smalands-inland\/?s={search_term_string}\"},\"query-input\":{\"@type\":\"PropertyValueSpecification\",\"valueRequired\":true,\"valueName\":\"search_term_string\"}}],\"inLanguage\":\"sv-SE\"}]}<\/script>\n<!-- \/ Yoast SEO plugin. -->","yoast_head_json":{"title":"20 kulturprofiler till politiken: L\u00e5t inte Sverige tystna - Sm\u00e5lands Inland","robots":{"index":"index","follow":"follow","max-snippet":"max-snippet:-1","max-image-preview":"max-image-preview:large","max-video-preview":"max-video-preview:-1"},"canonical":"https:\/\/www.abf.se\/smalands-inland\/nyheter\/20-kulturprofiler-till-politiken-lat-inte-sverige-tystna\/","og_locale":"sv_SE","og_type":"article","og_title":"20 kulturprofiler till politiken: L\u00e5t inte Sverige tystna - Sm\u00e5lands Inland","og_url":"https:\/\/www.abf.se\/smalands-inland\/nyheter\/20-kulturprofiler-till-politiken-lat-inte-sverige-tystna\/","og_site_name":"Sm\u00e5lands Inland","article_modified_time":"2026-09-02T11:16:09+00:00","og_image":[{"width":2560,"height":1440,"url":"https:\/\/www.abf.se\/wp-content\/uploads\/sites\/31\/2024\/04\/Nyckeln-liggande-scaled.jpg","type":"image\/jpeg"}],"twitter_card":"summary_large_image","schema":{"@context":"https:\/\/schema.org","@graph":[{"@type":"WebPage","@id":"https:\/\/www.abf.se\/smalands-inland\/nyheter\/20-kulturprofiler-till-politiken-lat-inte-sverige-tystna\/","url":"https:\/\/www.abf.se\/smalands-inland\/nyheter\/20-kulturprofiler-till-politiken-lat-inte-sverige-tystna\/","name":"20 kulturprofiler till politiken: L\u00e5t inte Sverige tystna - Sm\u00e5lands Inland","isPartOf":{"@id":"https:\/\/www.abf.se\/smalands-inland\/#website"},"datePublished":"2026-09-02T11:16:08+00:00","dateModified":"2026-09-02T11:16:09+00:00","breadcrumb":{"@id":"https:\/\/www.abf.se\/smalands-inland\/nyheter\/20-kulturprofiler-till-politiken-lat-inte-sverige-tystna\/#breadcrumb"},"inLanguage":"sv-SE","potentialAction":[{"@type":"ReadAction","target":["https:\/\/www.abf.se\/smalands-inland\/nyheter\/20-kulturprofiler-till-politiken-lat-inte-sverige-tystna\/"]}]},{"@type":"BreadcrumbList","@id":"https:\/\/www.abf.se\/smalands-inland\/nyheter\/20-kulturprofiler-till-politiken-lat-inte-sverige-tystna\/#breadcrumb","itemListElement":[{"@type":"ListItem","position":1,"name":"Home","item":"https:\/\/www.abf.se\/smalands-inland\/"},{"@type":"ListItem","position":2,"name":"Nyheter","item":"https:\/\/www.abf.se\/smalands-inland\/nyheter\/"},{"@type":"ListItem","position":3,"name":"20 kulturprofiler till politiken: L\u00e5t inte Sverige tystna"}]},{"@type":"WebSite","@id":"https:\/\/www.abf.se\/smalands-inland\/#website","url":"https:\/\/www.abf.se\/smalands-inland\/","name":"Sm\u00e5lands Inland","description":"","potentialAction":[{"@type":"SearchAction","target":{"@type":"EntryPoint","urlTemplate":"https:\/\/www.abf.se\/smalands-inland\/?s={search_term_string}"},"query-input":{"@type":"PropertyValueSpecification","valueRequired":true,"valueName":"search_term_string"}}],"inLanguage":"sv-SE"}]}},"_links":{"self":[{"href":"https:\/\/www.abf.se\/smalands-inland\/wp-json\/wp\/v2\/news-article\/820","targetHints":{"allow":["GET"]}}],"collection":[{"href":"https:\/\/www.abf.se\/smalands-inland\/wp-json\/wp\/v2\/news-article"}],"about":[{"href":"https:\/\/www.abf.se\/smalands-inland\/wp-json\/wp\/v2\/types\/news-article"}],"wp:attachment":[{"href":"https:\/\/www.abf.se\/smalands-inland\/wp-json\/wp\/v2\/media?parent=820"}],"wp:term":[{"taxonomy":"category","embeddable":true,"href":"https:\/\/www.abf.se\/smalands-inland\/wp-json\/wp\/v2\/categories?post=820"}],"curies":[{"name":"wp","href":"https:\/\/api.w.org\/{rel}","templated":true}]}}