{"id":2348,"date":"2025-04-28T08:57:53","date_gmt":"2025-04-28T06:57:53","guid":{"rendered":"https:\/\/www.abf.se\/sodertorn\/?post_type=news-article&#038;p=2348"},"modified":"2025-04-28T08:57:54","modified_gmt":"2025-04-28T06:57:54","slug":"fordjupa-ditt-ledarskap-folj-med-pa-cirkelledarkollo-pa-brunnsvik-i-sommar","status":"publish","type":"news-article","link":"https:\/\/www.abf.se\/sodertorn\/nyheter\/fordjupa-ditt-ledarskap-folj-med-pa-cirkelledarkollo-pa-brunnsvik-i-sommar\/","title":{"rendered":"F\u00f6rdjupa ditt ledarskap \u2013 f\u00f6lj med p\u00e5 Cirkelledarkollo p\u00e5 Brunnsvik i sommar"},"content":{"rendered":"<div\n    class=\"acf-article-text-block article-container my-12\"\n    data-block=\"article-text-block\"\n>\n    <div class=\"wysiwyg\">\n        <p class=\"\" data-start=\"328\" data-end=\"524\">Den 27\u201329 juni bjuder vi in dig som \u00e4r cirkelledare inom ABF S\u00f6dert\u00f6rn och har g\u00e5tt Cirkelledarutbildning Grund, till en inspirerande utbildningshelg p\u00e5 klassiska Brunnsviks folkh\u00f6gskola i Ludvika.<\/p>\n<p class=\"\" data-start=\"526\" data-end=\"683\">Cirkelledarkollot \u00e4r en forts\u00e4ttningsutbildning f\u00f6r dig som vill utvecklas vidare i din roll som ledare. Under helgen arbetar vi med tv\u00e5 f\u00f6rdjupningsmoduler:<\/p>\n<ul>\n<li><strong>Gruppens arbete<\/strong> \u2013 om att skapa trygghet, f\u00f6rebygga konflikter och fr\u00e4mja l\u00e4rande<\/li>\n<li><strong>ABFs historia<\/strong> \u2013 med ber\u00e4ttelser, samtal och vandring i folkbildningens vagga<\/li>\n<\/ul>\n<p>Som bonus p\u00e5g\u00e5r <a href=\"https:\/\/www.visitdalarna.se\/gora\/evenemang\/brunnsvik-music-festival-2025\">Brunnsvik Music Festival<\/a> samtidigt \u2013 kv\u00e4llarna bjuder p\u00e5 musik med utsikt \u00f6ver sj\u00f6n V\u00e4sman (entr\u00e9 ing\u00e5r f\u00f6r v\u00e5ra deltagare!).<\/p>\n\n    <\/div>\n<\/div>\n<div\n    class=\"acf-article-cta-link-block article-container my-8\"\n    data-block=\"article-cta-link-block\"\n>\n<div>\n    <a class=\"inline-flex flex-row items-center gap-4 text-link underline text-red-dark\"\n        href=\"https:\/\/www.abf.se\/distriktet-i-stockholmsregionen\/kurs\/cirkelledarkollo-3813195\/\"\n                target=\"_blank\"\n            >\n        <span class=\"\">\n        L\u00e4s mer p\u00e5 ABFs Stockholmsdistrikts hemsida\n        <\/span>\n        <figure aria-hidden=\"true\" class=\"rounded-full bg-red-dark w-8 h-8 p-1 text-white\">\n            <svg width=\"20\" height=\"20\" viewBox=\"0 0 20 20\" fill=\"none\" class=\"SvgIconElement\">\n<path d=\"M4.16659 10L15.8333 10\" stroke=\"currentColor\"\/>\n<path d=\"M9.99992 4.1665L15.8333 9.99984L9.99992 15.8332\" stroke=\"currentColor\"\/>\n<\/svg>\n        <\/figure>\n    <\/a>\n<\/div>\n<\/div>\n<div\n    class=\"acf-article-text-block article-container my-12\"\n    data-block=\"article-text-block\"\n>\n    <div class=\"wysiwyg\">\n        <h2>Datum och plats<\/h2>\n<p><strong>Datum:<\/strong> 27\u201329 juni 2025<br \/>\n<strong>Plats:<\/strong> Brunnsviks folkh\u00f6gskola, Ludvika<\/p>\n<h2>Vad ing\u00e5r?<\/h2>\n<ul>\n<li>Kost och logi i enkelrum<\/li>\n<li>T\u00e5gresa tur och retur Stockholm\u2013Ludvika<\/li>\n<li>Transport fr\u00e5n Ludvika station<\/li>\n<\/ul>\n<h2>Anm\u00e4lan<\/h2>\n<p>\u00c4r du intresserad av att delta? H\u00f6r av dig till oss p\u00e5 <a href=\"mailto:anmalan.sodertorn@abf.se\">anmalan.sodertorn@abf.se<\/a> eller 08-556 520 30!<\/p>\n\n    <\/div>\n<\/div>\n","protected":false},"featured_media":0,"parent":0,"menu_order":0,"template":"","categories":[],"class_list":["post-2348","news-article","type-news-article","status-publish","hentry"],"acf":[],"yoast_head":"<!-- This site is optimized with the Yoast SEO plugin v27.0 - https:\/\/yoast.com\/product\/yoast-seo-wordpress\/ -->\n<title>F\u00f6rdjupa ditt ledarskap \u2013 f\u00f6lj med p\u00e5 Cirkelledarkollo p\u00e5 Brunnsvik i sommar - S\u00f6dert\u00f6rn<\/title>\n<meta name=\"robots\" content=\"index, follow, max-snippet:-1, max-image-preview:large, max-video-preview:-1\" \/>\n<link rel=\"canonical\" href=\"https:\/\/www.abf.se\/sodertorn\/nyheter\/fordjupa-ditt-ledarskap-folj-med-pa-cirkelledarkollo-pa-brunnsvik-i-sommar\/\" \/>\n<meta property=\"og:locale\" content=\"sv_SE\" \/>\n<meta property=\"og:type\" content=\"article\" \/>\n<meta property=\"og:title\" content=\"F\u00f6rdjupa ditt ledarskap \u2013 f\u00f6lj med p\u00e5 Cirkelledarkollo p\u00e5 Brunnsvik i sommar - S\u00f6dert\u00f6rn\" \/>\n<meta property=\"og:url\" content=\"https:\/\/www.abf.se\/sodertorn\/nyheter\/fordjupa-ditt-ledarskap-folj-med-pa-cirkelledarkollo-pa-brunnsvik-i-sommar\/\" \/>\n<meta property=\"og:site_name\" content=\"S\u00f6dert\u00f6rn\" \/>\n<meta property=\"article:modified_time\" content=\"2025-04-28T06:57:54+00:00\" \/>\n<meta property=\"og:image\" content=\"https:\/\/www.abf.se\/wp-content\/uploads\/sites\/49\/2024\/04\/Nyckeln-liggande-scaled.jpg\" \/>\n\t<meta property=\"og:image:width\" content=\"2560\" \/>\n\t<meta property=\"og:image:height\" content=\"1440\" \/>\n\t<meta property=\"og:image:type\" content=\"image\/jpeg\" \/>\n<meta name=\"twitter:card\" content=\"summary_large_image\" \/>\n<script type=\"application\/ld+json\" class=\"yoast-schema-graph\">{\"@context\":\"https:\/\/schema.org\",\"@graph\":[{\"@type\":\"WebPage\",\"@id\":\"https:\/\/www.abf.se\/sodertorn\/nyheter\/fordjupa-ditt-ledarskap-folj-med-pa-cirkelledarkollo-pa-brunnsvik-i-sommar\/\",\"url\":\"https:\/\/www.abf.se\/sodertorn\/nyheter\/fordjupa-ditt-ledarskap-folj-med-pa-cirkelledarkollo-pa-brunnsvik-i-sommar\/\",\"name\":\"F\u00f6rdjupa ditt ledarskap \u2013 f\u00f6lj med p\u00e5 Cirkelledarkollo p\u00e5 Brunnsvik i sommar - S\u00f6dert\u00f6rn\",\"isPartOf\":{\"@id\":\"https:\/\/www.abf.se\/sodertorn\/#website\"},\"datePublished\":\"2025-04-28T06:57:53+00:00\",\"dateModified\":\"2025-04-28T06:57:54+00:00\",\"breadcrumb\":{\"@id\":\"https:\/\/www.abf.se\/sodertorn\/nyheter\/fordjupa-ditt-ledarskap-folj-med-pa-cirkelledarkollo-pa-brunnsvik-i-sommar\/#breadcrumb\"},\"inLanguage\":\"sv-SE\",\"potentialAction\":[{\"@type\":\"ReadAction\",\"target\":[\"https:\/\/www.abf.se\/sodertorn\/nyheter\/fordjupa-ditt-ledarskap-folj-med-pa-cirkelledarkollo-pa-brunnsvik-i-sommar\/\"]}]},{\"@type\":\"BreadcrumbList\",\"@id\":\"https:\/\/www.abf.se\/sodertorn\/nyheter\/fordjupa-ditt-ledarskap-folj-med-pa-cirkelledarkollo-pa-brunnsvik-i-sommar\/#breadcrumb\",\"itemListElement\":[{\"@type\":\"ListItem\",\"position\":1,\"name\":\"Home\",\"item\":\"https:\/\/www.abf.se\/sodertorn\/\"},{\"@type\":\"ListItem\",\"position\":2,\"name\":\"Nyheter\",\"item\":\"https:\/\/www.abf.se\/sodertorn\/nyheter\/\"},{\"@type\":\"ListItem\",\"position\":3,\"name\":\"F\u00f6rdjupa ditt ledarskap \u2013 f\u00f6lj med p\u00e5 Cirkelledarkollo p\u00e5 Brunnsvik i sommar\"}]},{\"@type\":\"WebSite\",\"@id\":\"https:\/\/www.abf.se\/sodertorn\/#website\",\"url\":\"https:\/\/www.abf.se\/sodertorn\/\",\"name\":\"S\u00f6dert\u00f6rn\",\"description\":\"\",\"potentialAction\":[{\"@type\":\"SearchAction\",\"target\":{\"@type\":\"EntryPoint\",\"urlTemplate\":\"https:\/\/www.abf.se\/sodertorn\/?s={search_term_string}\"},\"query-input\":{\"@type\":\"PropertyValueSpecification\",\"valueRequired\":true,\"valueName\":\"search_term_string\"}}],\"inLanguage\":\"sv-SE\"}]}<\/script>\n<!-- \/ Yoast SEO plugin. -->","yoast_head_json":{"title":"F\u00f6rdjupa ditt ledarskap \u2013 f\u00f6lj med p\u00e5 Cirkelledarkollo p\u00e5 Brunnsvik i sommar - S\u00f6dert\u00f6rn","robots":{"index":"index","follow":"follow","max-snippet":"max-snippet:-1","max-image-preview":"max-image-preview:large","max-video-preview":"max-video-preview:-1"},"canonical":"https:\/\/www.abf.se\/sodertorn\/nyheter\/fordjupa-ditt-ledarskap-folj-med-pa-cirkelledarkollo-pa-brunnsvik-i-sommar\/","og_locale":"sv_SE","og_type":"article","og_title":"F\u00f6rdjupa ditt ledarskap \u2013 f\u00f6lj med p\u00e5 Cirkelledarkollo p\u00e5 Brunnsvik i sommar - S\u00f6dert\u00f6rn","og_url":"https:\/\/www.abf.se\/sodertorn\/nyheter\/fordjupa-ditt-ledarskap-folj-med-pa-cirkelledarkollo-pa-brunnsvik-i-sommar\/","og_site_name":"S\u00f6dert\u00f6rn","article_modified_time":"2025-04-28T06:57:54+00:00","og_image":[{"width":2560,"height":1440,"url":"https:\/\/www.abf.se\/wp-content\/uploads\/sites\/49\/2024\/04\/Nyckeln-liggande-scaled.jpg","type":"image\/jpeg"}],"twitter_card":"summary_large_image","schema":{"@context":"https:\/\/schema.org","@graph":[{"@type":"WebPage","@id":"https:\/\/www.abf.se\/sodertorn\/nyheter\/fordjupa-ditt-ledarskap-folj-med-pa-cirkelledarkollo-pa-brunnsvik-i-sommar\/","url":"https:\/\/www.abf.se\/sodertorn\/nyheter\/fordjupa-ditt-ledarskap-folj-med-pa-cirkelledarkollo-pa-brunnsvik-i-sommar\/","name":"F\u00f6rdjupa ditt ledarskap \u2013 f\u00f6lj med p\u00e5 Cirkelledarkollo p\u00e5 Brunnsvik i sommar - S\u00f6dert\u00f6rn","isPartOf":{"@id":"https:\/\/www.abf.se\/sodertorn\/#website"},"datePublished":"2025-04-28T06:57:53+00:00","dateModified":"2025-04-28T06:57:54+00:00","breadcrumb":{"@id":"https:\/\/www.abf.se\/sodertorn\/nyheter\/fordjupa-ditt-ledarskap-folj-med-pa-cirkelledarkollo-pa-brunnsvik-i-sommar\/#breadcrumb"},"inLanguage":"sv-SE","potentialAction":[{"@type":"ReadAction","target":["https:\/\/www.abf.se\/sodertorn\/nyheter\/fordjupa-ditt-ledarskap-folj-med-pa-cirkelledarkollo-pa-brunnsvik-i-sommar\/"]}]},{"@type":"BreadcrumbList","@id":"https:\/\/www.abf.se\/sodertorn\/nyheter\/fordjupa-ditt-ledarskap-folj-med-pa-cirkelledarkollo-pa-brunnsvik-i-sommar\/#breadcrumb","itemListElement":[{"@type":"ListItem","position":1,"name":"Home","item":"https:\/\/www.abf.se\/sodertorn\/"},{"@type":"ListItem","position":2,"name":"Nyheter","item":"https:\/\/www.abf.se\/sodertorn\/nyheter\/"},{"@type":"ListItem","position":3,"name":"F\u00f6rdjupa ditt ledarskap \u2013 f\u00f6lj med p\u00e5 Cirkelledarkollo p\u00e5 Brunnsvik i sommar"}]},{"@type":"WebSite","@id":"https:\/\/www.abf.se\/sodertorn\/#website","url":"https:\/\/www.abf.se\/sodertorn\/","name":"S\u00f6dert\u00f6rn","description":"","potentialAction":[{"@type":"SearchAction","target":{"@type":"EntryPoint","urlTemplate":"https:\/\/www.abf.se\/sodertorn\/?s={search_term_string}"},"query-input":{"@type":"PropertyValueSpecification","valueRequired":true,"valueName":"search_term_string"}}],"inLanguage":"sv-SE"}]}},"_links":{"self":[{"href":"https:\/\/www.abf.se\/sodertorn\/wp-json\/wp\/v2\/news-article\/2348","targetHints":{"allow":["GET"]}}],"collection":[{"href":"https:\/\/www.abf.se\/sodertorn\/wp-json\/wp\/v2\/news-article"}],"about":[{"href":"https:\/\/www.abf.se\/sodertorn\/wp-json\/wp\/v2\/types\/news-article"}],"wp:attachment":[{"href":"https:\/\/www.abf.se\/sodertorn\/wp-json\/wp\/v2\/media?parent=2348"}],"wp:term":[{"taxonomy":"category","embeddable":true,"href":"https:\/\/www.abf.se\/sodertorn\/wp-json\/wp\/v2\/categories?post=2348"}],"curies":[{"name":"wp","href":"https:\/\/api.w.org\/{rel}","templated":true}]}}