{"id":2464,"date":"2025-05-27T16:54:50","date_gmt":"2025-05-27T14:54:50","guid":{"rendered":"https:\/\/www.abf.se\/sodertorn\/?post_type=news-article&#038;p=2464"},"modified":"2025-06-18T14:09:33","modified_gmt":"2025-06-18T12:09:33","slug":"abf-sodertorn-ny-avdelning-sodra-stockholm","status":"publish","type":"news-article","link":"https:\/\/www.abf.se\/sodertorn\/nyheter\/abf-sodertorn-ny-avdelning-sodra-stockholm\/","title":{"rendered":"Ny ABF-avdelning i s\u00f6dra Stockholm \u2013 f\u00f6r en starkare folkbildning i fem kommuner"},"content":{"rendered":"<div\n    class=\"acf-article-text-block article-container my-12\"\n    data-block=\"article-text-block\"\n>\n    <div class=\"wysiwyg\">\n        <p>Genom sammanslagningen skapar vi b\u00e4ttre f\u00f6ruts\u00e4ttningar att m\u00f6ta ekonomiska utmaningar inom folkbildningen, utveckla v\u00e5rt arbete och f\u00f6rdjupa samarbetet med f\u00f6reningslivet. V\u00e5rt m\u00e5l \u00e4r att erbjuda relevant, tillg\u00e4nglig och levande folkbildnings- och kulturverksamhet f\u00f6r m\u00e4nniskor i hela det nya verksamhetsomr\u00e5det som omfattar Haninge, Tyres\u00f6, Nyn\u00e4shamn, Botkyrka och Salem.<\/p>\n<p>Den nya avdelningen tr\u00e4der formellt i kraft den 1 juli och kommer att verka under namnet ABF S\u00f6dert\u00f6rn.<\/p>\n<p>Sammanslagningen \u00e4r en del av ett st\u00f6rre utvecklingsarbete inom ABF, d\u00e4r flera avdelningar g\u00e5r samman f\u00f6r att st\u00e5 starkare tillsammans med fokus p\u00e5 bibeh\u00e5llen lokal n\u00e4rvaro, kvalitet och l\u00e5ngsiktig h\u00e5llbarhet.<\/p>\n<p>Vid fr\u00e5gor, v\u00e4lkommen att kontakta oss via:<\/p>\n<ul>\n<li><strong>E-post:<\/strong> <a href=\"mailto:info.sodertorn@abf.se\">info.sodertorn@abf.se<\/a><\/li>\n<li><strong>V\u00e4xel:<\/strong> 08-556 520 30<\/li>\n<\/ul>\n\n    <\/div>\n<\/div>\n","protected":false},"featured_media":0,"parent":0,"menu_order":0,"template":"","categories":[],"class_list":["post-2464","news-article","type-news-article","status-publish","hentry"],"acf":[],"yoast_head":"<!-- This site is optimized with the Yoast SEO plugin v27.0 - https:\/\/yoast.com\/product\/yoast-seo-wordpress\/ -->\n<title>Ny ABF-avdelning i s\u00f6dra Stockholm fr\u00e5n 1 juli | ABF S\u00f6dert\u00f6rn<\/title>\n<meta name=\"description\" content=\"ABF S\u00f6dert\u00f6rn och ABF Botkyrka-Salem g\u00e5r samman till en ny avdelning fr\u00e5n 1 juli \u2013 med verksamhet i fem kommuner i s\u00f6dra Stockholm.\" \/>\n<meta name=\"robots\" content=\"index, follow, max-snippet:-1, max-image-preview:large, max-video-preview:-1\" \/>\n<link rel=\"canonical\" href=\"https:\/\/www.abf.se\/sodertorn\/nyheter\/abf-sodertorn-ny-avdelning-sodra-stockholm\/\" \/>\n<meta property=\"og:locale\" content=\"sv_SE\" \/>\n<meta property=\"og:type\" content=\"article\" \/>\n<meta property=\"og:title\" content=\"Ny ABF-avdelning i s\u00f6dra Stockholm \u2013 f\u00f6r en starkare folkbildning i fem kommuner\" \/>\n<meta property=\"og:description\" content=\"ABF S\u00f6dert\u00f6rn och ABF Botkyrka-Salem g\u00e5r samman till en ny avdelning fr\u00e5n 1 juli \u2013 med verksamhet i fem kommuner i s\u00f6dra Stockholm.\" \/>\n<meta property=\"og:url\" content=\"https:\/\/www.abf.se\/sodertorn\/nyheter\/abf-sodertorn-ny-avdelning-sodra-stockholm\/\" \/>\n<meta property=\"og:site_name\" content=\"S\u00f6dert\u00f6rn\" \/>\n<meta property=\"article:modified_time\" content=\"2025-06-18T12:09:33+00:00\" \/>\n<meta property=\"og:image\" content=\"https:\/\/www.abf.se\/wp-content\/uploads\/sites\/49\/2025\/05\/Kopia-av-Till-nyhetsbreven_600x300-px-32.png\" \/>\n\t<meta property=\"og:image:width\" content=\"1875\" \/>\n\t<meta property=\"og:image:height\" content=\"938\" \/>\n\t<meta property=\"og:image:type\" content=\"image\/png\" \/>\n<meta name=\"twitter:card\" content=\"summary_large_image\" \/>\n<script type=\"application\/ld+json\" class=\"yoast-schema-graph\">{\"@context\":\"https:\/\/schema.org\",\"@graph\":[{\"@type\":\"WebPage\",\"@id\":\"https:\/\/www.abf.se\/sodertorn\/nyheter\/abf-sodertorn-ny-avdelning-sodra-stockholm\/\",\"url\":\"https:\/\/www.abf.se\/sodertorn\/nyheter\/abf-sodertorn-ny-avdelning-sodra-stockholm\/\",\"name\":\"Ny ABF-avdelning i s\u00f6dra Stockholm fr\u00e5n 1 juli | ABF S\u00f6dert\u00f6rn\",\"isPartOf\":{\"@id\":\"https:\/\/www.abf.se\/sodertorn\/#website\"},\"datePublished\":\"2025-05-27T14:54:50+00:00\",\"dateModified\":\"2025-06-18T12:09:33+00:00\",\"description\":\"ABF S\u00f6dert\u00f6rn och ABF Botkyrka-Salem g\u00e5r samman till en ny avdelning fr\u00e5n 1 juli \u2013 med verksamhet i fem kommuner i s\u00f6dra Stockholm.\",\"breadcrumb\":{\"@id\":\"https:\/\/www.abf.se\/sodertorn\/nyheter\/abf-sodertorn-ny-avdelning-sodra-stockholm\/#breadcrumb\"},\"inLanguage\":\"sv-SE\",\"potentialAction\":[{\"@type\":\"ReadAction\",\"target\":[\"https:\/\/www.abf.se\/sodertorn\/nyheter\/abf-sodertorn-ny-avdelning-sodra-stockholm\/\"]}]},{\"@type\":\"BreadcrumbList\",\"@id\":\"https:\/\/www.abf.se\/sodertorn\/nyheter\/abf-sodertorn-ny-avdelning-sodra-stockholm\/#breadcrumb\",\"itemListElement\":[{\"@type\":\"ListItem\",\"position\":1,\"name\":\"Home\",\"item\":\"https:\/\/www.abf.se\/sodertorn\/\"},{\"@type\":\"ListItem\",\"position\":2,\"name\":\"Nyheter\",\"item\":\"https:\/\/www.abf.se\/sodertorn\/nyheter\/\"},{\"@type\":\"ListItem\",\"position\":3,\"name\":\"Ny ABF-avdelning i s\u00f6dra Stockholm \u2013 f\u00f6r en starkare folkbildning i fem kommuner\"}]},{\"@type\":\"WebSite\",\"@id\":\"https:\/\/www.abf.se\/sodertorn\/#website\",\"url\":\"https:\/\/www.abf.se\/sodertorn\/\",\"name\":\"S\u00f6dert\u00f6rn\",\"description\":\"\",\"potentialAction\":[{\"@type\":\"SearchAction\",\"target\":{\"@type\":\"EntryPoint\",\"urlTemplate\":\"https:\/\/www.abf.se\/sodertorn\/?s={search_term_string}\"},\"query-input\":{\"@type\":\"PropertyValueSpecification\",\"valueRequired\":true,\"valueName\":\"search_term_string\"}}],\"inLanguage\":\"sv-SE\"}]}<\/script>\n<!-- \/ Yoast SEO plugin. -->","yoast_head_json":{"title":"Ny ABF-avdelning i s\u00f6dra Stockholm fr\u00e5n 1 juli | ABF S\u00f6dert\u00f6rn","description":"ABF S\u00f6dert\u00f6rn och ABF Botkyrka-Salem g\u00e5r samman till en ny avdelning fr\u00e5n 1 juli \u2013 med verksamhet i fem kommuner i s\u00f6dra Stockholm.","robots":{"index":"index","follow":"follow","max-snippet":"max-snippet:-1","max-image-preview":"max-image-preview:large","max-video-preview":"max-video-preview:-1"},"canonical":"https:\/\/www.abf.se\/sodertorn\/nyheter\/abf-sodertorn-ny-avdelning-sodra-stockholm\/","og_locale":"sv_SE","og_type":"article","og_title":"Ny ABF-avdelning i s\u00f6dra Stockholm \u2013 f\u00f6r en starkare folkbildning i fem kommuner","og_description":"ABF S\u00f6dert\u00f6rn och ABF Botkyrka-Salem g\u00e5r samman till en ny avdelning fr\u00e5n 1 juli \u2013 med verksamhet i fem kommuner i s\u00f6dra Stockholm.","og_url":"https:\/\/www.abf.se\/sodertorn\/nyheter\/abf-sodertorn-ny-avdelning-sodra-stockholm\/","og_site_name":"S\u00f6dert\u00f6rn","article_modified_time":"2025-06-18T12:09:33+00:00","og_image":[{"width":1875,"height":938,"url":"https:\/\/www.abf.se\/wp-content\/uploads\/sites\/49\/2025\/05\/Kopia-av-Till-nyhetsbreven_600x300-px-32.png","type":"image\/png"}],"twitter_card":"summary_large_image","schema":{"@context":"https:\/\/schema.org","@graph":[{"@type":"WebPage","@id":"https:\/\/www.abf.se\/sodertorn\/nyheter\/abf-sodertorn-ny-avdelning-sodra-stockholm\/","url":"https:\/\/www.abf.se\/sodertorn\/nyheter\/abf-sodertorn-ny-avdelning-sodra-stockholm\/","name":"Ny ABF-avdelning i s\u00f6dra Stockholm fr\u00e5n 1 juli | ABF S\u00f6dert\u00f6rn","isPartOf":{"@id":"https:\/\/www.abf.se\/sodertorn\/#website"},"datePublished":"2025-05-27T14:54:50+00:00","dateModified":"2025-06-18T12:09:33+00:00","description":"ABF S\u00f6dert\u00f6rn och ABF Botkyrka-Salem g\u00e5r samman till en ny avdelning fr\u00e5n 1 juli \u2013 med verksamhet i fem kommuner i s\u00f6dra Stockholm.","breadcrumb":{"@id":"https:\/\/www.abf.se\/sodertorn\/nyheter\/abf-sodertorn-ny-avdelning-sodra-stockholm\/#breadcrumb"},"inLanguage":"sv-SE","potentialAction":[{"@type":"ReadAction","target":["https:\/\/www.abf.se\/sodertorn\/nyheter\/abf-sodertorn-ny-avdelning-sodra-stockholm\/"]}]},{"@type":"BreadcrumbList","@id":"https:\/\/www.abf.se\/sodertorn\/nyheter\/abf-sodertorn-ny-avdelning-sodra-stockholm\/#breadcrumb","itemListElement":[{"@type":"ListItem","position":1,"name":"Home","item":"https:\/\/www.abf.se\/sodertorn\/"},{"@type":"ListItem","position":2,"name":"Nyheter","item":"https:\/\/www.abf.se\/sodertorn\/nyheter\/"},{"@type":"ListItem","position":3,"name":"Ny ABF-avdelning i s\u00f6dra Stockholm \u2013 f\u00f6r en starkare folkbildning i fem kommuner"}]},{"@type":"WebSite","@id":"https:\/\/www.abf.se\/sodertorn\/#website","url":"https:\/\/www.abf.se\/sodertorn\/","name":"S\u00f6dert\u00f6rn","description":"","potentialAction":[{"@type":"SearchAction","target":{"@type":"EntryPoint","urlTemplate":"https:\/\/www.abf.se\/sodertorn\/?s={search_term_string}"},"query-input":{"@type":"PropertyValueSpecification","valueRequired":true,"valueName":"search_term_string"}}],"inLanguage":"sv-SE"}]}},"_links":{"self":[{"href":"https:\/\/www.abf.se\/sodertorn\/wp-json\/wp\/v2\/news-article\/2464","targetHints":{"allow":["GET"]}}],"collection":[{"href":"https:\/\/www.abf.se\/sodertorn\/wp-json\/wp\/v2\/news-article"}],"about":[{"href":"https:\/\/www.abf.se\/sodertorn\/wp-json\/wp\/v2\/types\/news-article"}],"wp:attachment":[{"href":"https:\/\/www.abf.se\/sodertorn\/wp-json\/wp\/v2\/media?parent=2464"}],"wp:term":[{"taxonomy":"category","embeddable":true,"href":"https:\/\/www.abf.se\/sodertorn\/wp-json\/wp\/v2\/categories?post=2464"}],"curies":[{"name":"wp","href":"https:\/\/api.w.org\/{rel}","templated":true}]}}