{"id":2618,"date":"2025-08-21T13:22:41","date_gmt":"2025-08-21T11:22:41","guid":{"rendered":"https:\/\/www.abf.se\/sodertorn\/?post_type=news-article&#038;p=2618"},"modified":"2025-09-10T09:50:56","modified_gmt":"2025-09-10T07:50:56","slug":"traffa-abf-sodertorn-i-host","status":"publish","type":"news-article","link":"https:\/\/www.abf.se\/sodertorn\/nyheter\/traffa-abf-sodertorn-i-host\/","title":{"rendered":"Tr\u00e4ffa ABF S\u00f6dert\u00f6rn i h\u00f6st \u2013 vi \u00e4r p\u00e5 plats i din kommun"},"content":{"rendered":"<div\n    class=\"acf-article-text-block article-container my-12\"\n    data-block=\"article-text-block\"\n>\n    <div class=\"wysiwyg\">\n        <h3>30 augusti: Sk\u00e4rg\u00e5rdsmarknaden i Nyn\u00e4shamn<\/h3>\n<ul>\n<li><strong>L\u00f6rdag 30 augusti kl. 10\u201313<\/strong><\/li>\n<li>Nyn\u00e4shamns g\u00e4sthamn, Fiskargr\u00e4nd 4<\/li>\n<li>ABF finns p\u00e5 plats med material i Socialdemokraternas t\u00e4lt. V\u00e4lkommen att h\u00e4mta information och tr\u00e4ffa oss d\u00e4r!<\/li>\n<li><strong>L\u00e4s mer:<\/strong> <a href=\"https:\/\/bokamarknad.se\/market\/nynashamns-skargardsmarknad\">Nyn\u00e4shamns Sk\u00e4rg\u00e5rdsmarknad 2025<\/a><\/li>\n<\/ul>\n<h3>6 september: Tyres\u00f6festivalen<\/h3>\n<ul>\n<li><strong>L\u00f6rdag 6 september kl. 11\u201316<\/strong><\/li>\n<li>I och omkring stadsparken i Tyres\u00f6 centrum<\/li>\n<li><strong>I ABFs t\u00e4lt:<\/strong> F\u00e5 information och tips om kommande kurser, kulturprogram och folkbildningsverksamhet i Tyres\u00f6. Ta chansen att tr\u00e4ffa en av v\u00e5ra keramikledare och st\u00e4ll fr\u00e5gor samt f\u00e5 inspiration till kommande keramikkurser som startar i september. P\u00e5 plats i t\u00e4ltet finns ocks\u00e5 v\u00e5r medlemsorganisation <a href=\"https:\/\/neuro.se\/forening\/foereningar-a-oe\/soedertoern\/\">Neuro S\u00f6dert\u00f6rn<\/a>, som delar ut information om sin verksamhet i Tyres\u00f6.<\/li>\n<li><strong>L\u00e4s mer:<\/strong> <a href=\"https:\/\/www.tyreso.se\/uppleva--gora\/kultur-och-noje\/tyresofestivalen.html\">Tyres\u00f6festivalen 2025<\/a><\/li>\n<\/ul>\n<h3>12 september: Gatufest i Botkyrka<\/h3>\n<ul>\n<li><strong>Fredag 12 september kl. 14\u201317<\/strong><\/li>\n<li>Tomtbergav\u00e4gen 16, Norsborg<\/li>\n<li>V\u00e5ra medarbetare finns p\u00e5 plats och ber\u00e4ttar om ABF S\u00f6dert\u00f6rns folkbildningsverksamhet och kommande aktiviteter i Botkyrka och Salem.<\/li>\n<li><strong>L\u00e4s mer:<\/strong> <a href=\"https:\/\/www.botkyrka.se\/evenemangsarkiv\/evenemangsarkiv\/2025-08-29-hallunda-norsborg-gatufest\">Hallunda-Norsborg gatufest 2025<\/a><\/li>\n<\/ul>\n<h3>13 september: Haningedagen \u2013 \u00f6ppet hus p\u00e5 ABF Poseidons torg!<\/h3>\n<ul>\n<li><strong>L\u00f6rdag 13 september kl. 11\u201316<\/strong><\/li>\n<li>\u00d6ppet hus i ABF S\u00f6dert\u00f6rns lokaler p\u00e5 Poseidons torg 4, Handen<\/li>\n<li><strong>V\u00e4lkommen till \u00f6ppet hus hos ABF under Haningedagen!<\/strong> Se v\u00e5ra lokaler, f\u00e5 information och tips om kommande kurser, kulturprogram och folkbildningsverksamhet i Haninge, tr\u00e4ffa lokala f\u00f6reningar och ta tillf\u00e4llet att prova p\u00e5 m\u00e5leri med en av v\u00e5ra konstledare.<\/li>\n<li><strong>L\u00e4s mer:<\/strong> <a href=\"https:\/\/www.haninge.se\/uppleva-och-gora\/besok-och-upplev-haninge\/haningedagen\/\">Haningedagen 2025<\/a><\/li>\n<\/ul>\n<p><em><strong>Hoppas att vi ses \u2013 varmt v\u00e4lkommen!<\/strong><\/em><\/p>\n\n    <\/div>\n<\/div>\n","protected":false},"featured_media":0,"parent":0,"menu_order":0,"template":"","categories":[],"class_list":["post-2618","news-article","type-news-article","status-publish","hentry"],"acf":[],"yoast_head":"<!-- This site is optimized with the Yoast SEO plugin v27.0 - https:\/\/yoast.com\/product\/yoast-seo-wordpress\/ -->\n<title>Tr\u00e4ffa ABF S\u00f6dert\u00f6rn h\u00f6sten 2025 i din kommun | ABF S\u00f6dert\u00f6rn<\/title>\n<meta name=\"description\" content=\"M\u00f6t ABF S\u00f6dert\u00f6rn i h\u00f6st 2025! Vi finns p\u00e5 plats i Haninge, Tyres\u00f6, Nyn\u00e4shamn och Botkyrka med tips om kurser, kultur och folkbildning.\" \/>\n<meta name=\"robots\" content=\"index, follow, max-snippet:-1, max-image-preview:large, max-video-preview:-1\" \/>\n<link rel=\"canonical\" href=\"https:\/\/www.abf.se\/sodertorn\/nyheter\/traffa-abf-sodertorn-i-host\/\" \/>\n<meta property=\"og:locale\" content=\"sv_SE\" \/>\n<meta property=\"og:type\" content=\"article\" \/>\n<meta property=\"og:title\" content=\"Tr\u00e4ffa ABF S\u00f6dert\u00f6rn h\u00f6sten 2025 i din kommun | ABF S\u00f6dert\u00f6rn\" \/>\n<meta property=\"og:description\" content=\"M\u00f6t ABF S\u00f6dert\u00f6rn i h\u00f6st 2025! Vi finns p\u00e5 plats i Haninge, Tyres\u00f6, Nyn\u00e4shamn och Botkyrka med tips om kurser, kultur och folkbildning.\" \/>\n<meta property=\"og:url\" content=\"https:\/\/www.abf.se\/sodertorn\/nyheter\/traffa-abf-sodertorn-i-host\/\" \/>\n<meta property=\"og:site_name\" content=\"S\u00f6dert\u00f6rn\" \/>\n<meta property=\"article:modified_time\" content=\"2025-09-10T07:50:56+00:00\" \/>\n<meta property=\"og:image\" content=\"https:\/\/www.abf.se\/wp-content\/uploads\/sites\/49\/2025\/08\/Kor-4-1-1024x555.png\" \/>\n\t<meta property=\"og:image:width\" content=\"1024\" \/>\n\t<meta property=\"og:image:height\" content=\"555\" \/>\n\t<meta property=\"og:image:type\" content=\"image\/png\" \/>\n<meta name=\"twitter:card\" content=\"summary_large_image\" \/>\n<script type=\"application\/ld+json\" class=\"yoast-schema-graph\">{\"@context\":\"https:\/\/schema.org\",\"@graph\":[{\"@type\":\"WebPage\",\"@id\":\"https:\/\/www.abf.se\/sodertorn\/nyheter\/traffa-abf-sodertorn-i-host\/\",\"url\":\"https:\/\/www.abf.se\/sodertorn\/nyheter\/traffa-abf-sodertorn-i-host\/\",\"name\":\"Tr\u00e4ffa ABF S\u00f6dert\u00f6rn h\u00f6sten 2025 i din kommun | ABF S\u00f6dert\u00f6rn\",\"isPartOf\":{\"@id\":\"https:\/\/www.abf.se\/sodertorn\/#website\"},\"datePublished\":\"2025-08-21T11:22:41+00:00\",\"dateModified\":\"2025-09-10T07:50:56+00:00\",\"description\":\"M\u00f6t ABF S\u00f6dert\u00f6rn i h\u00f6st 2025! Vi finns p\u00e5 plats i Haninge, Tyres\u00f6, Nyn\u00e4shamn och Botkyrka med tips om kurser, kultur och folkbildning.\",\"breadcrumb\":{\"@id\":\"https:\/\/www.abf.se\/sodertorn\/nyheter\/traffa-abf-sodertorn-i-host\/#breadcrumb\"},\"inLanguage\":\"sv-SE\",\"potentialAction\":[{\"@type\":\"ReadAction\",\"target\":[\"https:\/\/www.abf.se\/sodertorn\/nyheter\/traffa-abf-sodertorn-i-host\/\"]}]},{\"@type\":\"BreadcrumbList\",\"@id\":\"https:\/\/www.abf.se\/sodertorn\/nyheter\/traffa-abf-sodertorn-i-host\/#breadcrumb\",\"itemListElement\":[{\"@type\":\"ListItem\",\"position\":1,\"name\":\"Home\",\"item\":\"https:\/\/www.abf.se\/sodertorn\/\"},{\"@type\":\"ListItem\",\"position\":2,\"name\":\"Nyheter\",\"item\":\"https:\/\/www.abf.se\/sodertorn\/nyheter\/\"},{\"@type\":\"ListItem\",\"position\":3,\"name\":\"Tr\u00e4ffa ABF S\u00f6dert\u00f6rn i h\u00f6st \u2013 vi \u00e4r p\u00e5 plats i din kommun\"}]},{\"@type\":\"WebSite\",\"@id\":\"https:\/\/www.abf.se\/sodertorn\/#website\",\"url\":\"https:\/\/www.abf.se\/sodertorn\/\",\"name\":\"S\u00f6dert\u00f6rn\",\"description\":\"\",\"potentialAction\":[{\"@type\":\"SearchAction\",\"target\":{\"@type\":\"EntryPoint\",\"urlTemplate\":\"https:\/\/www.abf.se\/sodertorn\/?s={search_term_string}\"},\"query-input\":{\"@type\":\"PropertyValueSpecification\",\"valueRequired\":true,\"valueName\":\"search_term_string\"}}],\"inLanguage\":\"sv-SE\"}]}<\/script>\n<!-- \/ Yoast SEO plugin. -->","yoast_head_json":{"title":"Tr\u00e4ffa ABF S\u00f6dert\u00f6rn h\u00f6sten 2025 i din kommun | ABF S\u00f6dert\u00f6rn","description":"M\u00f6t ABF S\u00f6dert\u00f6rn i h\u00f6st 2025! Vi finns p\u00e5 plats i Haninge, Tyres\u00f6, Nyn\u00e4shamn och Botkyrka med tips om kurser, kultur och folkbildning.","robots":{"index":"index","follow":"follow","max-snippet":"max-snippet:-1","max-image-preview":"max-image-preview:large","max-video-preview":"max-video-preview:-1"},"canonical":"https:\/\/www.abf.se\/sodertorn\/nyheter\/traffa-abf-sodertorn-i-host\/","og_locale":"sv_SE","og_type":"article","og_title":"Tr\u00e4ffa ABF S\u00f6dert\u00f6rn h\u00f6sten 2025 i din kommun | ABF S\u00f6dert\u00f6rn","og_description":"M\u00f6t ABF S\u00f6dert\u00f6rn i h\u00f6st 2025! Vi finns p\u00e5 plats i Haninge, Tyres\u00f6, Nyn\u00e4shamn och Botkyrka med tips om kurser, kultur och folkbildning.","og_url":"https:\/\/www.abf.se\/sodertorn\/nyheter\/traffa-abf-sodertorn-i-host\/","og_site_name":"S\u00f6dert\u00f6rn","article_modified_time":"2025-09-10T07:50:56+00:00","og_image":[{"width":1024,"height":555,"url":"https:\/\/www.abf.se\/wp-content\/uploads\/sites\/49\/2025\/08\/Kor-4-1-1024x555.png","type":"image\/png"}],"twitter_card":"summary_large_image","schema":{"@context":"https:\/\/schema.org","@graph":[{"@type":"WebPage","@id":"https:\/\/www.abf.se\/sodertorn\/nyheter\/traffa-abf-sodertorn-i-host\/","url":"https:\/\/www.abf.se\/sodertorn\/nyheter\/traffa-abf-sodertorn-i-host\/","name":"Tr\u00e4ffa ABF S\u00f6dert\u00f6rn h\u00f6sten 2025 i din kommun | ABF S\u00f6dert\u00f6rn","isPartOf":{"@id":"https:\/\/www.abf.se\/sodertorn\/#website"},"datePublished":"2025-08-21T11:22:41+00:00","dateModified":"2025-09-10T07:50:56+00:00","description":"M\u00f6t ABF S\u00f6dert\u00f6rn i h\u00f6st 2025! Vi finns p\u00e5 plats i Haninge, Tyres\u00f6, Nyn\u00e4shamn och Botkyrka med tips om kurser, kultur och folkbildning.","breadcrumb":{"@id":"https:\/\/www.abf.se\/sodertorn\/nyheter\/traffa-abf-sodertorn-i-host\/#breadcrumb"},"inLanguage":"sv-SE","potentialAction":[{"@type":"ReadAction","target":["https:\/\/www.abf.se\/sodertorn\/nyheter\/traffa-abf-sodertorn-i-host\/"]}]},{"@type":"BreadcrumbList","@id":"https:\/\/www.abf.se\/sodertorn\/nyheter\/traffa-abf-sodertorn-i-host\/#breadcrumb","itemListElement":[{"@type":"ListItem","position":1,"name":"Home","item":"https:\/\/www.abf.se\/sodertorn\/"},{"@type":"ListItem","position":2,"name":"Nyheter","item":"https:\/\/www.abf.se\/sodertorn\/nyheter\/"},{"@type":"ListItem","position":3,"name":"Tr\u00e4ffa ABF S\u00f6dert\u00f6rn i h\u00f6st \u2013 vi \u00e4r p\u00e5 plats i din kommun"}]},{"@type":"WebSite","@id":"https:\/\/www.abf.se\/sodertorn\/#website","url":"https:\/\/www.abf.se\/sodertorn\/","name":"S\u00f6dert\u00f6rn","description":"","potentialAction":[{"@type":"SearchAction","target":{"@type":"EntryPoint","urlTemplate":"https:\/\/www.abf.se\/sodertorn\/?s={search_term_string}"},"query-input":{"@type":"PropertyValueSpecification","valueRequired":true,"valueName":"search_term_string"}}],"inLanguage":"sv-SE"}]}},"_links":{"self":[{"href":"https:\/\/www.abf.se\/sodertorn\/wp-json\/wp\/v2\/news-article\/2618","targetHints":{"allow":["GET"]}}],"collection":[{"href":"https:\/\/www.abf.se\/sodertorn\/wp-json\/wp\/v2\/news-article"}],"about":[{"href":"https:\/\/www.abf.se\/sodertorn\/wp-json\/wp\/v2\/types\/news-article"}],"wp:attachment":[{"href":"https:\/\/www.abf.se\/sodertorn\/wp-json\/wp\/v2\/media?parent=2618"}],"wp:term":[{"taxonomy":"category","embeddable":true,"href":"https:\/\/www.abf.se\/sodertorn\/wp-json\/wp\/v2\/categories?post=2618"}],"curies":[{"name":"wp","href":"https:\/\/api.w.org\/{rel}","templated":true}]}}