{"id":2979,"date":"2026-01-28T16:49:34","date_gmt":"2026-01-28T15:49:34","guid":{"rendered":"https:\/\/www.abf.se\/sodertorn\/?post_type=news-article&#038;p=2979"},"modified":"2026-01-28T17:14:03","modified_gmt":"2026-01-28T16:14:03","slug":"ny-varsatsning-i-haninge-kulturhus-filosofikafeer-for-unga-och-vuxna","status":"publish","type":"news-article","link":"https:\/\/www.abf.se\/sodertorn\/nyheter\/ny-varsatsning-i-haninge-kulturhus-filosofikafeer-for-unga-och-vuxna\/","title":{"rendered":"Ny v\u00e5rsatsning i Haninge kulturhus: Filosofikaf\u00e9er f\u00f6r unga 13+ och vuxna"},"content":{"rendered":"<div\n    class=\"acf-article-text-block article-container my-12\"\n    data-block=\"article-text-block\"\n>\n    <div class=\"wysiwyg\">\n        <p data-start=\"367\" data-end=\"788\">Filosofikaf\u00e9er f\u00f6r vuxna startade i Haninge f\u00f6r ett \u00e5r sedan och v\u00e4ckte stort intresse. Inf\u00f6r v\u00e5rterminen utvecklas satsningen vidare i samarbete mellan studief\u00f6rbundet ABF S\u00f6dert\u00f6rn, Handens bibliotek och Svenska S\u00e4llskapet f\u00f6r filosofisk praxis (SSFP). Med en ny samtalsledare och en breddad m\u00e5lgrupp vill arrang\u00f6rerna skapa en inkluderande m\u00f6tesplats d\u00e4r unga fr\u00e5n 13 \u00e5r och vuxna Haningebor kan delta p\u00e5 lika villkor.<\/p>\n<h3 data-start=\"790\" data-end=\"846\">Fika och filosofera tillsammans p\u00e5 Handens bibliotek<\/h3>\n<p data-start=\"848\" data-end=\"1127\">Filosofikaf\u00e9er \u00e4r \u00f6ppna samtal d\u00e4r deltagare f\u00e5r m\u00f6jlighet att dela tankar, st\u00e4lla fr\u00e5gor och utforska olika perspektiv tillsammans med andra. Tr\u00e4ffarna leds av Lena Molin fr\u00e5n Svenska S\u00e4llskapet f\u00f6r filosofisk praxis (SSFP) och utg\u00e5r fr\u00e5n ett gemensamt tema vid varje tillf\u00e4lle.<\/p>\n\n    <\/div>\n<\/div>\n<blockquote\n    class=\"acf-article-quote-block quote-container article-container\"\n    data-block=\"article-quote-block\"\n>\n\n    <div\n        class=\"quote-content\"\n    >\n    \n    <div class=\"quote-text-container\">\n        <div class=\"quote-text-subgrid\">\n        <p class=\"quote-text\">\n            &#8221;Filosofiska samtal handlar inte om att tycka \u201dr\u00e4tt\u201d, utan om att unders\u00f6ka fr\u00e5gor tillsammans.&#8221;\n        <\/p>\n                <footer>\n                        <p class=\"quote-name\">\n                Lena Molin, samtalsledare\n            <\/p>\n                                <\/footer>\n\n                <\/div>\n    <\/div>\n\n    <\/div>\n\n<\/blockquote>\n\n<div\n    class=\"acf-article-text-block article-container my-12\"\n    data-block=\"article-text-block\"\n>\n    <div class=\"wysiwyg\">\n        <p data-start=\"876\" data-end=\"1110\">\u2013 Filosofiska samtal ger m\u00e4nniskor m\u00f6jlighet att formulera sina egna tankar och lyssna p\u00e5 andras, utan att bli bed\u00f6mda. Det handlar inte om att tycka \u201dr\u00e4tt\u201d, utan om att unders\u00f6ka fr\u00e5gor tillsammans, s\u00e4ger Lena Molin.<\/p>\n<p data-start=\"1559\" data-end=\"1896\">Handens bibliotek \u00e4r en sj\u00e4lvklar m\u00f6tesplats f\u00f6r filosofikaf\u00e9erna.\u00a0\u2013 Vi vill att biblioteket ska vara mer \u00e4n ett rum f\u00f6r tyst l\u00e4sning. H\u00e4r skapar vi utrymme f\u00f6r samtal om fr\u00e5gor som annars kanske inte f\u00e5r plats i vardagen \u2013 ett tillf\u00e4lle att stanna upp och reflektera tillsammans, s\u00e4ger Julia Blixt, bibliotekarie p\u00e5 Handens bibliotek.<\/p>\n<p data-start=\"1559\" data-end=\"1896\">V\u00e5rens f\u00f6rsta filosofikaf\u00e9er h\u00e5lls i februari och mars, med samtal p\u00e5 teman som <strong data-start=\"258\" data-end=\"265\">Mod<\/strong> och <strong data-start=\"270\" data-end=\"282\">Att lyda<\/strong>. Tr\u00e4ffarna \u00e4ger rum p\u00e5 l\u00f6rdagar och \u00e4r \u00f6ppna f\u00f6r unga fr\u00e5n 13 \u00e5r och vuxna \u2013 oavsett om du vill prata mycket, lite eller mest lyssna. Det \u00e4r gratis att delta, ingen f\u00f6ranm\u00e4lan kr\u00e4vs och biblioteket bjuder p\u00e5 fika.<\/p>\n\n    <\/div>\n<\/div>\n<div\n    class=\"acf-article-facts-block article-container  my-8 \"\n    data-block=\"article-facts-block\"\n>\n<div class=\"bg-teal-light border border-teal p-8 rounded-corners-sm\">\n<header>\n        <h2 class=\"heading-md text-teal-dark mb-3\">\n            Fakta \u2013 Filosofikaf\u00e9er i Haninge kulturhus, v\u00e5ren 2026\n        <\/h2>\n    <\/header>\n    <div class=\"wysiwyg\">\n        <ul>\n<li><strong>Plats:<\/strong> Biblioteket i Haninge kulturhus<\/li>\n<li><strong>Program februari\u2013mars:<br \/>\n<\/strong>L\u00f6rdag 14 februari kl. 14.00\u201315.30 \u2013 <a href=\"https:\/\/www.abf.se\/sodertorn\/kurs\/filosofikafe-pa-haninge-kulturhus-amne-mod-3891872\/\">Tema: Mod<\/a><br \/>\nL\u00f6rdag 21 mars kl. 14.00\u201315.30 \u2013 <a href=\"https:\/\/www.abf.se\/sodertorn\/kurs\/filosofikafe-pa-haninge-kulturhus-amne-att-lyda-3891880\/\">Tema: Att lyda<\/a><\/li>\n<li><strong>Kostnad:<\/strong> Gratis<\/li>\n<li><strong>Ingen f\u00f6ranm\u00e4lan<\/strong><\/li>\n<\/ul>\n\n    <\/div>\n<\/div>\n\n<\/div>\n<div\n    class=\"acf-article-text-block article-container my-12\"\n    data-block=\"article-text-block\"\n>\n    <div class=\"wysiwyg\">\n        <p>Vid fr\u00e5gor, v\u00e4lkommen att kontakta:<\/p>\n<p><strong>ABF S\u00f6dert\u00f6rn:<\/strong> <a href=\"mailto:info.sodertorn@abf.se\">info.sodertorn@abf.se<\/a>, 08-556 520 30<\/p>\n<p><strong>Handens bibliotek:<\/strong> <a href=\"mailto:bibliotekethanden@haninge.se\" target=\"_blank\" rel=\"noopener noreferrer\">bibliotekethanden@haninge.se<\/a><\/p>\n\n    <\/div>\n<\/div>\n","protected":false},"featured_media":0,"parent":0,"menu_order":0,"template":"","categories":[],"class_list":["post-2979","news-article","type-news-article","status-publish","hentry"],"acf":[],"yoast_head":"<!-- This site is optimized with the Yoast SEO plugin v27.0 - https:\/\/yoast.com\/product\/yoast-seo-wordpress\/ -->\n<title>Filosofikaf\u00e9er i Haninge f\u00f6r unga 13+ och vuxna | ABF S\u00f6dert\u00f6rn<\/title>\n<meta name=\"description\" content=\"Delta i filosofikaf\u00e9er i Haninge kulturhus. \u00d6ppna samtal f\u00f6r unga 13+ och vuxna som vill t\u00e4nka tillsammans \u2013 gratis och utan krav. V\u00e4lkommen!\" \/>\n<meta name=\"robots\" content=\"index, follow, max-snippet:-1, max-image-preview:large, max-video-preview:-1\" \/>\n<link rel=\"canonical\" href=\"https:\/\/www.abf.se\/sodertorn\/nyheter\/ny-varsatsning-i-haninge-kulturhus-filosofikafeer-for-unga-och-vuxna\/\" \/>\n<meta property=\"og:locale\" content=\"sv_SE\" \/>\n<meta property=\"og:type\" content=\"article\" \/>\n<meta property=\"og:title\" content=\"Filosofikaf\u00e9er i Haninge f\u00f6r unga 13+ och vuxna | ABF S\u00f6dert\u00f6rn\" \/>\n<meta property=\"og:description\" content=\"Delta i filosofikaf\u00e9er i Haninge kulturhus. \u00d6ppna samtal f\u00f6r unga 13+ och vuxna som vill t\u00e4nka tillsammans \u2013 gratis och utan krav. V\u00e4lkommen!\" \/>\n<meta property=\"og:url\" content=\"https:\/\/www.abf.se\/sodertorn\/nyheter\/ny-varsatsning-i-haninge-kulturhus-filosofikafeer-for-unga-och-vuxna\/\" \/>\n<meta property=\"og:site_name\" content=\"S\u00f6dert\u00f6rn\" \/>\n<meta property=\"article:modified_time\" content=\"2026-01-28T16:14:03+00:00\" \/>\n<meta property=\"og:image\" content=\"https:\/\/www.abf.se\/wp-content\/uploads\/sites\/49\/2024\/04\/Nyckeln-liggande-scaled.jpg\" \/>\n\t<meta property=\"og:image:width\" content=\"2560\" \/>\n\t<meta property=\"og:image:height\" content=\"1440\" \/>\n\t<meta property=\"og:image:type\" content=\"image\/jpeg\" \/>\n<meta name=\"twitter:card\" content=\"summary_large_image\" \/>\n<script type=\"application\/ld+json\" class=\"yoast-schema-graph\">{\"@context\":\"https:\/\/schema.org\",\"@graph\":[{\"@type\":\"WebPage\",\"@id\":\"https:\/\/www.abf.se\/sodertorn\/nyheter\/ny-varsatsning-i-haninge-kulturhus-filosofikafeer-for-unga-och-vuxna\/\",\"url\":\"https:\/\/www.abf.se\/sodertorn\/nyheter\/ny-varsatsning-i-haninge-kulturhus-filosofikafeer-for-unga-och-vuxna\/\",\"name\":\"Filosofikaf\u00e9er i Haninge f\u00f6r unga 13+ och vuxna | ABF S\u00f6dert\u00f6rn\",\"isPartOf\":{\"@id\":\"https:\/\/www.abf.se\/sodertorn\/#website\"},\"datePublished\":\"2026-01-28T15:49:34+00:00\",\"dateModified\":\"2026-01-28T16:14:03+00:00\",\"description\":\"Delta i filosofikaf\u00e9er i Haninge kulturhus. \u00d6ppna samtal f\u00f6r unga 13+ och vuxna som vill t\u00e4nka tillsammans \u2013 gratis och utan krav. V\u00e4lkommen!\",\"breadcrumb\":{\"@id\":\"https:\/\/www.abf.se\/sodertorn\/nyheter\/ny-varsatsning-i-haninge-kulturhus-filosofikafeer-for-unga-och-vuxna\/#breadcrumb\"},\"inLanguage\":\"sv-SE\",\"potentialAction\":[{\"@type\":\"ReadAction\",\"target\":[\"https:\/\/www.abf.se\/sodertorn\/nyheter\/ny-varsatsning-i-haninge-kulturhus-filosofikafeer-for-unga-och-vuxna\/\"]}]},{\"@type\":\"BreadcrumbList\",\"@id\":\"https:\/\/www.abf.se\/sodertorn\/nyheter\/ny-varsatsning-i-haninge-kulturhus-filosofikafeer-for-unga-och-vuxna\/#breadcrumb\",\"itemListElement\":[{\"@type\":\"ListItem\",\"position\":1,\"name\":\"Home\",\"item\":\"https:\/\/www.abf.se\/sodertorn\/\"},{\"@type\":\"ListItem\",\"position\":2,\"name\":\"Nyheter\",\"item\":\"https:\/\/www.abf.se\/sodertorn\/nyheter\/\"},{\"@type\":\"ListItem\",\"position\":3,\"name\":\"Ny v\u00e5rsatsning i Haninge kulturhus: Filosofikaf\u00e9er f\u00f6r unga 13+ och vuxna\"}]},{\"@type\":\"WebSite\",\"@id\":\"https:\/\/www.abf.se\/sodertorn\/#website\",\"url\":\"https:\/\/www.abf.se\/sodertorn\/\",\"name\":\"S\u00f6dert\u00f6rn\",\"description\":\"\",\"potentialAction\":[{\"@type\":\"SearchAction\",\"target\":{\"@type\":\"EntryPoint\",\"urlTemplate\":\"https:\/\/www.abf.se\/sodertorn\/?s={search_term_string}\"},\"query-input\":{\"@type\":\"PropertyValueSpecification\",\"valueRequired\":true,\"valueName\":\"search_term_string\"}}],\"inLanguage\":\"sv-SE\"}]}<\/script>\n<!-- \/ Yoast SEO plugin. -->","yoast_head_json":{"title":"Filosofikaf\u00e9er i Haninge f\u00f6r unga 13+ och vuxna | ABF S\u00f6dert\u00f6rn","description":"Delta i filosofikaf\u00e9er i Haninge kulturhus. \u00d6ppna samtal f\u00f6r unga 13+ och vuxna som vill t\u00e4nka tillsammans \u2013 gratis och utan krav. V\u00e4lkommen!","robots":{"index":"index","follow":"follow","max-snippet":"max-snippet:-1","max-image-preview":"max-image-preview:large","max-video-preview":"max-video-preview:-1"},"canonical":"https:\/\/www.abf.se\/sodertorn\/nyheter\/ny-varsatsning-i-haninge-kulturhus-filosofikafeer-for-unga-och-vuxna\/","og_locale":"sv_SE","og_type":"article","og_title":"Filosofikaf\u00e9er i Haninge f\u00f6r unga 13+ och vuxna | ABF S\u00f6dert\u00f6rn","og_description":"Delta i filosofikaf\u00e9er i Haninge kulturhus. \u00d6ppna samtal f\u00f6r unga 13+ och vuxna som vill t\u00e4nka tillsammans \u2013 gratis och utan krav. V\u00e4lkommen!","og_url":"https:\/\/www.abf.se\/sodertorn\/nyheter\/ny-varsatsning-i-haninge-kulturhus-filosofikafeer-for-unga-och-vuxna\/","og_site_name":"S\u00f6dert\u00f6rn","article_modified_time":"2026-01-28T16:14:03+00:00","og_image":[{"width":2560,"height":1440,"url":"https:\/\/www.abf.se\/wp-content\/uploads\/sites\/49\/2024\/04\/Nyckeln-liggande-scaled.jpg","type":"image\/jpeg"}],"twitter_card":"summary_large_image","schema":{"@context":"https:\/\/schema.org","@graph":[{"@type":"WebPage","@id":"https:\/\/www.abf.se\/sodertorn\/nyheter\/ny-varsatsning-i-haninge-kulturhus-filosofikafeer-for-unga-och-vuxna\/","url":"https:\/\/www.abf.se\/sodertorn\/nyheter\/ny-varsatsning-i-haninge-kulturhus-filosofikafeer-for-unga-och-vuxna\/","name":"Filosofikaf\u00e9er i Haninge f\u00f6r unga 13+ och vuxna | ABF S\u00f6dert\u00f6rn","isPartOf":{"@id":"https:\/\/www.abf.se\/sodertorn\/#website"},"datePublished":"2026-01-28T15:49:34+00:00","dateModified":"2026-01-28T16:14:03+00:00","description":"Delta i filosofikaf\u00e9er i Haninge kulturhus. \u00d6ppna samtal f\u00f6r unga 13+ och vuxna som vill t\u00e4nka tillsammans \u2013 gratis och utan krav. V\u00e4lkommen!","breadcrumb":{"@id":"https:\/\/www.abf.se\/sodertorn\/nyheter\/ny-varsatsning-i-haninge-kulturhus-filosofikafeer-for-unga-och-vuxna\/#breadcrumb"},"inLanguage":"sv-SE","potentialAction":[{"@type":"ReadAction","target":["https:\/\/www.abf.se\/sodertorn\/nyheter\/ny-varsatsning-i-haninge-kulturhus-filosofikafeer-for-unga-och-vuxna\/"]}]},{"@type":"BreadcrumbList","@id":"https:\/\/www.abf.se\/sodertorn\/nyheter\/ny-varsatsning-i-haninge-kulturhus-filosofikafeer-for-unga-och-vuxna\/#breadcrumb","itemListElement":[{"@type":"ListItem","position":1,"name":"Home","item":"https:\/\/www.abf.se\/sodertorn\/"},{"@type":"ListItem","position":2,"name":"Nyheter","item":"https:\/\/www.abf.se\/sodertorn\/nyheter\/"},{"@type":"ListItem","position":3,"name":"Ny v\u00e5rsatsning i Haninge kulturhus: Filosofikaf\u00e9er f\u00f6r unga 13+ och vuxna"}]},{"@type":"WebSite","@id":"https:\/\/www.abf.se\/sodertorn\/#website","url":"https:\/\/www.abf.se\/sodertorn\/","name":"S\u00f6dert\u00f6rn","description":"","potentialAction":[{"@type":"SearchAction","target":{"@type":"EntryPoint","urlTemplate":"https:\/\/www.abf.se\/sodertorn\/?s={search_term_string}"},"query-input":{"@type":"PropertyValueSpecification","valueRequired":true,"valueName":"search_term_string"}}],"inLanguage":"sv-SE"}]}},"_links":{"self":[{"href":"https:\/\/www.abf.se\/sodertorn\/wp-json\/wp\/v2\/news-article\/2979","targetHints":{"allow":["GET"]}}],"collection":[{"href":"https:\/\/www.abf.se\/sodertorn\/wp-json\/wp\/v2\/news-article"}],"about":[{"href":"https:\/\/www.abf.se\/sodertorn\/wp-json\/wp\/v2\/types\/news-article"}],"wp:attachment":[{"href":"https:\/\/www.abf.se\/sodertorn\/wp-json\/wp\/v2\/media?parent=2979"}],"wp:term":[{"taxonomy":"category","embeddable":true,"href":"https:\/\/www.abf.se\/sodertorn\/wp-json\/wp\/v2\/categories?post=2979"}],"curies":[{"name":"wp","href":"https:\/\/api.w.org\/{rel}","templated":true}]}}