{"id":3205,"date":"2026-04-24T15:24:14","date_gmt":"2026-04-24T13:24:14","guid":{"rendered":"https:\/\/www.abf.se\/sodertorn\/?post_type=news-article&#038;p=3205"},"modified":"2026-04-24T15:24:53","modified_gmt":"2026-04-24T13:24:53","slug":"abf-bygger-ut-i-tyreso","status":"publish","type":"news-article","link":"https:\/\/www.abf.se\/sodertorn\/nyheter\/abf-bygger-ut-i-tyreso\/","title":{"rendered":"ABF bygger ut i Tyres\u00f6 \u2013 v\u00e4lkommen till nya Hantverksg\u00e5rden!"},"content":{"rendered":"<div\n    class=\"acf-article-text-block article-container my-12\"\n    data-block=\"article-text-block\"\n>\n    <div class=\"wysiwyg\">\n        <h2>Mer plats f\u00f6r folkbildning i Tyres\u00f6<\/h2>\n<p data-start=\"761\" data-end=\"987\">Under vintern har Hantverksg\u00e5rden byggts om och f\u00e5tt tv\u00e5 nya studiesalar, ett nytt expeditionsrum och en mer tillg\u00e4nglig entr\u00e9. \u00c4ven befintliga ytor har anpassats f\u00f6r att ge b\u00e4ttre f\u00f6ruts\u00e4ttningar f\u00f6r m\u00f6ten och verksamhet i lokalerna.<\/p>\n<p data-start=\"989\" data-end=\"1253\">Satsningen genomf\u00f6rs i en tid d\u00e4r behovet av \u00f6ppna m\u00f6tesplatser \u00e4r stort, samtidigt som folkbildningen i Sverige har f\u00e5tt minskade resurser. F\u00f6r ABF \u00e4r det viktigt att fortsatt kunna erbjuda platser d\u00e4r m\u00e4nniskor kan m\u00f6tas, delta och engagera sig i folkbildningen.<\/p>\n<p data-start=\"1255\" data-end=\"1379\">Utbyggnaden \u00e4r en del av arbetet med att st\u00e4rka folkbildningen i Tyres\u00f6 och skapa fler tillg\u00e4ngliga m\u00f6tesplatser i kommunen.<\/p>\n<h2>En plats f\u00f6r id\u00e9er, skapande och gemenskap<\/h2>\n<p data-start=\"1438\" data-end=\"1597\">Hantverksg\u00e5rden har l\u00e4nge varit en plats f\u00f6r skapande och l\u00e4rande. H\u00e4r finns idag konstsal, keramiksal och verksamhet som p\u00e5g\u00e5r varje vecka genom ABF i Tyres\u00f6.<\/p>\n<p data-start=\"1599\" data-end=\"1754\">Med de nya salarna vill vi \u00f6ppna upp \u00e4nnu mer \u2013 f\u00f6r f\u00f6reningar, cirkelledare, grupper och enskilda som beh\u00f6ver en plats f\u00f6r sina id\u00e9er och sitt engagemang.<\/p>\n<p data-start=\"1756\" data-end=\"1881\">Oavsett om du vill starta en studiecirkel, delta i en kurs eller bara hitta andra att dela intressen med \u00e4r du varmt v\u00e4lkommen hit.<\/p>\n<h2>Invigning och \u00f6ppet hus 9 maj<\/h2>\n<p>L\u00f6rdag den 9 maj kl. 12.00\u201315.00 \u00f6ppnar vi d\u00f6rrarna och inviger de nya lokalerna.<\/p>\n<p>D\u00e5 kan du:<\/p>\n<ul>\n<li>se de nya rummen<\/li>\n<li>prova p\u00e5 aktiviteter<\/li>\n<li>ta del av en deltagarutst\u00e4llning<\/li>\n<li>uppleva p\u00e5g\u00e5ende verksamhet<\/li>\n<li>f\u00e5 veta mer om vad som \u00e4r p\u00e5 g\u00e5ng i Tyres\u00f6<\/li>\n<\/ul>\n<p data-start=\"2175\" data-end=\"2222\"><strong data-start=\"2175\" data-end=\"2222\">Varmt v\u00e4lkommen att fira med oss den 9 maj!<\/strong><\/p>\n\n    <\/div>\n<\/div>\n<div\n    class=\"acf-article-facts-block article-container  my-8 \"\n    data-block=\"article-facts-block\"\n>\n<div class=\"bg-teal-light border border-teal p-8 rounded-corners-sm\">\n<header>\n        <h2 class=\"heading-md text-teal-dark mb-3\">\n            Fakta \u2013 invigning och \u00f6ppet hus\n        <\/h2>\n    <\/header>\n    <div class=\"wysiwyg\">\n        <p data-start=\"193\" data-end=\"274\"><strong>Datum:<\/strong> l\u00f6rdag 9 maj 2026<br \/>\n<strong>Tid:<\/strong> kl. 12.00\u201315.00<br data-start=\"228\" data-end=\"231\" \/><strong>Plats:<\/strong> Hantverksg\u00e5rden, Bollmorav\u00e4gen 95, Tyres\u00f6<\/p>\n<p data-start=\"276\" data-end=\"329\">\u00d6ppet hus med aktiviteter och visning av lokalerna.<\/p>\n<p data-start=\"331\" data-end=\"488\">Program och mer information:\u00a0<br data-start=\"359\" data-end=\"362\" \/><a href=\"https:\/\/www.abf.se\/sodertorn\/kurs\/invigning-och-oppet-hus-pa-hantverksgarden-3921279\/\">Invigning och \u00f6ppet hus i Tyres\u00f6 9 maj<\/a><\/p>\n\n    <\/div>\n<\/div>\n\n<\/div>\n","protected":false},"featured_media":0,"parent":0,"menu_order":0,"template":"","categories":[],"class_list":["post-3205","news-article","type-news-article","status-publish","hentry"],"acf":[],"yoast_head":"<!-- This site is optimized with the Yoast SEO plugin v27.0 - https:\/\/yoast.com\/product\/yoast-seo-wordpress\/ -->\n<title>ABF bygger ut och inviger nya lokaler i Tyres\u00f6 | ABF S\u00f6dert\u00f6rn<\/title>\n<meta name=\"description\" content=\"ABF har byggt ut sina lokaler i Tyres\u00f6 f\u00f6r fler m\u00f6ten, studiecirklar och kultur. V\u00e4lkommen till invigning och \u00f6ppet hus 9 maj kl. 12\u201315.\" \/>\n<meta name=\"robots\" content=\"index, follow, max-snippet:-1, max-image-preview:large, max-video-preview:-1\" \/>\n<link rel=\"canonical\" href=\"https:\/\/www.abf.se\/sodertorn\/nyheter\/abf-bygger-ut-i-tyreso\/\" \/>\n<meta property=\"og:locale\" content=\"sv_SE\" \/>\n<meta property=\"og:type\" content=\"article\" \/>\n<meta property=\"og:title\" content=\"ABF inviger nya lokaler i Hantverksg\u00e5rden, Tyres\u00f6\" \/>\n<meta property=\"og:description\" content=\"Vi har byggt ut i Hantverksg\u00e5rden i Tyres\u00f6! V\u00e4lkommen till invigning och \u00f6ppet hus den 9 maj kl. 12\u201315 med aktiviteter och visning av lokalerna.\" \/>\n<meta property=\"og:url\" content=\"https:\/\/www.abf.se\/sodertorn\/nyheter\/abf-bygger-ut-i-tyreso\/\" \/>\n<meta property=\"og:site_name\" content=\"S\u00f6dert\u00f6rn\" \/>\n<meta property=\"article:modified_time\" content=\"2026-04-24T13:24:53+00:00\" \/>\n<meta property=\"og:image\" content=\"https:\/\/www.abf.se\/wp-content\/uploads\/sites\/49\/2025\/11\/Oppet-hus-och-vintermingel-1024x555.png\" \/>\n\t<meta property=\"og:image:width\" content=\"1024\" \/>\n\t<meta property=\"og:image:height\" content=\"555\" \/>\n\t<meta property=\"og:image:type\" content=\"image\/png\" \/>\n<meta name=\"twitter:card\" content=\"summary_large_image\" \/>\n<script type=\"application\/ld+json\" class=\"yoast-schema-graph\">{\"@context\":\"https:\/\/schema.org\",\"@graph\":[{\"@type\":\"WebPage\",\"@id\":\"https:\/\/www.abf.se\/sodertorn\/nyheter\/abf-bygger-ut-i-tyreso\/\",\"url\":\"https:\/\/www.abf.se\/sodertorn\/nyheter\/abf-bygger-ut-i-tyreso\/\",\"name\":\"ABF bygger ut och inviger nya lokaler i Tyres\u00f6 | ABF S\u00f6dert\u00f6rn\",\"isPartOf\":{\"@id\":\"https:\/\/www.abf.se\/sodertorn\/#website\"},\"datePublished\":\"2026-04-24T13:24:14+00:00\",\"dateModified\":\"2026-04-24T13:24:53+00:00\",\"description\":\"ABF har byggt ut sina lokaler i Tyres\u00f6 f\u00f6r fler m\u00f6ten, studiecirklar och kultur. V\u00e4lkommen till invigning och \u00f6ppet hus 9 maj kl. 12\u201315.\",\"breadcrumb\":{\"@id\":\"https:\/\/www.abf.se\/sodertorn\/nyheter\/abf-bygger-ut-i-tyreso\/#breadcrumb\"},\"inLanguage\":\"sv-SE\",\"potentialAction\":[{\"@type\":\"ReadAction\",\"target\":[\"https:\/\/www.abf.se\/sodertorn\/nyheter\/abf-bygger-ut-i-tyreso\/\"]}]},{\"@type\":\"BreadcrumbList\",\"@id\":\"https:\/\/www.abf.se\/sodertorn\/nyheter\/abf-bygger-ut-i-tyreso\/#breadcrumb\",\"itemListElement\":[{\"@type\":\"ListItem\",\"position\":1,\"name\":\"Home\",\"item\":\"https:\/\/www.abf.se\/sodertorn\/\"},{\"@type\":\"ListItem\",\"position\":2,\"name\":\"Nyheter\",\"item\":\"https:\/\/www.abf.se\/sodertorn\/nyheter\/\"},{\"@type\":\"ListItem\",\"position\":3,\"name\":\"ABF bygger ut i Tyres\u00f6 \u2013 v\u00e4lkommen till nya Hantverksg\u00e5rden!\"}]},{\"@type\":\"WebSite\",\"@id\":\"https:\/\/www.abf.se\/sodertorn\/#website\",\"url\":\"https:\/\/www.abf.se\/sodertorn\/\",\"name\":\"S\u00f6dert\u00f6rn\",\"description\":\"\",\"potentialAction\":[{\"@type\":\"SearchAction\",\"target\":{\"@type\":\"EntryPoint\",\"urlTemplate\":\"https:\/\/www.abf.se\/sodertorn\/?s={search_term_string}\"},\"query-input\":{\"@type\":\"PropertyValueSpecification\",\"valueRequired\":true,\"valueName\":\"search_term_string\"}}],\"inLanguage\":\"sv-SE\"}]}<\/script>\n<!-- \/ Yoast SEO plugin. -->","yoast_head_json":{"title":"ABF bygger ut och inviger nya lokaler i Tyres\u00f6 | ABF S\u00f6dert\u00f6rn","description":"ABF har byggt ut sina lokaler i Tyres\u00f6 f\u00f6r fler m\u00f6ten, studiecirklar och kultur. V\u00e4lkommen till invigning och \u00f6ppet hus 9 maj kl. 12\u201315.","robots":{"index":"index","follow":"follow","max-snippet":"max-snippet:-1","max-image-preview":"max-image-preview:large","max-video-preview":"max-video-preview:-1"},"canonical":"https:\/\/www.abf.se\/sodertorn\/nyheter\/abf-bygger-ut-i-tyreso\/","og_locale":"sv_SE","og_type":"article","og_title":"ABF inviger nya lokaler i Hantverksg\u00e5rden, Tyres\u00f6","og_description":"Vi har byggt ut i Hantverksg\u00e5rden i Tyres\u00f6! V\u00e4lkommen till invigning och \u00f6ppet hus den 9 maj kl. 12\u201315 med aktiviteter och visning av lokalerna.","og_url":"https:\/\/www.abf.se\/sodertorn\/nyheter\/abf-bygger-ut-i-tyreso\/","og_site_name":"S\u00f6dert\u00f6rn","article_modified_time":"2026-04-24T13:24:53+00:00","og_image":[{"width":1024,"height":555,"url":"https:\/\/www.abf.se\/wp-content\/uploads\/sites\/49\/2025\/11\/Oppet-hus-och-vintermingel-1024x555.png","type":"image\/png"}],"twitter_card":"summary_large_image","schema":{"@context":"https:\/\/schema.org","@graph":[{"@type":"WebPage","@id":"https:\/\/www.abf.se\/sodertorn\/nyheter\/abf-bygger-ut-i-tyreso\/","url":"https:\/\/www.abf.se\/sodertorn\/nyheter\/abf-bygger-ut-i-tyreso\/","name":"ABF bygger ut och inviger nya lokaler i Tyres\u00f6 | ABF S\u00f6dert\u00f6rn","isPartOf":{"@id":"https:\/\/www.abf.se\/sodertorn\/#website"},"datePublished":"2026-04-24T13:24:14+00:00","dateModified":"2026-04-24T13:24:53+00:00","description":"ABF har byggt ut sina lokaler i Tyres\u00f6 f\u00f6r fler m\u00f6ten, studiecirklar och kultur. V\u00e4lkommen till invigning och \u00f6ppet hus 9 maj kl. 12\u201315.","breadcrumb":{"@id":"https:\/\/www.abf.se\/sodertorn\/nyheter\/abf-bygger-ut-i-tyreso\/#breadcrumb"},"inLanguage":"sv-SE","potentialAction":[{"@type":"ReadAction","target":["https:\/\/www.abf.se\/sodertorn\/nyheter\/abf-bygger-ut-i-tyreso\/"]}]},{"@type":"BreadcrumbList","@id":"https:\/\/www.abf.se\/sodertorn\/nyheter\/abf-bygger-ut-i-tyreso\/#breadcrumb","itemListElement":[{"@type":"ListItem","position":1,"name":"Home","item":"https:\/\/www.abf.se\/sodertorn\/"},{"@type":"ListItem","position":2,"name":"Nyheter","item":"https:\/\/www.abf.se\/sodertorn\/nyheter\/"},{"@type":"ListItem","position":3,"name":"ABF bygger ut i Tyres\u00f6 \u2013 v\u00e4lkommen till nya Hantverksg\u00e5rden!"}]},{"@type":"WebSite","@id":"https:\/\/www.abf.se\/sodertorn\/#website","url":"https:\/\/www.abf.se\/sodertorn\/","name":"S\u00f6dert\u00f6rn","description":"","potentialAction":[{"@type":"SearchAction","target":{"@type":"EntryPoint","urlTemplate":"https:\/\/www.abf.se\/sodertorn\/?s={search_term_string}"},"query-input":{"@type":"PropertyValueSpecification","valueRequired":true,"valueName":"search_term_string"}}],"inLanguage":"sv-SE"}]}},"_links":{"self":[{"href":"https:\/\/www.abf.se\/sodertorn\/wp-json\/wp\/v2\/news-article\/3205","targetHints":{"allow":["GET"]}}],"collection":[{"href":"https:\/\/www.abf.se\/sodertorn\/wp-json\/wp\/v2\/news-article"}],"about":[{"href":"https:\/\/www.abf.se\/sodertorn\/wp-json\/wp\/v2\/types\/news-article"}],"wp:attachment":[{"href":"https:\/\/www.abf.se\/sodertorn\/wp-json\/wp\/v2\/media?parent=3205"}],"wp:term":[{"taxonomy":"category","embeddable":true,"href":"https:\/\/www.abf.se\/sodertorn\/wp-json\/wp\/v2\/categories?post=3205"}],"curies":[{"name":"wp","href":"https:\/\/api.w.org\/{rel}","templated":true}]}}