{"id":1295,"date":"2025-06-23T07:38:26","date_gmt":"2025-06-23T05:38:26","guid":{"rendered":"https:\/\/www.abf.se\/varmland\/?post_type=news-article&#038;p=1295"},"modified":"2025-06-23T07:44:00","modified_gmt":"2025-06-23T05:44:00","slug":"christian-berattar-om-sin-resa-i-forintelsens-spar","status":"publish","type":"news-article","link":"https:\/\/www.abf.se\/varmland\/nyheter\/christian-berattar-om-sin-resa-i-forintelsens-spar\/","title":{"rendered":"Christian ber\u00e4ttar om sin resa i F\u00f6rintelsens sp\u00e5r"},"content":{"rendered":"<div\n    class=\"acf-article-text-block article-container my-12\"\n    data-block=\"article-text-block\"\n>\n    <div class=\"wysiwyg\">\n        <p>Efter att en medarbetare p\u00e5 ABF V\u00e4rmland f\u00e5tt en id\u00e9 om att samla LO-facken f\u00f6r en resa i F\u00f6rintelsens sp\u00e5r b\u00f6rjade arbetet 2022 med att s\u00f6ka medel f\u00f6r att kunna genomf\u00f6ra den. Tack vare pengar fr\u00e5n Arbetarnas kulturfond kunde en resa genomf\u00f6ras i slutet av april 2023. F\u00f6r att \u00e5ka med skulle man vara medlem i ett LO-fackf\u00f6rbund och ha ett fackligt engagemang. En av de som fick chansen att \u00e5ka var Christian Holmberg fr\u00e5n IF Metall avdelning 18, \u00d6rebro l\u00e4n.<\/p>\n<p>\u2013 Eftersom jag satt i studiekommitt\u00e9n vid den tiden fick jag tidigt nys och resan och anm\u00e4lde direkt mitt intresse, ber\u00e4ttar Christian.<\/p>\n<p>Han ber\u00e4ttar att han alltid varit intresserad av andra v\u00e4rldskriget och F\u00f6rintelsen och ville bilda sig mer genom att bes\u00f6ka viktiga platser i Polen. Som en av de som valdes ut fick han bes\u00f6ka m\u00e5nga platser som \u00e4r betydelsefulla och som ber\u00e4ttar om fasansfulla handlingar. F\u00f6rutom Auschwitz, Umschlagplatz och Polin-mus\u00e9et i Warszawa bes\u00f6kte man ocks\u00e5 Treblinka.<\/p>\n<p>\u2013 Det som gjorde starkast intryck p\u00e5 mig var att bes\u00f6ka Treblinka. D\u00e4r inne k\u00e4ndes det som att n\u00e5got drog i mig, s\u00e4ger Christian och forts\u00e4tter:<\/p>\n<p>\u2013 Efter ett par dagar i Polen b\u00f6rjade jag dr\u00f6mma om det jag sett och h\u00f6rt och s\u00e5 h\u00e4r tv\u00e5 \u00e5r efter g\u00e5r det inte en dag utan att jag t\u00e4nker p\u00e5 eller pratar om resan f\u00f6r den f\u00f6r\u00e4ndrade mig verkligen.<\/p>\n<h3>Polen \u2013 ett underskattat land<\/h3>\n<p>Flera fackf\u00f6rbund fr\u00e5n LO-paraplyet var representerade. F\u00f6rutom IF Metall fanns deltagare fr\u00e5n bland andra Byggnads, SEKO, Handels och Kommunal.<\/p>\n<p>\u2013 Att resa med andra fackligt engagerade m\u00e4nniskor var sp\u00e4nnande och l\u00e4rorikt d\u00e5 vi f\u00f6rutom att uppleva sv\u00e5ra stunder tillsammans ocks\u00e5 kunde prata annat fackligt, s\u00e4ger Christian.<\/p>\n<p>En resa med ABF V\u00e4rmland till Polen d\u00e4r vi bildar om m\u00e4nskliga r\u00e4ttigheter och demokrati innefattar ocks\u00e5 ett l\u00e4rande om polsk kultur. Att uppleva allt gott och vackert Polen kan erbjuda \u00e4r lika viktigt.<\/p>\n<p>\u2013 Jag tror att Polen \u00e4r ett underskattat land, det finns s\u00e5 mycket fin natur och god mat och att f\u00e5 tr\u00e4ffa lokalbefolkning var en lika viktig del av resan som allt annat, ber\u00e4ttar Christian.<\/p>\n<h3>P\u00e5 hemmaplan igen<\/h3>\n<p>V\u00e4l hemma igen b\u00f6rjade Christian arbeta med att f\u00f6ra ber\u00e4ttelserna han f\u00e5tt h\u00f6ra under resan vidare. Tack vare sitt engagemang i facket fick han f\u00f6rfr\u00e5gningar om att \u00e5ka ut och f\u00f6rel\u00e4sa.<\/p>\n<p>\u2013 Jag har f\u00e5tt en uppgift och tar den p\u00e5 st\u00f6rsta allvar. Jag \u00e4r ingen expert men jag ber\u00e4ttar utifr\u00e5n mina upplevelser och om mina k\u00e4nslor inf\u00f6r dem, s\u00e4ger han.<\/p>\n<p>Det har blivit ett femtontal f\u00f6rel\u00e4sningar sedan han kom hem och han har f\u00f6rel\u00e4st inf\u00f6r allt fr\u00e5n PRO till skolklasser och kyrkan.<\/p>\n<p>\u2013 Vid ett tillf\u00e4lle fanns ett barn till en \u00f6verlevande i publiken. Det var speciellt, s\u00e4ger Christian.<\/p>\n<p>Alla \u00e5ttondeklassare i P\u00e5lsboda d\u00e4r Christian bor ska fram\u00f6ver f\u00e5 h\u00f6ra hans ber\u00e4ttelse.<\/p>\n<p>\u2013 Det \u00e4r j\u00e4ttekul att en skola vill satsa p\u00e5 att l\u00e4ra ut mer om det h\u00e4r och jag \u00e4r glad att det \u00e4r jag som f\u00e5r vara den person som ber\u00e4ttar, avslutar Christian.<\/p>\n\n    <\/div>\n<\/div>\n<div\n    class=\"acf-article-facts-block article-container  my-8 \"\n    data-block=\"article-facts-block\"\n>\n<div class=\"bg-teal-light border border-teal p-8 rounded-corners-sm\">\n<header>\n        <h2 class=\"heading-md text-teal-dark mb-3\">\n            Christian Holmberg\n        <\/h2>\n    <\/header>\n    <div class=\"wysiwyg\">\n        <p>Namn: Christian Holmberg<br \/>\nBor: Hjortkvarn<br \/>\nJobbar som: CNC-operat\u00f6r<\/p>\n\n    <\/div>\n<\/div>\n\n<\/div>\n<div\n    class=\"acf-article-image-block mb-12 article-container-lg\"\n    data-block=\"article-image-block\"\n>\n<div class=\"\">\n\n        <figure>\n        \n            <picture class=\"round-corners-lg w-full\"><img decoding=\"async\" src=\"https:\/\/www.abf.se\/varmland\/resized\/?url=https%3A%2F%2Fwww.abf.se%2Fwp-content%2Fuploads%2Fsites%2F54%2F2025%2F06%2F1000001568-scaled.jpg&#038;fit=contain&#038;w=788&#038;s=21f1672b1c3bcee82a7965a3544acdd1\" srcset=\"https:\/\/www.abf.se\/varmland\/resized\/?url=https%3A%2F%2Fwww.abf.se%2Fwp-content%2Fuploads%2Fsites%2F54%2F2025%2F06%2F1000001568-scaled.jpg&#038;fit=contain&#038;w=375&#038;h=499&#038;s=a4674e463bebc06bb5ec98fdf38023ac 375w, https:\/\/www.abf.se\/varmland\/resized\/?url=https%3A%2F%2Fwww.abf.se%2Fwp-content%2Fuploads%2Fsites%2F54%2F2025%2F06%2F1000001568-scaled.jpg&#038;fit=contain&#038;w=447&#038;h=595&#038;s=bcb8699ecae2701bcf155231eb81f14f 447w, https:\/\/www.abf.se\/varmland\/resized\/?url=https%3A%2F%2Fwww.abf.se%2Fwp-content%2Fuploads%2Fsites%2F54%2F2025%2F06%2F1000001568-scaled.jpg&#038;fit=contain&#038;w=519&#038;h=691&#038;s=77a8c1461c3747c20f7689e4f0fd52c8 519w, https:\/\/www.abf.se\/varmland\/resized\/?url=https%3A%2F%2Fwww.abf.se%2Fwp-content%2Fuploads%2Fsites%2F54%2F2025%2F06%2F1000001568-scaled.jpg&#038;fit=contain&#038;w=591&#038;h=787&#038;s=2e82ae655f6d804af1e17552afa89d74 591w, https:\/\/www.abf.se\/varmland\/resized\/?url=https%3A%2F%2Fwww.abf.se%2Fwp-content%2Fuploads%2Fsites%2F54%2F2025%2F06%2F1000001568-scaled.jpg&#038;fit=contain&#038;w=663&#038;h=883&#038;s=21ba60333d4b1566720d8418096b67a5 663w, https:\/\/www.abf.se\/varmland\/resized\/?url=https%3A%2F%2Fwww.abf.se%2Fwp-content%2Fuploads%2Fsites%2F54%2F2025%2F06%2F1000001568-scaled.jpg&#038;fit=contain&#038;w=735&#038;h=979&#038;s=8d26f7234955a835f954bc8264c9d9af 735w, https:\/\/www.abf.se\/varmland\/resized\/?url=https%3A%2F%2Fwww.abf.se%2Fwp-content%2Fuploads%2Fsites%2F54%2F2025%2F06%2F1000001568-scaled.jpg&#038;fit=contain&#038;w=750&#038;h=999&#038;s=cae693255d8aec7885f1dd27d33d0d06 750w, https:\/\/www.abf.se\/varmland\/resized\/?url=https%3A%2F%2Fwww.abf.se%2Fwp-content%2Fuploads%2Fsites%2F54%2F2025%2F06%2F1000001568-scaled.jpg&#038;fit=contain&#038;w=788&#038;s=21f1672b1c3bcee82a7965a3544acdd1 788w, https:\/\/www.abf.se\/varmland\/resized\/?url=https%3A%2F%2Fwww.abf.se%2Fwp-content%2Fuploads%2Fsites%2F54%2F2025%2F06%2F1000001568-scaled.jpg&#038;fit=contain&#038;w=894&#038;h=1191&#038;s=e5eef782c59a3f29c55c2aef8dfc1a89 894w, https:\/\/www.abf.se\/varmland\/resized\/?url=https%3A%2F%2Fwww.abf.se%2Fwp-content%2Fuploads%2Fsites%2F54%2F2025%2F06%2F1000001568-scaled.jpg&#038;fit=contain&#038;w=1038&#038;h=1383&#038;s=3a9ea74d90f898d42e61388374900f67 1038w, https:\/\/www.abf.se\/varmland\/resized\/?url=https%3A%2F%2Fwww.abf.se%2Fwp-content%2Fuploads%2Fsites%2F54%2F2025%2F06%2F1000001568-scaled.jpg&#038;fit=contain&#038;w=1182&#038;h=1575&#038;s=30af12cdfdd5289d93ee18040c7f2be4 1182w, https:\/\/www.abf.se\/varmland\/resized\/?url=https%3A%2F%2Fwww.abf.se%2Fwp-content%2Fuploads%2Fsites%2F54%2F2025%2F06%2F1000001568-scaled.jpg&#038;fit=contain&#038;w=1326&#038;h=1766&#038;s=28e594dcf3eaffd9dd9245894068d760 1326w, https:\/\/www.abf.se\/varmland\/resized\/?url=https%3A%2F%2Fwww.abf.se%2Fwp-content%2Fuploads%2Fsites%2F54%2F2025%2F06%2F1000001568-scaled.jpg&#038;fit=contain&#038;w=1470&#038;h=1958&#038;s=e60babe92dd952539c581c3aab5e1a61 1470w\" alt=\"Person som st&aring;r vid minnessten i Lodz.\" height=\"1050\" width=\"788\" sizes=\"auto, (max-width: 768px) calc(100vw - 40px), 788px\" loading=\"lazy\" fetchpriority=\"low\" class=\"round-corners-lg w-full\" \/><\/picture>\n                            <figcaption class=\"my-2 body-md text-gray-text\">\n                    Christian Holmberg st\u00e5r vid en minnessten i staden Lodz i Polen.\n                <\/figcaption>\n                        <\/figure>\n        <\/div>\n\n<\/div>\n","protected":false},"featured_media":0,"parent":0,"menu_order":0,"template":"","categories":[],"class_list":["post-1295","news-article","type-news-article","status-publish","hentry"],"acf":[],"yoast_head":"<!-- This site is optimized with the Yoast SEO plugin v27.0 - https:\/\/yoast.com\/product\/yoast-seo-wordpress\/ -->\n<title>Christian ber\u00e4ttar om sin resa i F\u00f6rintelsens sp\u00e5r - V\u00e4rmland<\/title>\n<meta name=\"robots\" content=\"index, follow, max-snippet:-1, max-image-preview:large, max-video-preview:-1\" \/>\n<link rel=\"canonical\" href=\"https:\/\/www.abf.se\/varmland\/nyheter\/christian-berattar-om-sin-resa-i-forintelsens-spar\/\" \/>\n<meta property=\"og:locale\" content=\"sv_SE\" \/>\n<meta property=\"og:type\" content=\"article\" \/>\n<meta property=\"og:title\" content=\"Christian ber\u00e4ttar om sin resa i F\u00f6rintelsens sp\u00e5r - V\u00e4rmland\" \/>\n<meta property=\"og:url\" content=\"https:\/\/www.abf.se\/varmland\/nyheter\/christian-berattar-om-sin-resa-i-forintelsens-spar\/\" \/>\n<meta property=\"og:site_name\" content=\"V\u00e4rmland\" \/>\n<meta property=\"article:modified_time\" content=\"2025-06-23T05:44:00+00:00\" \/>\n<meta property=\"og:image\" content=\"https:\/\/www.abf.se\/wp-content\/uploads\/sites\/54\/2024\/04\/Nyckeln-liggande-scaled.jpg\" \/>\n\t<meta property=\"og:image:width\" content=\"2560\" \/>\n\t<meta property=\"og:image:height\" content=\"1440\" \/>\n\t<meta property=\"og:image:type\" content=\"image\/jpeg\" \/>\n<meta name=\"twitter:card\" content=\"summary_large_image\" \/>\n<script type=\"application\/ld+json\" class=\"yoast-schema-graph\">{\"@context\":\"https:\/\/schema.org\",\"@graph\":[{\"@type\":\"WebPage\",\"@id\":\"https:\/\/www.abf.se\/varmland\/nyheter\/christian-berattar-om-sin-resa-i-forintelsens-spar\/\",\"url\":\"https:\/\/www.abf.se\/varmland\/nyheter\/christian-berattar-om-sin-resa-i-forintelsens-spar\/\",\"name\":\"Christian ber\u00e4ttar om sin resa i F\u00f6rintelsens sp\u00e5r - V\u00e4rmland\",\"isPartOf\":{\"@id\":\"https:\/\/www.abf.se\/varmland\/#website\"},\"datePublished\":\"2025-06-23T05:38:26+00:00\",\"dateModified\":\"2025-06-23T05:44:00+00:00\",\"breadcrumb\":{\"@id\":\"https:\/\/www.abf.se\/varmland\/nyheter\/christian-berattar-om-sin-resa-i-forintelsens-spar\/#breadcrumb\"},\"inLanguage\":\"sv-SE\",\"potentialAction\":[{\"@type\":\"ReadAction\",\"target\":[\"https:\/\/www.abf.se\/varmland\/nyheter\/christian-berattar-om-sin-resa-i-forintelsens-spar\/\"]}]},{\"@type\":\"BreadcrumbList\",\"@id\":\"https:\/\/www.abf.se\/varmland\/nyheter\/christian-berattar-om-sin-resa-i-forintelsens-spar\/#breadcrumb\",\"itemListElement\":[{\"@type\":\"ListItem\",\"position\":1,\"name\":\"Home\",\"item\":\"https:\/\/www.abf.se\/varmland\/\"},{\"@type\":\"ListItem\",\"position\":2,\"name\":\"Nyheter\",\"item\":\"https:\/\/www.abf.se\/varmland\/nyheter\/\"},{\"@type\":\"ListItem\",\"position\":3,\"name\":\"Christian ber\u00e4ttar om sin resa i F\u00f6rintelsens sp\u00e5r\"}]},{\"@type\":\"WebSite\",\"@id\":\"https:\/\/www.abf.se\/varmland\/#website\",\"url\":\"https:\/\/www.abf.se\/varmland\/\",\"name\":\"V\u00e4rmland\",\"description\":\"\",\"potentialAction\":[{\"@type\":\"SearchAction\",\"target\":{\"@type\":\"EntryPoint\",\"urlTemplate\":\"https:\/\/www.abf.se\/varmland\/?s={search_term_string}\"},\"query-input\":{\"@type\":\"PropertyValueSpecification\",\"valueRequired\":true,\"valueName\":\"search_term_string\"}}],\"inLanguage\":\"sv-SE\"}]}<\/script>\n<!-- \/ Yoast SEO plugin. -->","yoast_head_json":{"title":"Christian ber\u00e4ttar om sin resa i F\u00f6rintelsens sp\u00e5r - V\u00e4rmland","robots":{"index":"index","follow":"follow","max-snippet":"max-snippet:-1","max-image-preview":"max-image-preview:large","max-video-preview":"max-video-preview:-1"},"canonical":"https:\/\/www.abf.se\/varmland\/nyheter\/christian-berattar-om-sin-resa-i-forintelsens-spar\/","og_locale":"sv_SE","og_type":"article","og_title":"Christian ber\u00e4ttar om sin resa i F\u00f6rintelsens sp\u00e5r - V\u00e4rmland","og_url":"https:\/\/www.abf.se\/varmland\/nyheter\/christian-berattar-om-sin-resa-i-forintelsens-spar\/","og_site_name":"V\u00e4rmland","article_modified_time":"2025-06-23T05:44:00+00:00","og_image":[{"width":2560,"height":1440,"url":"https:\/\/www.abf.se\/wp-content\/uploads\/sites\/54\/2024\/04\/Nyckeln-liggande-scaled.jpg","type":"image\/jpeg"}],"twitter_card":"summary_large_image","schema":{"@context":"https:\/\/schema.org","@graph":[{"@type":"WebPage","@id":"https:\/\/www.abf.se\/varmland\/nyheter\/christian-berattar-om-sin-resa-i-forintelsens-spar\/","url":"https:\/\/www.abf.se\/varmland\/nyheter\/christian-berattar-om-sin-resa-i-forintelsens-spar\/","name":"Christian ber\u00e4ttar om sin resa i F\u00f6rintelsens sp\u00e5r - V\u00e4rmland","isPartOf":{"@id":"https:\/\/www.abf.se\/varmland\/#website"},"datePublished":"2025-06-23T05:38:26+00:00","dateModified":"2025-06-23T05:44:00+00:00","breadcrumb":{"@id":"https:\/\/www.abf.se\/varmland\/nyheter\/christian-berattar-om-sin-resa-i-forintelsens-spar\/#breadcrumb"},"inLanguage":"sv-SE","potentialAction":[{"@type":"ReadAction","target":["https:\/\/www.abf.se\/varmland\/nyheter\/christian-berattar-om-sin-resa-i-forintelsens-spar\/"]}]},{"@type":"BreadcrumbList","@id":"https:\/\/www.abf.se\/varmland\/nyheter\/christian-berattar-om-sin-resa-i-forintelsens-spar\/#breadcrumb","itemListElement":[{"@type":"ListItem","position":1,"name":"Home","item":"https:\/\/www.abf.se\/varmland\/"},{"@type":"ListItem","position":2,"name":"Nyheter","item":"https:\/\/www.abf.se\/varmland\/nyheter\/"},{"@type":"ListItem","position":3,"name":"Christian ber\u00e4ttar om sin resa i F\u00f6rintelsens sp\u00e5r"}]},{"@type":"WebSite","@id":"https:\/\/www.abf.se\/varmland\/#website","url":"https:\/\/www.abf.se\/varmland\/","name":"V\u00e4rmland","description":"","potentialAction":[{"@type":"SearchAction","target":{"@type":"EntryPoint","urlTemplate":"https:\/\/www.abf.se\/varmland\/?s={search_term_string}"},"query-input":{"@type":"PropertyValueSpecification","valueRequired":true,"valueName":"search_term_string"}}],"inLanguage":"sv-SE"}]}},"_links":{"self":[{"href":"https:\/\/www.abf.se\/varmland\/wp-json\/wp\/v2\/news-article\/1295","targetHints":{"allow":["GET"]}}],"collection":[{"href":"https:\/\/www.abf.se\/varmland\/wp-json\/wp\/v2\/news-article"}],"about":[{"href":"https:\/\/www.abf.se\/varmland\/wp-json\/wp\/v2\/types\/news-article"}],"wp:attachment":[{"href":"https:\/\/www.abf.se\/varmland\/wp-json\/wp\/v2\/media?parent=1295"}],"wp:term":[{"taxonomy":"category","embeddable":true,"href":"https:\/\/www.abf.se\/varmland\/wp-json\/wp\/v2\/categories?post=1295"}],"curies":[{"name":"wp","href":"https:\/\/api.w.org\/{rel}","templated":true}]}}