{"id":1347,"date":"2025-09-08T12:38:01","date_gmt":"2025-09-08T10:38:01","guid":{"rendered":"https:\/\/www.abf.se\/varmland\/?post_type=news-article&#038;p=1347"},"modified":"2025-09-08T12:49:41","modified_gmt":"2025-09-08T10:49:41","slug":"ny-avdelning-abf-varmland","status":"publish","type":"news-article","link":"https:\/\/www.abf.se\/varmland\/nyheter\/ny-avdelning-abf-varmland\/","title":{"rendered":"Ny avdelning \u2014 ABF V\u00e4rmland"},"content":{"rendered":"<div\n    class=\"acf-article-text-block article-container my-12\"\n    data-block=\"article-text-block\"\n>\n    <div class=\"wysiwyg\">\n        <h3>Den 13 april 2025 togs beslut om sammanslagningen och den 1 juni verkst\u00e4lldes den nya avdelningen ABF V\u00e4rmland.<\/h3>\n<p>Vid f\u00f6r\u00e4ndringar kan det ta lite tid f\u00f6r en organisation att s\u00e4tta sig men vi jobbar stenh\u00e5rt f\u00f6r att \u00f6verg\u00e5ngen ska bli s\u00e5 smidig som m\u00f6jligt f\u00f6r alla v\u00e5ra deltagare, samverkansparter, ledare och medlemsorganisationer. De 16 kommuner som nu bildar ABF V\u00e4rmland kommer st\u00e4rka oss och utveckla v\u00e5r verksamhet till det b\u00e4ttre. N\u00e5gra av er kommer f\u00e5 l\u00e4ra k\u00e4nna nya personer inom ABF medan andra har kvar sina gamla kontaktpersoner. Oavsett vilket s\u00e5 lovar vi att alltid g\u00f6ra v\u00e5rt b\u00e4sta f\u00f6r er.<\/p>\n<h3>Detta \u00e4r bra att k\u00e4nna till<\/h3>\n<p>Samma mailadresser g\u00e4ller som tidigare, med ett undantag: v\u00e5r gemensamma infomail \u00e4r nu: info.varmland@abf.se<\/p>\n<h3>E-konto\/beh\u00f6righet i nya ABF V\u00e4rmland<\/h3>\n<p>Alla cirkelledare\/kulturprogramsledare som tidigare tillh\u00f6rde ABF Norra V\u00e4rmland kommer att f\u00e5 ett mail om att ni har beh\u00f6righet att f\u00f6ra n\u00e4rvaro i nya avdelningen ABF V\u00e4rmland n\u00e4r ni f\u00e5r er n\u00e4sta e-lista.<\/p>\n<p>Ni forts\u00e4tter dock att logga in med ert fullst\u00e4ndiga personnummer samt l\u00f6senordet ni redan har. Har ni gl\u00f6mt ert l\u00f6senord kan ni beg\u00e4ra nytt l\u00f6senord p\u00e5 inloggningssidan https:\/\/arretjanst.abf.se\/<\/p>\n<p>N\u00e4r du f\u00e5tt beh\u00f6righet till nya avdelningen ABF V\u00e4rmland ser du v\u00e5rt namn till h\u00f6ger p\u00e5 startsidan n\u00e4r du loggat in.<\/p>\n\n    <\/div>\n<\/div>\n","protected":false},"featured_media":0,"parent":0,"menu_order":0,"template":"","categories":[],"class_list":["post-1347","news-article","type-news-article","status-publish","hentry"],"acf":[],"yoast_head":"<!-- This site is optimized with the Yoast SEO plugin v27.0 - https:\/\/yoast.com\/product\/yoast-seo-wordpress\/ -->\n<title>Ny avdelning \u2014 ABF V\u00e4rmland - V\u00e4rmland<\/title>\n<meta name=\"description\" content=\"Nu har ABF Norra V\u00e4rmland och ABF V\u00e4rmland bildat en gemensam avdelning: ABF V\u00e4rmland\" \/>\n<meta name=\"robots\" content=\"index, follow, max-snippet:-1, max-image-preview:large, max-video-preview:-1\" \/>\n<link rel=\"canonical\" href=\"https:\/\/www.abf.se\/varmland\/nyheter\/ny-avdelning-abf-varmland\/\" \/>\n<meta property=\"og:locale\" content=\"sv_SE\" \/>\n<meta property=\"og:type\" content=\"article\" \/>\n<meta property=\"og:title\" content=\"Ny avdelning \u2014 ABF V\u00e4rmland - V\u00e4rmland\" \/>\n<meta property=\"og:description\" content=\"Nu har ABF Norra V\u00e4rmland och ABF V\u00e4rmland bildat en gemensam avdelning: ABF V\u00e4rmland\" \/>\n<meta property=\"og:url\" content=\"https:\/\/www.abf.se\/varmland\/nyheter\/ny-avdelning-abf-varmland\/\" \/>\n<meta property=\"og:site_name\" content=\"V\u00e4rmland\" \/>\n<meta property=\"article:modified_time\" content=\"2025-09-08T10:49:41+00:00\" \/>\n<meta property=\"og:image\" content=\"https:\/\/www.abf.se\/wp-content\/uploads\/sites\/54\/2024\/04\/Nyckeln-liggande-scaled.jpg\" \/>\n\t<meta property=\"og:image:width\" content=\"2560\" \/>\n\t<meta property=\"og:image:height\" content=\"1440\" \/>\n\t<meta property=\"og:image:type\" content=\"image\/jpeg\" \/>\n<meta name=\"twitter:card\" content=\"summary_large_image\" \/>\n<script type=\"application\/ld+json\" class=\"yoast-schema-graph\">{\"@context\":\"https:\/\/schema.org\",\"@graph\":[{\"@type\":\"WebPage\",\"@id\":\"https:\/\/www.abf.se\/varmland\/nyheter\/ny-avdelning-abf-varmland\/\",\"url\":\"https:\/\/www.abf.se\/varmland\/nyheter\/ny-avdelning-abf-varmland\/\",\"name\":\"Ny avdelning \u2014 ABF V\u00e4rmland - V\u00e4rmland\",\"isPartOf\":{\"@id\":\"https:\/\/www.abf.se\/varmland\/#website\"},\"datePublished\":\"2025-09-08T10:38:01+00:00\",\"dateModified\":\"2025-09-08T10:49:41+00:00\",\"description\":\"Nu har ABF Norra V\u00e4rmland och ABF V\u00e4rmland bildat en gemensam avdelning: ABF V\u00e4rmland\",\"breadcrumb\":{\"@id\":\"https:\/\/www.abf.se\/varmland\/nyheter\/ny-avdelning-abf-varmland\/#breadcrumb\"},\"inLanguage\":\"sv-SE\",\"potentialAction\":[{\"@type\":\"ReadAction\",\"target\":[\"https:\/\/www.abf.se\/varmland\/nyheter\/ny-avdelning-abf-varmland\/\"]}]},{\"@type\":\"BreadcrumbList\",\"@id\":\"https:\/\/www.abf.se\/varmland\/nyheter\/ny-avdelning-abf-varmland\/#breadcrumb\",\"itemListElement\":[{\"@type\":\"ListItem\",\"position\":1,\"name\":\"Home\",\"item\":\"https:\/\/www.abf.se\/varmland\/\"},{\"@type\":\"ListItem\",\"position\":2,\"name\":\"Nyheter\",\"item\":\"https:\/\/www.abf.se\/varmland\/nyheter\/\"},{\"@type\":\"ListItem\",\"position\":3,\"name\":\"Ny avdelning \u2014 ABF V\u00e4rmland\"}]},{\"@type\":\"WebSite\",\"@id\":\"https:\/\/www.abf.se\/varmland\/#website\",\"url\":\"https:\/\/www.abf.se\/varmland\/\",\"name\":\"V\u00e4rmland\",\"description\":\"\",\"potentialAction\":[{\"@type\":\"SearchAction\",\"target\":{\"@type\":\"EntryPoint\",\"urlTemplate\":\"https:\/\/www.abf.se\/varmland\/?s={search_term_string}\"},\"query-input\":{\"@type\":\"PropertyValueSpecification\",\"valueRequired\":true,\"valueName\":\"search_term_string\"}}],\"inLanguage\":\"sv-SE\"}]}<\/script>\n<!-- \/ Yoast SEO plugin. -->","yoast_head_json":{"title":"Ny avdelning \u2014 ABF V\u00e4rmland - V\u00e4rmland","description":"Nu har ABF Norra V\u00e4rmland och ABF V\u00e4rmland bildat en gemensam avdelning: ABF V\u00e4rmland","robots":{"index":"index","follow":"follow","max-snippet":"max-snippet:-1","max-image-preview":"max-image-preview:large","max-video-preview":"max-video-preview:-1"},"canonical":"https:\/\/www.abf.se\/varmland\/nyheter\/ny-avdelning-abf-varmland\/","og_locale":"sv_SE","og_type":"article","og_title":"Ny avdelning \u2014 ABF V\u00e4rmland - V\u00e4rmland","og_description":"Nu har ABF Norra V\u00e4rmland och ABF V\u00e4rmland bildat en gemensam avdelning: ABF V\u00e4rmland","og_url":"https:\/\/www.abf.se\/varmland\/nyheter\/ny-avdelning-abf-varmland\/","og_site_name":"V\u00e4rmland","article_modified_time":"2025-09-08T10:49:41+00:00","og_image":[{"width":2560,"height":1440,"url":"https:\/\/www.abf.se\/wp-content\/uploads\/sites\/54\/2024\/04\/Nyckeln-liggande-scaled.jpg","type":"image\/jpeg"}],"twitter_card":"summary_large_image","schema":{"@context":"https:\/\/schema.org","@graph":[{"@type":"WebPage","@id":"https:\/\/www.abf.se\/varmland\/nyheter\/ny-avdelning-abf-varmland\/","url":"https:\/\/www.abf.se\/varmland\/nyheter\/ny-avdelning-abf-varmland\/","name":"Ny avdelning \u2014 ABF V\u00e4rmland - V\u00e4rmland","isPartOf":{"@id":"https:\/\/www.abf.se\/varmland\/#website"},"datePublished":"2025-09-08T10:38:01+00:00","dateModified":"2025-09-08T10:49:41+00:00","description":"Nu har ABF Norra V\u00e4rmland och ABF V\u00e4rmland bildat en gemensam avdelning: ABF V\u00e4rmland","breadcrumb":{"@id":"https:\/\/www.abf.se\/varmland\/nyheter\/ny-avdelning-abf-varmland\/#breadcrumb"},"inLanguage":"sv-SE","potentialAction":[{"@type":"ReadAction","target":["https:\/\/www.abf.se\/varmland\/nyheter\/ny-avdelning-abf-varmland\/"]}]},{"@type":"BreadcrumbList","@id":"https:\/\/www.abf.se\/varmland\/nyheter\/ny-avdelning-abf-varmland\/#breadcrumb","itemListElement":[{"@type":"ListItem","position":1,"name":"Home","item":"https:\/\/www.abf.se\/varmland\/"},{"@type":"ListItem","position":2,"name":"Nyheter","item":"https:\/\/www.abf.se\/varmland\/nyheter\/"},{"@type":"ListItem","position":3,"name":"Ny avdelning \u2014 ABF V\u00e4rmland"}]},{"@type":"WebSite","@id":"https:\/\/www.abf.se\/varmland\/#website","url":"https:\/\/www.abf.se\/varmland\/","name":"V\u00e4rmland","description":"","potentialAction":[{"@type":"SearchAction","target":{"@type":"EntryPoint","urlTemplate":"https:\/\/www.abf.se\/varmland\/?s={search_term_string}"},"query-input":{"@type":"PropertyValueSpecification","valueRequired":true,"valueName":"search_term_string"}}],"inLanguage":"sv-SE"}]}},"_links":{"self":[{"href":"https:\/\/www.abf.se\/varmland\/wp-json\/wp\/v2\/news-article\/1347","targetHints":{"allow":["GET"]}}],"collection":[{"href":"https:\/\/www.abf.se\/varmland\/wp-json\/wp\/v2\/news-article"}],"about":[{"href":"https:\/\/www.abf.se\/varmland\/wp-json\/wp\/v2\/types\/news-article"}],"wp:attachment":[{"href":"https:\/\/www.abf.se\/varmland\/wp-json\/wp\/v2\/media?parent=1347"}],"wp:term":[{"taxonomy":"category","embeddable":true,"href":"https:\/\/www.abf.se\/varmland\/wp-json\/wp\/v2\/categories?post=1347"}],"curies":[{"name":"wp","href":"https:\/\/api.w.org\/{rel}","templated":true}]}}