{"id":1394,"date":"2025-10-22T11:33:39","date_gmt":"2025-10-22T09:33:39","guid":{"rendered":"https:\/\/www.abf.se\/varmland\/?post_type=news-article&#038;p=1394"},"modified":"2025-11-03T09:25:46","modified_gmt":"2025-11-03T08:25:46","slug":"utan-folkbildning-tystnar-pro-valberg","status":"publish","type":"news-article","link":"https:\/\/www.abf.se\/varmland\/nyheter\/utan-folkbildning-tystnar-pro-valberg\/","title":{"rendered":"Utan folkbildning tystnar V\u00e5lberg"},"content":{"rendered":"<div\n    class=\"acf-article-image-block mb-12\"\n    data-block=\"article-image-block\"\n>\n<div class=\"\">\n\n        <\/div>\n\n<\/div>\n<div\n    class=\"acf-article-text-block article-container my-12\"\n    data-block=\"article-text-block\"\n>\n    <div class=\"wysiwyg\">\n        <p data-olk-copy-source=\"MessageBody\">V\u00e5lberg \u00e4r ett gammalt brukssamh\u00e4lle som ligger bara 20 minuter fr\u00e5n Karlstad. H\u00e4r blomstrar PRO och har mycket verksamhet varje vecka. Allt fr\u00e5n stickning till ukulele och \u00e5terbruk samsas i lokalen de hyr inne i Norvalla ishall. En regnig oktobereftermiddag tr\u00e4ffade vi p\u00e5 ABF V\u00e4rmland deras m\u00e5larcirkel.<\/p>\n<h3 data-olk-copy-source=\"MessageBody\">Precis som andra brukssamh\u00e4llen<\/h3>\n<p data-olk-copy-source=\"MessageBody\">Gruppen som f\u00f6r dagen best\u00e5r av fem personer ber\u00e4ttar, \u00f6ver en kopp kaffe, att V\u00e5lberg \u00e4r lugnt och sk\u00f6nt att bo i och att det har skett ett generationsskifte f\u00f6r n\u00e5gra \u00e5r sedan d\u00e4r m\u00e5nga yngre flyttat till orten vilket alla tycker \u00e4r kul. Det som \u00e4r tr\u00e5kigt, beskriver de, \u00e4r att det knappt finns n\u00e5gon service l\u00e4ngre. F\u00f6rr fanns\u00a0 allt det man kunde \u00f6nska sig, precis som p\u00e5 de flesta bruksorter i Sverige.<\/p>\n<h3 data-olk-copy-source=\"MessageBody\">Ett sammanhang<\/h3>\n<p data-olk-copy-source=\"MessageBody\">Kanske hade det varit \u00e4nnu tystare och tommare utan folkbildningen. Den cirkel vi bes\u00f6kte utforskar f\u00e4rg tillsammans. De m\u00e5lar, klistrar, klipper och kreerar varje vecka under ledning av Gerd Carling. Det \u00e4r andra terminen gruppen ses och de har v\u00e4ldigt trevligt ihop. En av deltagarna som \u00e5ker fr\u00e5n Edsvalla f\u00f6r att delta ber\u00e4ttar:<\/p>\n<p>&#8211; Det blir en s\u00e5dan stimulans n\u00e4r man m\u00e5lar tillsammans. Man l\u00e4r sig mer \u00e4n \u00e4n om man sitter ensam hemma. Sedan \u00e4r det ju trevligt att man f\u00e5r tr\u00e4ffas, s\u00e4ger Yvonne Wahlstr\u00f6m Sand.<\/p>\n<p>Cirkeln som s\u00e5dan och ett aktivt f\u00f6reningsliv kan vara avg\u00f6rande f\u00f6r att skaffa sig ett sammanhang n\u00e4r man flyttar till ett nytt st\u00e4lle, vilket en av deltagarna beskriver.<\/p>\n<p>&#8211; Det \u00e4r ett bra s\u00e4tt att tr\u00e4ffa folk p\u00e5 att komma till PRO, s\u00e4rskilt n\u00e4r man \u00e4r lite \u00e4ldre och relativt nyinflyttad som jag \u00e4r, ber\u00e4ttar\u00a0Kerstin Brostr\u00f6m som flyttat till V\u00e5lberg p\u00e5 \u00e4ldre dagar.<\/p>\n\n    <\/div>\n<\/div>\n<div\n    class=\"acf-article-image-block mb-12 container\"\n    data-block=\"article-image-block\"\n>\n<div class=\"grid md:grid-cols-2 gap-4\">\n\n        <figure>\n        \n            <picture class=\"round-corners-lg w-full\"><img decoding=\"async\" src=\"https:\/\/www.abf.se\/varmland\/resized\/?url=https%3A%2F%2Fwww.abf.se%2Fwp-content%2Fuploads%2Fsites%2F54%2F2025%2F10%2FIMG_9808-scaled.jpeg&#038;fit=contain&#038;w=578&#038;s=bed11ee9f86cf691069b30b4f9d971cb\" srcset=\"https:\/\/www.abf.se\/varmland\/resized\/?url=https%3A%2F%2Fwww.abf.se%2Fwp-content%2Fuploads%2Fsites%2F54%2F2025%2F10%2FIMG_9808-scaled.jpeg&#038;fit=contain&#038;w=375&#038;h=280&#038;s=6f6d2242651647ad9aba17ff913df599 375w, https:\/\/www.abf.se\/varmland\/resized\/?url=https%3A%2F%2Fwww.abf.se%2Fwp-content%2Fuploads%2Fsites%2F54%2F2025%2F10%2FIMG_9808-scaled.jpeg&#038;fit=contain&#038;w=423&#038;h=316&#038;s=54bc9ec8cd2ccff2770ef887aa4e7358 423w, https:\/\/www.abf.se\/varmland\/resized\/?url=https%3A%2F%2Fwww.abf.se%2Fwp-content%2Fuploads%2Fsites%2F54%2F2025%2F10%2FIMG_9808-scaled.jpeg&#038;fit=contain&#038;w=471&#038;h=352&#038;s=03e4004277d7702f0e2da276acf17a0b 471w, https:\/\/www.abf.se\/varmland\/resized\/?url=https%3A%2F%2Fwww.abf.se%2Fwp-content%2Fuploads%2Fsites%2F54%2F2025%2F10%2FIMG_9808-scaled.jpeg&#038;fit=contain&#038;w=519&#038;h=388&#038;s=c730ca8935fb2fafe263aadd0532b744 519w, https:\/\/www.abf.se\/varmland\/resized\/?url=https%3A%2F%2Fwww.abf.se%2Fwp-content%2Fuploads%2Fsites%2F54%2F2025%2F10%2FIMG_9808-scaled.jpeg&#038;fit=contain&#038;w=567&#038;h=424&#038;s=a6fc4b4f99b9e87b4104236a35a074ed 567w, https:\/\/www.abf.se\/varmland\/resized\/?url=https%3A%2F%2Fwww.abf.se%2Fwp-content%2Fuploads%2Fsites%2F54%2F2025%2F10%2FIMG_9808-scaled.jpeg&#038;fit=contain&#038;w=578&#038;s=bed11ee9f86cf691069b30b4f9d971cb 578w, https:\/\/www.abf.se\/varmland\/resized\/?url=https%3A%2F%2Fwww.abf.se%2Fwp-content%2Fuploads%2Fsites%2F54%2F2025%2F10%2FIMG_9808-scaled.jpeg&#038;fit=contain&#038;w=750&#038;h=561&#038;s=49af291a669b2f137ddca3c68431cd8a 750w, https:\/\/www.abf.se\/varmland\/resized\/?url=https%3A%2F%2Fwww.abf.se%2Fwp-content%2Fuploads%2Fsites%2F54%2F2025%2F10%2FIMG_9808-scaled.jpeg&#038;fit=contain&#038;w=846&#038;h=633&#038;s=2c13071951fa42c899847f6fa9e749a4 846w, https:\/\/www.abf.se\/varmland\/resized\/?url=https%3A%2F%2Fwww.abf.se%2Fwp-content%2Fuploads%2Fsites%2F54%2F2025%2F10%2FIMG_9808-scaled.jpeg&#038;fit=contain&#038;w=942&#038;h=705&#038;s=a2d8e0a2c7aa0f6781e641b8490da041 942w, https:\/\/www.abf.se\/varmland\/resized\/?url=https%3A%2F%2Fwww.abf.se%2Fwp-content%2Fuploads%2Fsites%2F54%2F2025%2F10%2FIMG_9808-scaled.jpeg&#038;fit=contain&#038;w=1038&#038;h=777&#038;s=eaa05467a4f2c1cc49e5d6bd78635db9 1038w, https:\/\/www.abf.se\/varmland\/resized\/?url=https%3A%2F%2Fwww.abf.se%2Fwp-content%2Fuploads%2Fsites%2F54%2F2025%2F10%2FIMG_9808-scaled.jpeg&#038;fit=contain&#038;w=1134&#038;h=849&#038;s=fb4d419476544c8a9a93792137cb5ea8 1134w\" alt=\"\" height=\"433\" width=\"578\" sizes=\"auto, (max-width: 768px) calc(100vw - 40px), (min-width: 768px) and (max-width: 1156px) calc(50vw - 56px), calc((1156px \/ 2) - 16px)\" loading=\"lazy\" fetchpriority=\"low\" class=\"round-corners-lg w-full\" \/><\/picture>\n                            <figcaption class=\"my-2 body-md text-gray-text\">\n                    M\u00e5largruppen hos PRO V\u00e5lberg. I bilden ser vi Barbro Malmquist, Kerstin Folkesson, Kerstin Brostr\u00f6m, Yvonne Wahlstr\u00f6m Sand och Gerd Carling samt ABF V\u00e4rmlands Jessica Svensson som jobbar med seniorverksamheten.\n                <\/figcaption>\n                        <\/figure>\n        <figure>\n        \n            <picture class=\"round-corners-lg w-full\"><img decoding=\"async\" src=\"https:\/\/www.abf.se\/varmland\/resized\/?url=https%3A%2F%2Fwww.abf.se%2Fwp-content%2Fuploads%2Fsites%2F54%2F2025%2F10%2FIMG_9794-scaled.jpeg&#038;fit=contain&#038;w=578&#038;s=64676e8208834ed3012d16f3337da5d1\" srcset=\"https:\/\/www.abf.se\/varmland\/resized\/?url=https%3A%2F%2Fwww.abf.se%2Fwp-content%2Fuploads%2Fsites%2F54%2F2025%2F10%2FIMG_9794-scaled.jpeg&#038;fit=contain&#038;w=375&#038;h=499&#038;s=eae349dda4c26d37ce2346c8976ed649 375w, https:\/\/www.abf.se\/varmland\/resized\/?url=https%3A%2F%2Fwww.abf.se%2Fwp-content%2Fuploads%2Fsites%2F54%2F2025%2F10%2FIMG_9794-scaled.jpeg&#038;fit=contain&#038;w=423&#038;h=563&#038;s=87a71cc739e4a95fca6b439d0690d134 423w, https:\/\/www.abf.se\/varmland\/resized\/?url=https%3A%2F%2Fwww.abf.se%2Fwp-content%2Fuploads%2Fsites%2F54%2F2025%2F10%2FIMG_9794-scaled.jpeg&#038;fit=contain&#038;w=471&#038;h=627&#038;s=c473558a38bfd87ad595f333a47ad502 471w, https:\/\/www.abf.se\/varmland\/resized\/?url=https%3A%2F%2Fwww.abf.se%2Fwp-content%2Fuploads%2Fsites%2F54%2F2025%2F10%2FIMG_9794-scaled.jpeg&#038;fit=contain&#038;w=519&#038;h=691&#038;s=897afd8ce8c17debc38fdece8ec40d57 519w, https:\/\/www.abf.se\/varmland\/resized\/?url=https%3A%2F%2Fwww.abf.se%2Fwp-content%2Fuploads%2Fsites%2F54%2F2025%2F10%2FIMG_9794-scaled.jpeg&#038;fit=contain&#038;w=567&#038;h=755&#038;s=004ed2f791ddc26cbfcb057c6fe29e36 567w, https:\/\/www.abf.se\/varmland\/resized\/?url=https%3A%2F%2Fwww.abf.se%2Fwp-content%2Fuploads%2Fsites%2F54%2F2025%2F10%2FIMG_9794-scaled.jpeg&#038;fit=contain&#038;w=578&#038;s=64676e8208834ed3012d16f3337da5d1 578w, https:\/\/www.abf.se\/varmland\/resized\/?url=https%3A%2F%2Fwww.abf.se%2Fwp-content%2Fuploads%2Fsites%2F54%2F2025%2F10%2FIMG_9794-scaled.jpeg&#038;fit=contain&#038;w=750&#038;h=999&#038;s=f39c2ad34f6de147a0840341e3e0b7d4 750w, https:\/\/www.abf.se\/varmland\/resized\/?url=https%3A%2F%2Fwww.abf.se%2Fwp-content%2Fuploads%2Fsites%2F54%2F2025%2F10%2FIMG_9794-scaled.jpeg&#038;fit=contain&#038;w=846&#038;h=1127&#038;s=f775026a779fa7e224dd4e0e313d4e71 846w, https:\/\/www.abf.se\/varmland\/resized\/?url=https%3A%2F%2Fwww.abf.se%2Fwp-content%2Fuploads%2Fsites%2F54%2F2025%2F10%2FIMG_9794-scaled.jpeg&#038;fit=contain&#038;w=942&#038;h=1254&#038;s=9376b388f8ad16eb61b026660f991bbc 942w, https:\/\/www.abf.se\/varmland\/resized\/?url=https%3A%2F%2Fwww.abf.se%2Fwp-content%2Fuploads%2Fsites%2F54%2F2025%2F10%2FIMG_9794-scaled.jpeg&#038;fit=contain&#038;w=1038&#038;h=1382&#038;s=83509d9d2dd2290f5d30ee423be12416 1038w, https:\/\/www.abf.se\/varmland\/resized\/?url=https%3A%2F%2Fwww.abf.se%2Fwp-content%2Fuploads%2Fsites%2F54%2F2025%2F10%2FIMG_9794-scaled.jpeg&#038;fit=contain&#038;w=1134&#038;h=1510&#038;s=125670d81c5a1d4075aa133336d05718 1134w\" alt=\"\" height=\"770\" width=\"578\" sizes=\"auto, (max-width: 768px) calc(100vw - 40px), (min-width: 768px) and (max-width: 1156px) calc(50vw - 56px), calc((1156px \/ 2) - 16px)\" loading=\"lazy\" fetchpriority=\"low\" class=\"round-corners-lg w-full\" \/><\/picture>\n                            <figcaption class=\"my-2 body-md text-gray-text\">\n                    Ett av de alster som visades upp vid bes\u00f6ket.\n                <\/figcaption>\n                        <\/figure>\n        <\/div>\n\n<\/div>\n","protected":false},"featured_media":0,"parent":0,"menu_order":0,"template":"","categories":[],"class_list":["post-1394","news-article","type-news-article","status-publish","hentry"],"acf":[],"yoast_head":"<!-- This site is optimized with the Yoast SEO plugin v27.0 - https:\/\/yoast.com\/product\/yoast-seo-wordpress\/ -->\n<title>Utan folkbildning tystnar V\u00e5lberg - V\u00e4rmland<\/title>\n<meta name=\"robots\" content=\"index, follow, max-snippet:-1, max-image-preview:large, max-video-preview:-1\" \/>\n<link rel=\"canonical\" href=\"https:\/\/www.abf.se\/varmland\/nyheter\/utan-folkbildning-tystnar-pro-valberg\/\" \/>\n<meta property=\"og:locale\" content=\"sv_SE\" \/>\n<meta property=\"og:type\" content=\"article\" \/>\n<meta property=\"og:title\" content=\"Utan folkbildning tystnar V\u00e5lberg - V\u00e4rmland\" \/>\n<meta property=\"og:url\" content=\"https:\/\/www.abf.se\/varmland\/nyheter\/utan-folkbildning-tystnar-pro-valberg\/\" \/>\n<meta property=\"og:site_name\" content=\"V\u00e4rmland\" \/>\n<meta property=\"article:modified_time\" content=\"2025-11-03T08:25:46+00:00\" \/>\n<meta property=\"og:image\" content=\"https:\/\/www.abf.se\/wp-content\/uploads\/sites\/54\/2024\/04\/Nyckeln-liggande-scaled.jpg\" \/>\n\t<meta property=\"og:image:width\" content=\"2560\" \/>\n\t<meta property=\"og:image:height\" content=\"1440\" \/>\n\t<meta property=\"og:image:type\" content=\"image\/jpeg\" \/>\n<meta name=\"twitter:card\" content=\"summary_large_image\" \/>\n<script type=\"application\/ld+json\" class=\"yoast-schema-graph\">{\"@context\":\"https:\/\/schema.org\",\"@graph\":[{\"@type\":\"WebPage\",\"@id\":\"https:\/\/www.abf.se\/varmland\/nyheter\/utan-folkbildning-tystnar-pro-valberg\/\",\"url\":\"https:\/\/www.abf.se\/varmland\/nyheter\/utan-folkbildning-tystnar-pro-valberg\/\",\"name\":\"Utan folkbildning tystnar V\u00e5lberg - V\u00e4rmland\",\"isPartOf\":{\"@id\":\"https:\/\/www.abf.se\/varmland\/#website\"},\"datePublished\":\"2025-10-22T09:33:39+00:00\",\"dateModified\":\"2025-11-03T08:25:46+00:00\",\"breadcrumb\":{\"@id\":\"https:\/\/www.abf.se\/varmland\/nyheter\/utan-folkbildning-tystnar-pro-valberg\/#breadcrumb\"},\"inLanguage\":\"sv-SE\",\"potentialAction\":[{\"@type\":\"ReadAction\",\"target\":[\"https:\/\/www.abf.se\/varmland\/nyheter\/utan-folkbildning-tystnar-pro-valberg\/\"]}]},{\"@type\":\"BreadcrumbList\",\"@id\":\"https:\/\/www.abf.se\/varmland\/nyheter\/utan-folkbildning-tystnar-pro-valberg\/#breadcrumb\",\"itemListElement\":[{\"@type\":\"ListItem\",\"position\":1,\"name\":\"Home\",\"item\":\"https:\/\/www.abf.se\/varmland\/\"},{\"@type\":\"ListItem\",\"position\":2,\"name\":\"Nyheter\",\"item\":\"https:\/\/www.abf.se\/varmland\/nyheter\/\"},{\"@type\":\"ListItem\",\"position\":3,\"name\":\"Utan folkbildning tystnar V\u00e5lberg\"}]},{\"@type\":\"WebSite\",\"@id\":\"https:\/\/www.abf.se\/varmland\/#website\",\"url\":\"https:\/\/www.abf.se\/varmland\/\",\"name\":\"V\u00e4rmland\",\"description\":\"\",\"potentialAction\":[{\"@type\":\"SearchAction\",\"target\":{\"@type\":\"EntryPoint\",\"urlTemplate\":\"https:\/\/www.abf.se\/varmland\/?s={search_term_string}\"},\"query-input\":{\"@type\":\"PropertyValueSpecification\",\"valueRequired\":true,\"valueName\":\"search_term_string\"}}],\"inLanguage\":\"sv-SE\"}]}<\/script>\n<!-- \/ Yoast SEO plugin. -->","yoast_head_json":{"title":"Utan folkbildning tystnar V\u00e5lberg - V\u00e4rmland","robots":{"index":"index","follow":"follow","max-snippet":"max-snippet:-1","max-image-preview":"max-image-preview:large","max-video-preview":"max-video-preview:-1"},"canonical":"https:\/\/www.abf.se\/varmland\/nyheter\/utan-folkbildning-tystnar-pro-valberg\/","og_locale":"sv_SE","og_type":"article","og_title":"Utan folkbildning tystnar V\u00e5lberg - V\u00e4rmland","og_url":"https:\/\/www.abf.se\/varmland\/nyheter\/utan-folkbildning-tystnar-pro-valberg\/","og_site_name":"V\u00e4rmland","article_modified_time":"2025-11-03T08:25:46+00:00","og_image":[{"width":2560,"height":1440,"url":"https:\/\/www.abf.se\/wp-content\/uploads\/sites\/54\/2024\/04\/Nyckeln-liggande-scaled.jpg","type":"image\/jpeg"}],"twitter_card":"summary_large_image","schema":{"@context":"https:\/\/schema.org","@graph":[{"@type":"WebPage","@id":"https:\/\/www.abf.se\/varmland\/nyheter\/utan-folkbildning-tystnar-pro-valberg\/","url":"https:\/\/www.abf.se\/varmland\/nyheter\/utan-folkbildning-tystnar-pro-valberg\/","name":"Utan folkbildning tystnar V\u00e5lberg - V\u00e4rmland","isPartOf":{"@id":"https:\/\/www.abf.se\/varmland\/#website"},"datePublished":"2025-10-22T09:33:39+00:00","dateModified":"2025-11-03T08:25:46+00:00","breadcrumb":{"@id":"https:\/\/www.abf.se\/varmland\/nyheter\/utan-folkbildning-tystnar-pro-valberg\/#breadcrumb"},"inLanguage":"sv-SE","potentialAction":[{"@type":"ReadAction","target":["https:\/\/www.abf.se\/varmland\/nyheter\/utan-folkbildning-tystnar-pro-valberg\/"]}]},{"@type":"BreadcrumbList","@id":"https:\/\/www.abf.se\/varmland\/nyheter\/utan-folkbildning-tystnar-pro-valberg\/#breadcrumb","itemListElement":[{"@type":"ListItem","position":1,"name":"Home","item":"https:\/\/www.abf.se\/varmland\/"},{"@type":"ListItem","position":2,"name":"Nyheter","item":"https:\/\/www.abf.se\/varmland\/nyheter\/"},{"@type":"ListItem","position":3,"name":"Utan folkbildning tystnar V\u00e5lberg"}]},{"@type":"WebSite","@id":"https:\/\/www.abf.se\/varmland\/#website","url":"https:\/\/www.abf.se\/varmland\/","name":"V\u00e4rmland","description":"","potentialAction":[{"@type":"SearchAction","target":{"@type":"EntryPoint","urlTemplate":"https:\/\/www.abf.se\/varmland\/?s={search_term_string}"},"query-input":{"@type":"PropertyValueSpecification","valueRequired":true,"valueName":"search_term_string"}}],"inLanguage":"sv-SE"}]}},"_links":{"self":[{"href":"https:\/\/www.abf.se\/varmland\/wp-json\/wp\/v2\/news-article\/1394","targetHints":{"allow":["GET"]}}],"collection":[{"href":"https:\/\/www.abf.se\/varmland\/wp-json\/wp\/v2\/news-article"}],"about":[{"href":"https:\/\/www.abf.se\/varmland\/wp-json\/wp\/v2\/types\/news-article"}],"wp:attachment":[{"href":"https:\/\/www.abf.se\/varmland\/wp-json\/wp\/v2\/media?parent=1394"}],"wp:term":[{"taxonomy":"category","embeddable":true,"href":"https:\/\/www.abf.se\/varmland\/wp-json\/wp\/v2\/categories?post=1394"}],"curies":[{"name":"wp","href":"https:\/\/api.w.org\/{rel}","templated":true}]}}