{"id":1405,"date":"2025-11-03T08:56:07","date_gmt":"2025-11-03T07:56:07","guid":{"rendered":"https:\/\/www.abf.se\/varmland\/?post_type=news-article&#038;p=1405"},"modified":"2025-11-03T09:25:04","modified_gmt":"2025-11-03T08:25:04","slug":"studietraff-pro-varmland-inspiration-erfarenhetsutbyte-och-natverkande","status":"publish","type":"news-article","link":"https:\/\/www.abf.se\/varmland\/nyheter\/studietraff-pro-varmland-inspiration-erfarenhetsutbyte-och-natverkande\/","title":{"rendered":"Studietr\u00e4ff PRO V\u00e4rmland \u2013 inspiration, erfarenhetsutbyte och n\u00e4tverkande"},"content":{"rendered":"<div\n    class=\"acf-article-image-block mb-12\"\n    data-block=\"article-image-block\"\n>\n<div class=\"\">\n\n        <\/div>\n\n<\/div>\n<div\n    class=\"acf-article-text-block article-container my-12\"\n    data-block=\"article-text-block\"\n>\n    <div class=\"wysiwyg\">\n        <div class=\"x_elementToProof\" data-olk-copy-source=\"MessageBody\">\n<div class=\"x_elementToProof\">PRO \u00e4r v\u00e5r st\u00f6rsta medlemsorganisation som skapar mycket bra och viktig folkbildningsverksamhet varje \u00e5r. I oktober bj\u00f6d ABF V\u00e4rmland in till tr\u00e4ff f\u00f6r studieansvariga och studieintresserade inom lokala PRO-f\u00f6reningar i V\u00e4rmland.<\/div>\n<\/div>\n<div class=\"x_elementToProof\"><\/div>\n<div class=\"x_elementToProof\">Syftet med dagen var att skapa ett forum f\u00f6r erfarenhetsutbyte, inspiration och n\u00e4tverk mellan de som ansvarar f\u00f6r studier inom PRO-f\u00f6reningarna. Under dagen gick de som ansvarar f\u00f6r seniorverksamheten p\u00e5 ABF V\u00e4rmland bland annat igenom rollen som studieansvarig utifr\u00e5n PROs beskrivning, presenterade studiematerial som Tre samtal om Sverige, L\u00e4s och res och ABFs studieh\u00e4fte. En annan viktig punkt var att uppm\u00e4rksamma vikten av att minska den digitala klyftan.<\/div>\n<h3>Cirkelledare inspirerar<\/h3>\n<div class=\"x_elementToProof\">\n<p>Deltagarna fick ocks\u00e5 lyssna till tv\u00e5 cirkelledare som delade med sig av sina erfarenheter.\u00a0Lena Werme fr\u00e5n PRO Karlstad centrum ber\u00e4ttade om studiecirkeln Skriv ditt liv, d\u00e4r hon anv\u00e4nde personlig rekvisita fr\u00e5n sin uppv\u00e4xt f\u00f6r att v\u00e4cka minnen och samtal. Hon ber\u00e4ttade ocks\u00e5 om deras uppskattade cirkel i kris- och hemberedskap som \u00e4r ett h\u00f6gaktuellt \u00e4mne vilket v\u00e4ckt stort intresse.<\/p>\n<\/div>\n<div class=\"x_elementToProof\">Lasse Sj\u00f6\u00f6 fr\u00e5n PRO Kil delade sina erfarenheter fr\u00e5n cirklarna Bli v\u00e4n med dina h\u00f6rapparater, d\u00e4r de haft f\u00f6rm\u00e5nen att f\u00e5 bes\u00f6k av en h\u00f6rseltekniker fr\u00e5n Region V\u00e4rmland vid en av tr\u00e4ffarna. Han betonade vikten av att kunna koppla samman dessa cirklar om h\u00f6rapparater med digitala cirklar f\u00f6r att \u00f6ka kunskapen om hur mobilen kan anv\u00e4ndas f\u00f6r att justera h\u00f6rapparater.<\/div>\n<div><\/div>\n<h3>Grupparbete med fokus p\u00e5 framtid<\/h3>\n<div class=\"x_elementToProof\">Efter lunch delades deltagarna in i grupper d\u00e4r man fick jobba med teman som hur man hittar nya cirkelledare, g\u00f6r sin verksamhet mer attraktiv och planering av nya studiecirklar. Det kom m\u00e5nga bra id\u00e9er ur de diskussioner som f\u00f6rdes. Dagen avslutades med en \u00f6ppen diskussion om hur vi kan st\u00f6tta varandra\u00a0 i framtiden.<\/div>\n<div><\/div>\n<div class=\"x_elementToProof\">\n<p>Sammanfattningsvis kan vi konkludera att dagen uppskattades mycket. M\u00e5nga n\u00e4mnde i utv\u00e4rderingen att det var trevligt, inspirerande, ett bra uppl\u00e4gg och att det var roligt att tr\u00e4ffa andra f\u00f6reningar fr\u00e5n hela l\u00e4net. ABF V\u00e4rmlands f\u00f6rhoppnings \u00e4r att varje \u00e5r kunna anordna en fysisk studietr\u00e4ff f\u00f6r PRO som kompletteras med digitala n\u00e4tverkstr\u00e4ffar f\u00f6r att \u00f6ka utbytet.<\/p>\n<\/div>\n\n    <\/div>\n<\/div>\n<div\n    class=\"acf-article-image-block mb-12 container\"\n    data-block=\"article-image-block\"\n>\n<div class=\"grid md:grid-cols-2 gap-4\">\n\n        <figure>\n        \n            <picture class=\"round-corners-lg w-full\"><img decoding=\"async\" src=\"https:\/\/www.abf.se\/varmland\/resized\/?url=https%3A%2F%2Fwww.abf.se%2Fwp-content%2Fuploads%2Fsites%2F54%2F2025%2F11%2F20251020_091313062_iOS-scaled.jpg&#038;fit=contain&#038;w=578&#038;s=2242a9142f38de49b166b52be813a501\" srcset=\"https:\/\/www.abf.se\/varmland\/resized\/?url=https%3A%2F%2Fwww.abf.se%2Fwp-content%2Fuploads%2Fsites%2F54%2F2025%2F11%2F20251020_091313062_iOS-scaled.jpg&#038;fit=contain&#038;w=375&#038;h=499&#038;s=b81594bb0691c5d0a5780ec12ab1e9ae 375w, https:\/\/www.abf.se\/varmland\/resized\/?url=https%3A%2F%2Fwww.abf.se%2Fwp-content%2Fuploads%2Fsites%2F54%2F2025%2F11%2F20251020_091313062_iOS-scaled.jpg&#038;fit=contain&#038;w=423&#038;h=563&#038;s=632b600e83e9ac8ff9fd5d8fe28f238d 423w, https:\/\/www.abf.se\/varmland\/resized\/?url=https%3A%2F%2Fwww.abf.se%2Fwp-content%2Fuploads%2Fsites%2F54%2F2025%2F11%2F20251020_091313062_iOS-scaled.jpg&#038;fit=contain&#038;w=471&#038;h=627&#038;s=282ad0cfcfc224821a44da6b5b64f591 471w, https:\/\/www.abf.se\/varmland\/resized\/?url=https%3A%2F%2Fwww.abf.se%2Fwp-content%2Fuploads%2Fsites%2F54%2F2025%2F11%2F20251020_091313062_iOS-scaled.jpg&#038;fit=contain&#038;w=519&#038;h=691&#038;s=85fb929feb80aa6b4f3596c619a00c09 519w, https:\/\/www.abf.se\/varmland\/resized\/?url=https%3A%2F%2Fwww.abf.se%2Fwp-content%2Fuploads%2Fsites%2F54%2F2025%2F11%2F20251020_091313062_iOS-scaled.jpg&#038;fit=contain&#038;w=567&#038;h=755&#038;s=7a16e906841b31c9090878d26e29521f 567w, https:\/\/www.abf.se\/varmland\/resized\/?url=https%3A%2F%2Fwww.abf.se%2Fwp-content%2Fuploads%2Fsites%2F54%2F2025%2F11%2F20251020_091313062_iOS-scaled.jpg&#038;fit=contain&#038;w=578&#038;s=2242a9142f38de49b166b52be813a501 578w, https:\/\/www.abf.se\/varmland\/resized\/?url=https%3A%2F%2Fwww.abf.se%2Fwp-content%2Fuploads%2Fsites%2F54%2F2025%2F11%2F20251020_091313062_iOS-scaled.jpg&#038;fit=contain&#038;w=750&#038;h=999&#038;s=a5c9f6400de998714460eb23a005fa6e 750w, https:\/\/www.abf.se\/varmland\/resized\/?url=https%3A%2F%2Fwww.abf.se%2Fwp-content%2Fuploads%2Fsites%2F54%2F2025%2F11%2F20251020_091313062_iOS-scaled.jpg&#038;fit=contain&#038;w=846&#038;h=1127&#038;s=d309be38729fcc32e751f18cd4e7b39f 846w, https:\/\/www.abf.se\/varmland\/resized\/?url=https%3A%2F%2Fwww.abf.se%2Fwp-content%2Fuploads%2Fsites%2F54%2F2025%2F11%2F20251020_091313062_iOS-scaled.jpg&#038;fit=contain&#038;w=942&#038;h=1254&#038;s=97b69868f412536cfd1832574696275f 942w, https:\/\/www.abf.se\/varmland\/resized\/?url=https%3A%2F%2Fwww.abf.se%2Fwp-content%2Fuploads%2Fsites%2F54%2F2025%2F11%2F20251020_091313062_iOS-scaled.jpg&#038;fit=contain&#038;w=1038&#038;h=1382&#038;s=b1d07fbd342a8efd311477b8e8ac60de 1038w, https:\/\/www.abf.se\/varmland\/resized\/?url=https%3A%2F%2Fwww.abf.se%2Fwp-content%2Fuploads%2Fsites%2F54%2F2025%2F11%2F20251020_091313062_iOS-scaled.jpg&#038;fit=contain&#038;w=1134&#038;h=1510&#038;s=8bbe5a1a73e0ef7e8e1072ffe88a8fb6 1134w\" alt=\"Lena Werme\" height=\"770\" width=\"578\" sizes=\"auto, (max-width: 768px) calc(100vw - 40px), (min-width: 768px) and (max-width: 1156px) calc(50vw - 56px), calc((1156px \/ 2) - 16px)\" loading=\"lazy\" fetchpriority=\"low\" class=\"round-corners-lg w-full\" \/><\/picture>\n                            <figcaption class=\"my-2 body-md text-gray-text\">\n                    Lena Werme, cirkelledare f\u00f6r PRO Karlstad centrum, ber\u00e4ttar om hur man kan arbeta utifr\u00e5n materialet Skriv ditt liv.\n                <\/figcaption>\n                        <\/figure>\n        <figure>\n        \n            <picture class=\"round-corners-lg w-full\"><img decoding=\"async\" src=\"https:\/\/www.abf.se\/varmland\/resized\/?url=https%3A%2F%2Fwww.abf.se%2Fwp-content%2Fuploads%2Fsites%2F54%2F2025%2F11%2F20251020_092803446_iOS-scaled.jpg&#038;fit=contain&#038;w=578&#038;s=9fa96c983b03f53c95412979b945d45d\" srcset=\"https:\/\/www.abf.se\/varmland\/resized\/?url=https%3A%2F%2Fwww.abf.se%2Fwp-content%2Fuploads%2Fsites%2F54%2F2025%2F11%2F20251020_092803446_iOS-scaled.jpg&#038;fit=contain&#038;w=375&#038;h=280&#038;s=312977a2d6bb20083f4a5671ca5d4293 375w, https:\/\/www.abf.se\/varmland\/resized\/?url=https%3A%2F%2Fwww.abf.se%2Fwp-content%2Fuploads%2Fsites%2F54%2F2025%2F11%2F20251020_092803446_iOS-scaled.jpg&#038;fit=contain&#038;w=423&#038;h=316&#038;s=c1fbf1640a5f9941bcdad3f492707ef8 423w, https:\/\/www.abf.se\/varmland\/resized\/?url=https%3A%2F%2Fwww.abf.se%2Fwp-content%2Fuploads%2Fsites%2F54%2F2025%2F11%2F20251020_092803446_iOS-scaled.jpg&#038;fit=contain&#038;w=471&#038;h=352&#038;s=624ad63725421e6b34eeb7e126a22357 471w, https:\/\/www.abf.se\/varmland\/resized\/?url=https%3A%2F%2Fwww.abf.se%2Fwp-content%2Fuploads%2Fsites%2F54%2F2025%2F11%2F20251020_092803446_iOS-scaled.jpg&#038;fit=contain&#038;w=519&#038;h=388&#038;s=fd5b44ccb9d0677d5d19121f070820d7 519w, https:\/\/www.abf.se\/varmland\/resized\/?url=https%3A%2F%2Fwww.abf.se%2Fwp-content%2Fuploads%2Fsites%2F54%2F2025%2F11%2F20251020_092803446_iOS-scaled.jpg&#038;fit=contain&#038;w=567&#038;h=424&#038;s=76b2cc507c84f357f473627cc5428bef 567w, https:\/\/www.abf.se\/varmland\/resized\/?url=https%3A%2F%2Fwww.abf.se%2Fwp-content%2Fuploads%2Fsites%2F54%2F2025%2F11%2F20251020_092803446_iOS-scaled.jpg&#038;fit=contain&#038;w=578&#038;s=9fa96c983b03f53c95412979b945d45d 578w, https:\/\/www.abf.se\/varmland\/resized\/?url=https%3A%2F%2Fwww.abf.se%2Fwp-content%2Fuploads%2Fsites%2F54%2F2025%2F11%2F20251020_092803446_iOS-scaled.jpg&#038;fit=contain&#038;w=750&#038;h=561&#038;s=f50e533ba1fac433ca0f35cf637b40c7 750w, https:\/\/www.abf.se\/varmland\/resized\/?url=https%3A%2F%2Fwww.abf.se%2Fwp-content%2Fuploads%2Fsites%2F54%2F2025%2F11%2F20251020_092803446_iOS-scaled.jpg&#038;fit=contain&#038;w=846&#038;h=633&#038;s=0015deaae1374c234ca67d877c321578 846w, https:\/\/www.abf.se\/varmland\/resized\/?url=https%3A%2F%2Fwww.abf.se%2Fwp-content%2Fuploads%2Fsites%2F54%2F2025%2F11%2F20251020_092803446_iOS-scaled.jpg&#038;fit=contain&#038;w=942&#038;h=705&#038;s=39c47d8fffb11c5a50c81c5d874e4b85 942w, https:\/\/www.abf.se\/varmland\/resized\/?url=https%3A%2F%2Fwww.abf.se%2Fwp-content%2Fuploads%2Fsites%2F54%2F2025%2F11%2F20251020_092803446_iOS-scaled.jpg&#038;fit=contain&#038;w=1038&#038;h=777&#038;s=574f9647a451eb83f4ca966609980aad 1038w, https:\/\/www.abf.se\/varmland\/resized\/?url=https%3A%2F%2Fwww.abf.se%2Fwp-content%2Fuploads%2Fsites%2F54%2F2025%2F11%2F20251020_092803446_iOS-scaled.jpg&#038;fit=contain&#038;w=1134&#038;h=849&#038;s=2f0cb656c1d813f82a903561742cf863 1134w\" alt=\"\" height=\"433\" width=\"578\" sizes=\"auto, (max-width: 768px) calc(100vw - 40px), (min-width: 768px) and (max-width: 1156px) calc(50vw - 56px), calc((1156px \/ 2) - 16px)\" loading=\"lazy\" fetchpriority=\"low\" class=\"round-corners-lg w-full\" \/><\/picture>\n                            <figcaption class=\"my-2 body-md text-gray-text\">\n                    Lasse Sj\u00f6\u00f6 fr\u00e5n PRO Kil bedriver viktigt arbete med att bilda om h\u00f6rapparater och digital teknik. En viktig del i arbetet med att minska den digitala klyftan.\n                <\/figcaption>\n                        <\/figure>\n        <\/div>\n\n<\/div>\n","protected":false},"featured_media":0,"parent":0,"menu_order":0,"template":"","categories":[],"class_list":["post-1405","news-article","type-news-article","status-publish","hentry"],"acf":[],"yoast_head":"<!-- This site is optimized with the Yoast SEO plugin v27.0 - https:\/\/yoast.com\/product\/yoast-seo-wordpress\/ -->\n<title>Studietr\u00e4ff PRO V\u00e4rmland \u2013 inspiration, erfarenhetsutbyte och n\u00e4tverkande - V\u00e4rmland<\/title>\n<meta name=\"robots\" content=\"index, follow, max-snippet:-1, max-image-preview:large, max-video-preview:-1\" \/>\n<link rel=\"canonical\" href=\"https:\/\/www.abf.se\/varmland\/nyheter\/studietraff-pro-varmland-inspiration-erfarenhetsutbyte-och-natverkande\/\" \/>\n<meta property=\"og:locale\" content=\"sv_SE\" \/>\n<meta property=\"og:type\" content=\"article\" \/>\n<meta property=\"og:title\" content=\"Studietr\u00e4ff PRO V\u00e4rmland \u2013 inspiration, erfarenhetsutbyte och n\u00e4tverkande - V\u00e4rmland\" \/>\n<meta property=\"og:url\" content=\"https:\/\/www.abf.se\/varmland\/nyheter\/studietraff-pro-varmland-inspiration-erfarenhetsutbyte-och-natverkande\/\" \/>\n<meta property=\"og:site_name\" content=\"V\u00e4rmland\" \/>\n<meta property=\"article:modified_time\" content=\"2025-11-03T08:25:04+00:00\" \/>\n<meta property=\"og:image\" content=\"https:\/\/www.abf.se\/wp-content\/uploads\/sites\/54\/2024\/04\/Nyckeln-liggande-scaled.jpg\" \/>\n\t<meta property=\"og:image:width\" content=\"2560\" \/>\n\t<meta property=\"og:image:height\" content=\"1440\" \/>\n\t<meta property=\"og:image:type\" content=\"image\/jpeg\" \/>\n<meta name=\"twitter:card\" content=\"summary_large_image\" \/>\n<script type=\"application\/ld+json\" class=\"yoast-schema-graph\">{\"@context\":\"https:\/\/schema.org\",\"@graph\":[{\"@type\":\"WebPage\",\"@id\":\"https:\/\/www.abf.se\/varmland\/nyheter\/studietraff-pro-varmland-inspiration-erfarenhetsutbyte-och-natverkande\/\",\"url\":\"https:\/\/www.abf.se\/varmland\/nyheter\/studietraff-pro-varmland-inspiration-erfarenhetsutbyte-och-natverkande\/\",\"name\":\"Studietr\u00e4ff PRO V\u00e4rmland \u2013 inspiration, erfarenhetsutbyte och n\u00e4tverkande - V\u00e4rmland\",\"isPartOf\":{\"@id\":\"https:\/\/www.abf.se\/varmland\/#website\"},\"datePublished\":\"2025-11-03T07:56:07+00:00\",\"dateModified\":\"2025-11-03T08:25:04+00:00\",\"breadcrumb\":{\"@id\":\"https:\/\/www.abf.se\/varmland\/nyheter\/studietraff-pro-varmland-inspiration-erfarenhetsutbyte-och-natverkande\/#breadcrumb\"},\"inLanguage\":\"sv-SE\",\"potentialAction\":[{\"@type\":\"ReadAction\",\"target\":[\"https:\/\/www.abf.se\/varmland\/nyheter\/studietraff-pro-varmland-inspiration-erfarenhetsutbyte-och-natverkande\/\"]}]},{\"@type\":\"BreadcrumbList\",\"@id\":\"https:\/\/www.abf.se\/varmland\/nyheter\/studietraff-pro-varmland-inspiration-erfarenhetsutbyte-och-natverkande\/#breadcrumb\",\"itemListElement\":[{\"@type\":\"ListItem\",\"position\":1,\"name\":\"Home\",\"item\":\"https:\/\/www.abf.se\/varmland\/\"},{\"@type\":\"ListItem\",\"position\":2,\"name\":\"Nyheter\",\"item\":\"https:\/\/www.abf.se\/varmland\/nyheter\/\"},{\"@type\":\"ListItem\",\"position\":3,\"name\":\"Studietr\u00e4ff PRO V\u00e4rmland \u2013 inspiration, erfarenhetsutbyte och n\u00e4tverkande\"}]},{\"@type\":\"WebSite\",\"@id\":\"https:\/\/www.abf.se\/varmland\/#website\",\"url\":\"https:\/\/www.abf.se\/varmland\/\",\"name\":\"V\u00e4rmland\",\"description\":\"\",\"potentialAction\":[{\"@type\":\"SearchAction\",\"target\":{\"@type\":\"EntryPoint\",\"urlTemplate\":\"https:\/\/www.abf.se\/varmland\/?s={search_term_string}\"},\"query-input\":{\"@type\":\"PropertyValueSpecification\",\"valueRequired\":true,\"valueName\":\"search_term_string\"}}],\"inLanguage\":\"sv-SE\"}]}<\/script>\n<!-- \/ Yoast SEO plugin. -->","yoast_head_json":{"title":"Studietr\u00e4ff PRO V\u00e4rmland \u2013 inspiration, erfarenhetsutbyte och n\u00e4tverkande - V\u00e4rmland","robots":{"index":"index","follow":"follow","max-snippet":"max-snippet:-1","max-image-preview":"max-image-preview:large","max-video-preview":"max-video-preview:-1"},"canonical":"https:\/\/www.abf.se\/varmland\/nyheter\/studietraff-pro-varmland-inspiration-erfarenhetsutbyte-och-natverkande\/","og_locale":"sv_SE","og_type":"article","og_title":"Studietr\u00e4ff PRO V\u00e4rmland \u2013 inspiration, erfarenhetsutbyte och n\u00e4tverkande - V\u00e4rmland","og_url":"https:\/\/www.abf.se\/varmland\/nyheter\/studietraff-pro-varmland-inspiration-erfarenhetsutbyte-och-natverkande\/","og_site_name":"V\u00e4rmland","article_modified_time":"2025-11-03T08:25:04+00:00","og_image":[{"width":2560,"height":1440,"url":"https:\/\/www.abf.se\/wp-content\/uploads\/sites\/54\/2024\/04\/Nyckeln-liggande-scaled.jpg","type":"image\/jpeg"}],"twitter_card":"summary_large_image","schema":{"@context":"https:\/\/schema.org","@graph":[{"@type":"WebPage","@id":"https:\/\/www.abf.se\/varmland\/nyheter\/studietraff-pro-varmland-inspiration-erfarenhetsutbyte-och-natverkande\/","url":"https:\/\/www.abf.se\/varmland\/nyheter\/studietraff-pro-varmland-inspiration-erfarenhetsutbyte-och-natverkande\/","name":"Studietr\u00e4ff PRO V\u00e4rmland \u2013 inspiration, erfarenhetsutbyte och n\u00e4tverkande - V\u00e4rmland","isPartOf":{"@id":"https:\/\/www.abf.se\/varmland\/#website"},"datePublished":"2025-11-03T07:56:07+00:00","dateModified":"2025-11-03T08:25:04+00:00","breadcrumb":{"@id":"https:\/\/www.abf.se\/varmland\/nyheter\/studietraff-pro-varmland-inspiration-erfarenhetsutbyte-och-natverkande\/#breadcrumb"},"inLanguage":"sv-SE","potentialAction":[{"@type":"ReadAction","target":["https:\/\/www.abf.se\/varmland\/nyheter\/studietraff-pro-varmland-inspiration-erfarenhetsutbyte-och-natverkande\/"]}]},{"@type":"BreadcrumbList","@id":"https:\/\/www.abf.se\/varmland\/nyheter\/studietraff-pro-varmland-inspiration-erfarenhetsutbyte-och-natverkande\/#breadcrumb","itemListElement":[{"@type":"ListItem","position":1,"name":"Home","item":"https:\/\/www.abf.se\/varmland\/"},{"@type":"ListItem","position":2,"name":"Nyheter","item":"https:\/\/www.abf.se\/varmland\/nyheter\/"},{"@type":"ListItem","position":3,"name":"Studietr\u00e4ff PRO V\u00e4rmland \u2013 inspiration, erfarenhetsutbyte och n\u00e4tverkande"}]},{"@type":"WebSite","@id":"https:\/\/www.abf.se\/varmland\/#website","url":"https:\/\/www.abf.se\/varmland\/","name":"V\u00e4rmland","description":"","potentialAction":[{"@type":"SearchAction","target":{"@type":"EntryPoint","urlTemplate":"https:\/\/www.abf.se\/varmland\/?s={search_term_string}"},"query-input":{"@type":"PropertyValueSpecification","valueRequired":true,"valueName":"search_term_string"}}],"inLanguage":"sv-SE"}]}},"_links":{"self":[{"href":"https:\/\/www.abf.se\/varmland\/wp-json\/wp\/v2\/news-article\/1405","targetHints":{"allow":["GET"]}}],"collection":[{"href":"https:\/\/www.abf.se\/varmland\/wp-json\/wp\/v2\/news-article"}],"about":[{"href":"https:\/\/www.abf.se\/varmland\/wp-json\/wp\/v2\/types\/news-article"}],"wp:attachment":[{"href":"https:\/\/www.abf.se\/varmland\/wp-json\/wp\/v2\/media?parent=1405"}],"wp:term":[{"taxonomy":"category","embeddable":true,"href":"https:\/\/www.abf.se\/varmland\/wp-json\/wp\/v2\/categories?post=1405"}],"curies":[{"name":"wp","href":"https:\/\/api.w.org\/{rel}","templated":true}]}}