{"id":1502,"date":"2026-03-04T14:27:04","date_gmt":"2026-03-04T13:27:04","guid":{"rendered":"https:\/\/www.abf.se\/varmland\/?post_type=news-article&#038;p=1502"},"modified":"2026-03-04T14:45:19","modified_gmt":"2026-03-04T13:45:19","slug":"hur-man-blir-van-med-sina-horapparater","status":"publish","type":"news-article","link":"https:\/\/www.abf.se\/varmland\/nyheter\/hur-man-blir-van-med-sina-horapparater\/","title":{"rendered":"Hur man blir v\u00e4n med sina h\u00f6rapparater"},"content":{"rendered":"<div\n    class=\"acf-article-image-block mb-12 article-container-lg\"\n    data-block=\"article-image-block\"\n>\n<div class=\"\">\n\n        <figure>\n        \n            <picture class=\"round-corners-lg w-full\"><img decoding=\"async\" src=\"https:\/\/www.abf.se\/varmland\/resized\/?url=https%3A%2F%2Fwww.abf.se%2Fwp-content%2Fuploads%2Fsites%2F54%2F2026%2F03%2FIMG_1510-scaled.jpg&#038;fit=contain&#038;w=788&#038;s=3ac31377fcee6c07aa4c3fb5410fb897\" srcset=\"https:\/\/www.abf.se\/varmland\/resized\/?url=https%3A%2F%2Fwww.abf.se%2Fwp-content%2Fuploads%2Fsites%2F54%2F2026%2F03%2FIMG_1510-scaled.jpg&#038;fit=contain&#038;w=375&#038;h=499&#038;s=160b411fcd9966fa99893e26c671a8d0 375w, https:\/\/www.abf.se\/varmland\/resized\/?url=https%3A%2F%2Fwww.abf.se%2Fwp-content%2Fuploads%2Fsites%2F54%2F2026%2F03%2FIMG_1510-scaled.jpg&#038;fit=contain&#038;w=447&#038;h=595&#038;s=036d1a869e26fc084ac64f23e17d5536 447w, https:\/\/www.abf.se\/varmland\/resized\/?url=https%3A%2F%2Fwww.abf.se%2Fwp-content%2Fuploads%2Fsites%2F54%2F2026%2F03%2FIMG_1510-scaled.jpg&#038;fit=contain&#038;w=519&#038;h=691&#038;s=34a5f77362c6584c0f53e6e6192cca93 519w, https:\/\/www.abf.se\/varmland\/resized\/?url=https%3A%2F%2Fwww.abf.se%2Fwp-content%2Fuploads%2Fsites%2F54%2F2026%2F03%2FIMG_1510-scaled.jpg&#038;fit=contain&#038;w=591&#038;h=787&#038;s=84318b7b3d7a97bbc40699aca1de00c6 591w, https:\/\/www.abf.se\/varmland\/resized\/?url=https%3A%2F%2Fwww.abf.se%2Fwp-content%2Fuploads%2Fsites%2F54%2F2026%2F03%2FIMG_1510-scaled.jpg&#038;fit=contain&#038;w=663&#038;h=883&#038;s=dac42918335b2450b72ff864d3491eb1 663w, https:\/\/www.abf.se\/varmland\/resized\/?url=https%3A%2F%2Fwww.abf.se%2Fwp-content%2Fuploads%2Fsites%2F54%2F2026%2F03%2FIMG_1510-scaled.jpg&#038;fit=contain&#038;w=735&#038;h=979&#038;s=6303d96ef3aafbe54fc1f07b684280e4 735w, https:\/\/www.abf.se\/varmland\/resized\/?url=https%3A%2F%2Fwww.abf.se%2Fwp-content%2Fuploads%2Fsites%2F54%2F2026%2F03%2FIMG_1510-scaled.jpg&#038;fit=contain&#038;w=750&#038;h=999&#038;s=86b2ce44dca7531d95e86c9e405ade5a 750w, https:\/\/www.abf.se\/varmland\/resized\/?url=https%3A%2F%2Fwww.abf.se%2Fwp-content%2Fuploads%2Fsites%2F54%2F2026%2F03%2FIMG_1510-scaled.jpg&#038;fit=contain&#038;w=788&#038;s=3ac31377fcee6c07aa4c3fb5410fb897 788w, https:\/\/www.abf.se\/varmland\/resized\/?url=https%3A%2F%2Fwww.abf.se%2Fwp-content%2Fuploads%2Fsites%2F54%2F2026%2F03%2FIMG_1510-scaled.jpg&#038;fit=contain&#038;w=894&#038;h=1191&#038;s=ce259f128bca6b1c3351c264e5d9ec9a 894w, https:\/\/www.abf.se\/varmland\/resized\/?url=https%3A%2F%2Fwww.abf.se%2Fwp-content%2Fuploads%2Fsites%2F54%2F2026%2F03%2FIMG_1510-scaled.jpg&#038;fit=contain&#038;w=1038&#038;h=1383&#038;s=137bfc9e48376135c5907171205dd391 1038w, https:\/\/www.abf.se\/varmland\/resized\/?url=https%3A%2F%2Fwww.abf.se%2Fwp-content%2Fuploads%2Fsites%2F54%2F2026%2F03%2FIMG_1510-scaled.jpg&#038;fit=contain&#038;w=1182&#038;h=1575&#038;s=5b51a17e6be8525a43700a3cf7a85fab 1182w, https:\/\/www.abf.se\/varmland\/resized\/?url=https%3A%2F%2Fwww.abf.se%2Fwp-content%2Fuploads%2Fsites%2F54%2F2026%2F03%2FIMG_1510-scaled.jpg&#038;fit=contain&#038;w=1326&#038;h=1766&#038;s=323553e0304b414c4cf890203ad28934 1326w, https:\/\/www.abf.se\/varmland\/resized\/?url=https%3A%2F%2Fwww.abf.se%2Fwp-content%2Fuploads%2Fsites%2F54%2F2026%2F03%2FIMG_1510-scaled.jpg&#038;fit=contain&#038;w=1470&#038;h=1958&#038;s=eb9a8b647ef785b27b54b7d4dd814f01 1470w\" alt=\"\" height=\"1050\" width=\"788\" sizes=\"auto, (max-width: 768px) calc(100vw - 40px), 788px\" loading=\"lazy\" fetchpriority=\"low\" class=\"round-corners-lg w-full\" \/><\/picture>\n                            <figcaption class=\"my-2 body-md text-gray-text\">\n                    Tips p\u00e5 hur man pratar med n\u00e5gon som anv\u00e4nder h\u00f6rapparat.\n                <\/figcaption>\n                        <\/figure>\n        <\/div>\n\n<\/div>\n<div\n    class=\"acf-article-text-block article-container my-12\"\n    data-block=\"article-text-block\"\n>\n    <div class=\"wysiwyg\">\n        <div data-olk-copy-source=\"MessageBody\">\n<p class=\"x_p1\" dir=\"ltr\">I studiecirkeln &#8221;Bli v\u00e4n med dina h\u00f6rapparater&#8221; l\u00e4r sig deltagarna allt fr\u00e5n hur en h\u00f6rapparat fungerar till vad andra ska t\u00e4nka p\u00e5 n\u00e4r de pratar med n\u00e5gon som anv\u00e4nder sig av ett s\u00e5dant hj\u00e4lpmedel. Utifr\u00e5n ett befintligt material utgivet av H\u00f6rselskadades Riksf\u00f6rbund har Lars-Erik &#8221;Lasse&#8221; Sj\u00f6\u00f6 skapat en cirkel f\u00f6r alla med h\u00f6rapparater. Utvecklingen har skett tillsammans med verksamhetsutvecklare Monica Nystr\u00f6m p\u00e5 ABF V\u00e4rmland som ocks\u00e5 sett ett stort behov av bildning kring h\u00f6rselv\u00e5rd och det digitala kunnande som kr\u00e4vs f\u00f6r anv\u00e4ndande av hj\u00e4lpmedlen idag.<\/p>\n<div data-olk-copy-source=\"MessageBody\">&#8211; Jag m\u00e4rkte att m\u00e5nga av deltagarna hade sv\u00e5rt att ladda ned r\u00e4tt appar till sin telefon f\u00f6r att f\u00e5 ut mesta m\u00f6jliga av sina apparater, ber\u00e4ttar Lasse som sj\u00e4lv haft h\u00f6rapparat sedan 2010 efter att ha arbetat i en bullrig milj\u00f6.<\/div>\n<div data-olk-copy-source=\"MessageBody\">F\u00f6rr fick man hj\u00e4lp p\u00e5 Centralsjukhuset i Karlstad med allt tekniskt kring h\u00f6rapparaterna. Men idag st\u00e4lls fler krav p\u00e5 vad man ska kunna innan sitt bes\u00f6k hos h\u00f6rselv\u00e5rden och n\u00e5gra av kraven \u00e4r att man ska kunna ladda ner appar, \u00f6ppna och st\u00e4nga appar och g\u00e5 in i telefonens Bluetooth-inst\u00e4llningar. Detta skapar problem f\u00f6r m\u00e5nga.<\/div>\n<div data-olk-copy-source=\"MessageBody\">&#8211; Om man inte kan det h\u00e4r blir det ett stort glapp mellan kunskap och de hj\u00e4lpmedel man som h\u00f6rselnedsatt beh\u00f6ver. S\u00e4rskilt bland de \u00e4ldre i m\u00e5lgruppen, s\u00e4ger Lasse och visar en lista p\u00e5 vilka krav som st\u00e4lls fr\u00e5n mottagningen p\u00e5 sjukhuset innan bes\u00f6ket.<\/div>\n<\/div>\n<div><\/div>\n\n    <\/div>\n<\/div>\n<div\n    class=\"acf-article-image-block mb-12 container\"\n    data-block=\"article-image-block\"\n>\n<div class=\"grid md:grid-cols-2 gap-4\">\n\n        <figure>\n        \n            <picture class=\"round-corners-lg w-full\"><img decoding=\"async\" src=\"https:\/\/www.abf.se\/varmland\/resized\/?url=https%3A%2F%2Fwww.abf.se%2Fwp-content%2Fuploads%2Fsites%2F54%2F2026%2F03%2FIMG_1516-scaled.jpg&#038;fit=contain&#038;w=578&#038;s=af2afa21caee2d09e25d166e3c004d7c\" srcset=\"https:\/\/www.abf.se\/varmland\/resized\/?url=https%3A%2F%2Fwww.abf.se%2Fwp-content%2Fuploads%2Fsites%2F54%2F2026%2F03%2FIMG_1516-scaled.jpg&#038;fit=contain&#038;w=375&#038;h=280&#038;s=07078347511097dc2e1404e12ea938b9 375w, https:\/\/www.abf.se\/varmland\/resized\/?url=https%3A%2F%2Fwww.abf.se%2Fwp-content%2Fuploads%2Fsites%2F54%2F2026%2F03%2FIMG_1516-scaled.jpg&#038;fit=contain&#038;w=423&#038;h=316&#038;s=9ee2cc7ea17e90a0f7d49872cb7987de 423w, https:\/\/www.abf.se\/varmland\/resized\/?url=https%3A%2F%2Fwww.abf.se%2Fwp-content%2Fuploads%2Fsites%2F54%2F2026%2F03%2FIMG_1516-scaled.jpg&#038;fit=contain&#038;w=471&#038;h=352&#038;s=650f0cf04e0d9302430e82d05745571e 471w, https:\/\/www.abf.se\/varmland\/resized\/?url=https%3A%2F%2Fwww.abf.se%2Fwp-content%2Fuploads%2Fsites%2F54%2F2026%2F03%2FIMG_1516-scaled.jpg&#038;fit=contain&#038;w=519&#038;h=388&#038;s=7d429911dd38c3841a4eaf3506d8e42d 519w, https:\/\/www.abf.se\/varmland\/resized\/?url=https%3A%2F%2Fwww.abf.se%2Fwp-content%2Fuploads%2Fsites%2F54%2F2026%2F03%2FIMG_1516-scaled.jpg&#038;fit=contain&#038;w=567&#038;h=424&#038;s=3edc97076fe9524e632e5e82a3443d6c 567w, https:\/\/www.abf.se\/varmland\/resized\/?url=https%3A%2F%2Fwww.abf.se%2Fwp-content%2Fuploads%2Fsites%2F54%2F2026%2F03%2FIMG_1516-scaled.jpg&#038;fit=contain&#038;w=578&#038;s=af2afa21caee2d09e25d166e3c004d7c 578w, https:\/\/www.abf.se\/varmland\/resized\/?url=https%3A%2F%2Fwww.abf.se%2Fwp-content%2Fuploads%2Fsites%2F54%2F2026%2F03%2FIMG_1516-scaled.jpg&#038;fit=contain&#038;w=750&#038;h=561&#038;s=db8c6db992491335fe5e98b0bba28f91 750w, https:\/\/www.abf.se\/varmland\/resized\/?url=https%3A%2F%2Fwww.abf.se%2Fwp-content%2Fuploads%2Fsites%2F54%2F2026%2F03%2FIMG_1516-scaled.jpg&#038;fit=contain&#038;w=846&#038;h=633&#038;s=2c18f499a3e17d8dd4cfd9fd0d971ebb 846w, https:\/\/www.abf.se\/varmland\/resized\/?url=https%3A%2F%2Fwww.abf.se%2Fwp-content%2Fuploads%2Fsites%2F54%2F2026%2F03%2FIMG_1516-scaled.jpg&#038;fit=contain&#038;w=942&#038;h=705&#038;s=7eed3ef6c85cd47cf5930e374cfd1400 942w, https:\/\/www.abf.se\/varmland\/resized\/?url=https%3A%2F%2Fwww.abf.se%2Fwp-content%2Fuploads%2Fsites%2F54%2F2026%2F03%2FIMG_1516-scaled.jpg&#038;fit=contain&#038;w=1038&#038;h=777&#038;s=4ae41a7899b93f77bc07734d758d2579 1038w, https:\/\/www.abf.se\/varmland\/resized\/?url=https%3A%2F%2Fwww.abf.se%2Fwp-content%2Fuploads%2Fsites%2F54%2F2026%2F03%2FIMG_1516-scaled.jpg&#038;fit=contain&#038;w=1134&#038;h=849&#038;s=6f10de7fc91b51c98c4f5575388fdd2b 1134w\" alt=\"\" height=\"433\" width=\"578\" sizes=\"auto, (max-width: 768px) calc(100vw - 40px), (min-width: 768px) and (max-width: 1156px) calc(50vw - 56px), calc((1156px \/ 2) - 16px)\" loading=\"lazy\" fetchpriority=\"low\" class=\"round-corners-lg w-full\" \/><\/picture>\n                            <figcaption class=\"my-2 body-md text-gray-text\">\n                    Lars-Erik Sj\u00f6\u00f6, cirkelledare och ledamot i PRO Kil.\n                <\/figcaption>\n                        <\/figure>\n        <figure>\n        \n            <picture class=\"round-corners-lg w-full\"><img decoding=\"async\" src=\"https:\/\/www.abf.se\/varmland\/resized\/?url=https%3A%2F%2Fwww.abf.se%2Fwp-content%2Fuploads%2Fsites%2F54%2F2026%2F03%2FIMG_1521-scaled.jpg&#038;fit=contain&#038;w=578&#038;s=adbbbe4710da9462cf9546e5080a147d\" srcset=\"https:\/\/www.abf.se\/varmland\/resized\/?url=https%3A%2F%2Fwww.abf.se%2Fwp-content%2Fuploads%2Fsites%2F54%2F2026%2F03%2FIMG_1521-scaled.jpg&#038;fit=contain&#038;w=375&#038;h=499&#038;s=d229b6f241a078578b6e7f687b62ef77 375w, https:\/\/www.abf.se\/varmland\/resized\/?url=https%3A%2F%2Fwww.abf.se%2Fwp-content%2Fuploads%2Fsites%2F54%2F2026%2F03%2FIMG_1521-scaled.jpg&#038;fit=contain&#038;w=423&#038;h=563&#038;s=83cbbee563c3f9619bd9b5796dc272f5 423w, https:\/\/www.abf.se\/varmland\/resized\/?url=https%3A%2F%2Fwww.abf.se%2Fwp-content%2Fuploads%2Fsites%2F54%2F2026%2F03%2FIMG_1521-scaled.jpg&#038;fit=contain&#038;w=471&#038;h=627&#038;s=6385281c00d9abb33dc021a2ed894c5c 471w, https:\/\/www.abf.se\/varmland\/resized\/?url=https%3A%2F%2Fwww.abf.se%2Fwp-content%2Fuploads%2Fsites%2F54%2F2026%2F03%2FIMG_1521-scaled.jpg&#038;fit=contain&#038;w=519&#038;h=691&#038;s=ebc13640fff08d8d44a42eff28706ae0 519w, https:\/\/www.abf.se\/varmland\/resized\/?url=https%3A%2F%2Fwww.abf.se%2Fwp-content%2Fuploads%2Fsites%2F54%2F2026%2F03%2FIMG_1521-scaled.jpg&#038;fit=contain&#038;w=567&#038;h=755&#038;s=2e402aaee0bfed504c851e656fa922de 567w, https:\/\/www.abf.se\/varmland\/resized\/?url=https%3A%2F%2Fwww.abf.se%2Fwp-content%2Fuploads%2Fsites%2F54%2F2026%2F03%2FIMG_1521-scaled.jpg&#038;fit=contain&#038;w=578&#038;s=adbbbe4710da9462cf9546e5080a147d 578w, https:\/\/www.abf.se\/varmland\/resized\/?url=https%3A%2F%2Fwww.abf.se%2Fwp-content%2Fuploads%2Fsites%2F54%2F2026%2F03%2FIMG_1521-scaled.jpg&#038;fit=contain&#038;w=750&#038;h=999&#038;s=a0156b2e91318357cc55421026405314 750w, https:\/\/www.abf.se\/varmland\/resized\/?url=https%3A%2F%2Fwww.abf.se%2Fwp-content%2Fuploads%2Fsites%2F54%2F2026%2F03%2FIMG_1521-scaled.jpg&#038;fit=contain&#038;w=846&#038;h=1127&#038;s=5505890c88b664adb3d3e14edf3c0780 846w, https:\/\/www.abf.se\/varmland\/resized\/?url=https%3A%2F%2Fwww.abf.se%2Fwp-content%2Fuploads%2Fsites%2F54%2F2026%2F03%2FIMG_1521-scaled.jpg&#038;fit=contain&#038;w=942&#038;h=1254&#038;s=e5e815ba548a45f9b22a42e9fa040e65 942w, https:\/\/www.abf.se\/varmland\/resized\/?url=https%3A%2F%2Fwww.abf.se%2Fwp-content%2Fuploads%2Fsites%2F54%2F2026%2F03%2FIMG_1521-scaled.jpg&#038;fit=contain&#038;w=1038&#038;h=1382&#038;s=393588e66025046a04421ea13d08498d 1038w, https:\/\/www.abf.se\/varmland\/resized\/?url=https%3A%2F%2Fwww.abf.se%2Fwp-content%2Fuploads%2Fsites%2F54%2F2026%2F03%2FIMG_1521-scaled.jpg&#038;fit=contain&#038;w=1134&#038;h=1510&#038;s=efc9273d597f86fa3166f7fa56a6bdf0 1134w\" alt=\"\" height=\"770\" width=\"578\" sizes=\"auto, (max-width: 768px) calc(100vw - 40px), (min-width: 768px) and (max-width: 1156px) calc(50vw - 56px), calc((1156px \/ 2) - 16px)\" loading=\"lazy\" fetchpriority=\"low\" class=\"round-corners-lg w-full\" \/><\/picture>\n                            <figcaption class=\"my-2 body-md text-gray-text\">\n                    Britt-Marie Johansson deltar i cirkeln.\n                <\/figcaption>\n                        <\/figure>\n        <\/div>\n\n<\/div>\n<div\n    class=\"acf-article-text-block article-container my-12\"\n    data-block=\"article-text-block\"\n>\n    <div class=\"wysiwyg\">\n        <div data-olk-copy-source=\"MessageBody\">\n<h3>Blir idiotf\u00f6rklarad<\/h3>\n<p>Cirkeln startade f\u00f6rsta g\u00e5ngen 2024 och nu \u00e4r man allts\u00e5 inne p\u00e5 sin fj\u00e4rde omg\u00e5ng. Gruppen best\u00e5r denna g\u00e5ng av \u00e5tta personer som tr\u00e4ffas fyra g\u00e5nger. De har haft f\u00f6rst\u00e4rkning under tr\u00e4ffarna genom externa f\u00f6rel\u00e4sare som Kalle Persson fr\u00e5n PRO Forshaga som hj\u00e4lpt dem att ladda ned r\u00e4tt appar och sett till att mobilerna \u00e4r f\u00f6rberedda inf\u00f6r deras bes\u00f6k i v\u00e5rden.<\/p>\n<p>Britt-Marie Johansson som deltar i cirkeln tycker att tr\u00e4ffarna ger henne mycket:<br \/>\n&#8211; Det \u00e4r b\u00e5de teorin och m\u00f6tet med de andra i gruppen som g\u00f6r att jag tycker cirkeln \u00e4r s\u00e5 bra. Utbytet mellan oss som har en h\u00f6rselneds\u00e4ttning \u00e4r viktig. Det som jag sett mest fram emot att l\u00e4ra mig \u00e4r att kunna st\u00e4lla in h\u00f6rapparaterna sj\u00e4lv genom appen, s\u00e4ger Britt-Marie.<\/p>\n<p class=\"x_p2\">Det blir l\u00e4tt extra stimmigt och sv\u00e5rt att h\u00f6ra n\u00e4r m\u00e5nga pratar i munnen p\u00e5 varandra f\u00f6r personer som har en h\u00f6rapparat.<br \/>\n&#8211; Att tr\u00e4ffa m\u00e4nniskor med samma problem \u00e4r s\u00e5 viktigt s\u00e5 att man k\u00e4nner att man inte \u00e4r ensam om att bli mer eller mindre idiotf\u00f6rklarad f\u00f6r att man s\u00e4ger &#8221;va&#8221; ofta, s\u00e4ger Lasse.<br \/>\nABF arbetar mycket med inkludering i all verksamhet och det h\u00e4r \u00e4r ett exempel d\u00e4r folkbildning fungerar som b\u00e4st tycker Monica Nystr\u00f6m.<br \/>\n&#8211; Som h\u00f6rselskadad blir man ofta isolerad i och med att man v\u00e4ljer att stanna hemma f\u00f6r att man har jobbigt med h\u00f6rseln i olika milj\u00f6er och kanske inte har verktygen f\u00f6r att st\u00e4lla in sina h\u00f6rapparater, s\u00e4ger Monica.<br \/>\nDet finns inst\u00e4llningar att g\u00f6ra, bara man vet hur och det \u00e4r n\u00e5got deltagarna ska kunna n\u00e4r cirkeln \u00e4r slut. Det kan ocks\u00e5 vara sv\u00e5rt att p\u00e5 ett l\u00e4ttsamt s\u00e4tt ber\u00e4tta f\u00f6r andra hur de beh\u00f6ver st\u00e5 f\u00f6r att man ska h\u00f6ra ordentligt som innehavare av en h\u00f6rapparat och s\u00e5dant f\u00e5r deltagarna ocks\u00e5 tips p\u00e5.<br \/>\n&#8211; Det h\u00e4r \u00e4r en cirkel som bryter isolering, minskar den digitala klyftan och f\u00e5r m\u00e4nniskor att m\u00f6tas vilket \u00e4r precis det vi p\u00e5 ABF ska verka f\u00f6r, s\u00e4ger Monica.<\/p>\n<h3>Skrivelse till regionen<\/h3>\n<p>Det \u00e4r inte bara m\u00f6ten, ny kunskap och trevligt fika som cirkeln mynnat ut i. De har tillsammans formulerat en skrivelse till H\u00e4lso- och sjukv\u00e5rdsn\u00e4mnden i Region V\u00e4rmland. Utifr\u00e5n den m\u00e5lbild regionen tagit fram om omst\u00e4llning till god och n\u00e4ra v\u00e5rd, h\u00e4lsa och omsorg i l\u00e4net, har PRO Kil skickat in skrivelsen. I denna uppmanar man regionen att \u00f6ppna en verksamhet f\u00f6r \u00e4ldre som beh\u00f6ver st\u00f6ttning fr\u00e5n h\u00f6rselv\u00e5rden \u00e4ven p\u00e5 v\u00e5rdcentralen i Kil. Idag beh\u00f6ver man \u00e5ka till Centralsjukhuset i Karlstad f\u00f6r att f\u00e5 hj\u00e4lp och det \u00e4r inte alla \u00e4ldre som kan ta sig dit.<\/p>\n<p>N\u00e4sta tr\u00e4ff som \u00e4r den sista f\u00f6r gruppen kommer en representant fr\u00e5n Region V\u00e4rmland f\u00f6r att svara p\u00e5 fr\u00e5gor om h\u00f6rselv\u00e5rd.<\/p>\n<\/div>\n\n    <\/div>\n<\/div>\n<div\n    class=\"acf-article-image-block mb-12 article-container-lg\"\n    data-block=\"article-image-block\"\n>\n<div class=\"\">\n\n        <figure>\n        \n            <picture class=\"round-corners-lg w-full\"><img decoding=\"async\" src=\"https:\/\/www.abf.se\/varmland\/resized\/?url=https%3A%2F%2Fwww.abf.se%2Fwp-content%2Fuploads%2Fsites%2F54%2F2026%2F03%2FIMG_1530-scaled.jpg&#038;fit=contain&#038;w=788&#038;s=a37ae2fcaf89eb3856007e84d21c3a8c\" srcset=\"https:\/\/www.abf.se\/varmland\/resized\/?url=https%3A%2F%2Fwww.abf.se%2Fwp-content%2Fuploads%2Fsites%2F54%2F2026%2F03%2FIMG_1530-scaled.jpg&#038;fit=contain&#038;w=375&#038;h=499&#038;s=ccad9d7114fd5be03c40d84cc3c5efa8 375w, https:\/\/www.abf.se\/varmland\/resized\/?url=https%3A%2F%2Fwww.abf.se%2Fwp-content%2Fuploads%2Fsites%2F54%2F2026%2F03%2FIMG_1530-scaled.jpg&#038;fit=contain&#038;w=447&#038;h=595&#038;s=47dfd6b40e03eed174d4a4a4cf6600d1 447w, https:\/\/www.abf.se\/varmland\/resized\/?url=https%3A%2F%2Fwww.abf.se%2Fwp-content%2Fuploads%2Fsites%2F54%2F2026%2F03%2FIMG_1530-scaled.jpg&#038;fit=contain&#038;w=519&#038;h=691&#038;s=6dc9f753f0f919cf66113eeb83500836 519w, https:\/\/www.abf.se\/varmland\/resized\/?url=https%3A%2F%2Fwww.abf.se%2Fwp-content%2Fuploads%2Fsites%2F54%2F2026%2F03%2FIMG_1530-scaled.jpg&#038;fit=contain&#038;w=591&#038;h=787&#038;s=a91eba43891e524b54b54b2cf0facc8b 591w, https:\/\/www.abf.se\/varmland\/resized\/?url=https%3A%2F%2Fwww.abf.se%2Fwp-content%2Fuploads%2Fsites%2F54%2F2026%2F03%2FIMG_1530-scaled.jpg&#038;fit=contain&#038;w=663&#038;h=883&#038;s=4c2cfa05c0f278a56ffe6ebb98e606ca 663w, https:\/\/www.abf.se\/varmland\/resized\/?url=https%3A%2F%2Fwww.abf.se%2Fwp-content%2Fuploads%2Fsites%2F54%2F2026%2F03%2FIMG_1530-scaled.jpg&#038;fit=contain&#038;w=735&#038;h=979&#038;s=eba3c6c19743765465a3ed83e73ec4f5 735w, https:\/\/www.abf.se\/varmland\/resized\/?url=https%3A%2F%2Fwww.abf.se%2Fwp-content%2Fuploads%2Fsites%2F54%2F2026%2F03%2FIMG_1530-scaled.jpg&#038;fit=contain&#038;w=750&#038;h=999&#038;s=276f9dd4393fb3a921e3504af8789e10 750w, https:\/\/www.abf.se\/varmland\/resized\/?url=https%3A%2F%2Fwww.abf.se%2Fwp-content%2Fuploads%2Fsites%2F54%2F2026%2F03%2FIMG_1530-scaled.jpg&#038;fit=contain&#038;w=788&#038;s=a37ae2fcaf89eb3856007e84d21c3a8c 788w, https:\/\/www.abf.se\/varmland\/resized\/?url=https%3A%2F%2Fwww.abf.se%2Fwp-content%2Fuploads%2Fsites%2F54%2F2026%2F03%2FIMG_1530-scaled.jpg&#038;fit=contain&#038;w=894&#038;h=1191&#038;s=2c050dc9a3848cfb0c81b9d8da67e5fb 894w, https:\/\/www.abf.se\/varmland\/resized\/?url=https%3A%2F%2Fwww.abf.se%2Fwp-content%2Fuploads%2Fsites%2F54%2F2026%2F03%2FIMG_1530-scaled.jpg&#038;fit=contain&#038;w=1038&#038;h=1383&#038;s=eeabd963dcfff0594da98b881e21ed98 1038w, https:\/\/www.abf.se\/varmland\/resized\/?url=https%3A%2F%2Fwww.abf.se%2Fwp-content%2Fuploads%2Fsites%2F54%2F2026%2F03%2FIMG_1530-scaled.jpg&#038;fit=contain&#038;w=1182&#038;h=1575&#038;s=ae53bfdf042b8eb552e101e9f869a626 1182w, https:\/\/www.abf.se\/varmland\/resized\/?url=https%3A%2F%2Fwww.abf.se%2Fwp-content%2Fuploads%2Fsites%2F54%2F2026%2F03%2FIMG_1530-scaled.jpg&#038;fit=contain&#038;w=1326&#038;h=1766&#038;s=87726e1b18ea37515ead92995813c4bd 1326w, https:\/\/www.abf.se\/varmland\/resized\/?url=https%3A%2F%2Fwww.abf.se%2Fwp-content%2Fuploads%2Fsites%2F54%2F2026%2F03%2FIMG_1530-scaled.jpg&#038;fit=contain&#038;w=1470&#038;h=1958&#038;s=f1aa73bcf211b18cb54bd18b59124f62 1470w\" alt=\"\" height=\"1050\" width=\"788\" sizes=\"auto, (max-width: 768px) calc(100vw - 40px), 788px\" loading=\"lazy\" fetchpriority=\"low\" class=\"round-corners-lg w-full\" \/><\/picture>\n                            <figcaption class=\"my-2 body-md text-gray-text\">\n                    Monica Nystr\u00f6m, verksamhetsledare p\u00e5 ABF V\u00e4rmland informerar cirkeln om var de kan hitta fler cirklar via ABF:s webbplats.\n                <\/figcaption>\n                        <\/figure>\n        <\/div>\n\n<\/div>\n","protected":false},"featured_media":0,"parent":0,"menu_order":0,"template":"","categories":[],"class_list":["post-1502","news-article","type-news-article","status-publish","hentry"],"acf":[],"yoast_head":"<!-- This site is optimized with the Yoast SEO plugin v27.0 - https:\/\/yoast.com\/product\/yoast-seo-wordpress\/ -->\n<title>Hur man blir v\u00e4n med sina h\u00f6rapparater - V\u00e4rmland<\/title>\n<meta name=\"robots\" content=\"index, follow, max-snippet:-1, max-image-preview:large, max-video-preview:-1\" \/>\n<link rel=\"canonical\" href=\"https:\/\/www.abf.se\/varmland\/nyheter\/hur-man-blir-van-med-sina-horapparater\/\" \/>\n<meta property=\"og:locale\" content=\"sv_SE\" \/>\n<meta property=\"og:type\" content=\"article\" \/>\n<meta property=\"og:title\" content=\"Hur man blir v\u00e4n med sina h\u00f6rapparater - V\u00e4rmland\" \/>\n<meta property=\"og:url\" content=\"https:\/\/www.abf.se\/varmland\/nyheter\/hur-man-blir-van-med-sina-horapparater\/\" \/>\n<meta property=\"og:site_name\" content=\"V\u00e4rmland\" \/>\n<meta property=\"article:modified_time\" content=\"2026-03-04T13:45:19+00:00\" \/>\n<meta property=\"og:image\" content=\"https:\/\/www.abf.se\/wp-content\/uploads\/sites\/54\/2024\/04\/Nyckeln-liggande-scaled.jpg\" \/>\n\t<meta property=\"og:image:width\" content=\"2560\" \/>\n\t<meta property=\"og:image:height\" content=\"1440\" \/>\n\t<meta property=\"og:image:type\" content=\"image\/jpeg\" \/>\n<meta name=\"twitter:card\" content=\"summary_large_image\" \/>\n<script type=\"application\/ld+json\" class=\"yoast-schema-graph\">{\"@context\":\"https:\/\/schema.org\",\"@graph\":[{\"@type\":\"WebPage\",\"@id\":\"https:\/\/www.abf.se\/varmland\/nyheter\/hur-man-blir-van-med-sina-horapparater\/\",\"url\":\"https:\/\/www.abf.se\/varmland\/nyheter\/hur-man-blir-van-med-sina-horapparater\/\",\"name\":\"Hur man blir v\u00e4n med sina h\u00f6rapparater - V\u00e4rmland\",\"isPartOf\":{\"@id\":\"https:\/\/www.abf.se\/varmland\/#website\"},\"datePublished\":\"2026-03-04T13:27:04+00:00\",\"dateModified\":\"2026-03-04T13:45:19+00:00\",\"breadcrumb\":{\"@id\":\"https:\/\/www.abf.se\/varmland\/nyheter\/hur-man-blir-van-med-sina-horapparater\/#breadcrumb\"},\"inLanguage\":\"sv-SE\",\"potentialAction\":[{\"@type\":\"ReadAction\",\"target\":[\"https:\/\/www.abf.se\/varmland\/nyheter\/hur-man-blir-van-med-sina-horapparater\/\"]}]},{\"@type\":\"BreadcrumbList\",\"@id\":\"https:\/\/www.abf.se\/varmland\/nyheter\/hur-man-blir-van-med-sina-horapparater\/#breadcrumb\",\"itemListElement\":[{\"@type\":\"ListItem\",\"position\":1,\"name\":\"Home\",\"item\":\"https:\/\/www.abf.se\/varmland\/\"},{\"@type\":\"ListItem\",\"position\":2,\"name\":\"Nyheter\",\"item\":\"https:\/\/www.abf.se\/varmland\/nyheter\/\"},{\"@type\":\"ListItem\",\"position\":3,\"name\":\"Hur man blir v\u00e4n med sina h\u00f6rapparater\"}]},{\"@type\":\"WebSite\",\"@id\":\"https:\/\/www.abf.se\/varmland\/#website\",\"url\":\"https:\/\/www.abf.se\/varmland\/\",\"name\":\"V\u00e4rmland\",\"description\":\"\",\"potentialAction\":[{\"@type\":\"SearchAction\",\"target\":{\"@type\":\"EntryPoint\",\"urlTemplate\":\"https:\/\/www.abf.se\/varmland\/?s={search_term_string}\"},\"query-input\":{\"@type\":\"PropertyValueSpecification\",\"valueRequired\":true,\"valueName\":\"search_term_string\"}}],\"inLanguage\":\"sv-SE\"}]}<\/script>\n<!-- \/ Yoast SEO plugin. -->","yoast_head_json":{"title":"Hur man blir v\u00e4n med sina h\u00f6rapparater - V\u00e4rmland","robots":{"index":"index","follow":"follow","max-snippet":"max-snippet:-1","max-image-preview":"max-image-preview:large","max-video-preview":"max-video-preview:-1"},"canonical":"https:\/\/www.abf.se\/varmland\/nyheter\/hur-man-blir-van-med-sina-horapparater\/","og_locale":"sv_SE","og_type":"article","og_title":"Hur man blir v\u00e4n med sina h\u00f6rapparater - V\u00e4rmland","og_url":"https:\/\/www.abf.se\/varmland\/nyheter\/hur-man-blir-van-med-sina-horapparater\/","og_site_name":"V\u00e4rmland","article_modified_time":"2026-03-04T13:45:19+00:00","og_image":[{"width":2560,"height":1440,"url":"https:\/\/www.abf.se\/wp-content\/uploads\/sites\/54\/2024\/04\/Nyckeln-liggande-scaled.jpg","type":"image\/jpeg"}],"twitter_card":"summary_large_image","schema":{"@context":"https:\/\/schema.org","@graph":[{"@type":"WebPage","@id":"https:\/\/www.abf.se\/varmland\/nyheter\/hur-man-blir-van-med-sina-horapparater\/","url":"https:\/\/www.abf.se\/varmland\/nyheter\/hur-man-blir-van-med-sina-horapparater\/","name":"Hur man blir v\u00e4n med sina h\u00f6rapparater - V\u00e4rmland","isPartOf":{"@id":"https:\/\/www.abf.se\/varmland\/#website"},"datePublished":"2026-03-04T13:27:04+00:00","dateModified":"2026-03-04T13:45:19+00:00","breadcrumb":{"@id":"https:\/\/www.abf.se\/varmland\/nyheter\/hur-man-blir-van-med-sina-horapparater\/#breadcrumb"},"inLanguage":"sv-SE","potentialAction":[{"@type":"ReadAction","target":["https:\/\/www.abf.se\/varmland\/nyheter\/hur-man-blir-van-med-sina-horapparater\/"]}]},{"@type":"BreadcrumbList","@id":"https:\/\/www.abf.se\/varmland\/nyheter\/hur-man-blir-van-med-sina-horapparater\/#breadcrumb","itemListElement":[{"@type":"ListItem","position":1,"name":"Home","item":"https:\/\/www.abf.se\/varmland\/"},{"@type":"ListItem","position":2,"name":"Nyheter","item":"https:\/\/www.abf.se\/varmland\/nyheter\/"},{"@type":"ListItem","position":3,"name":"Hur man blir v\u00e4n med sina h\u00f6rapparater"}]},{"@type":"WebSite","@id":"https:\/\/www.abf.se\/varmland\/#website","url":"https:\/\/www.abf.se\/varmland\/","name":"V\u00e4rmland","description":"","potentialAction":[{"@type":"SearchAction","target":{"@type":"EntryPoint","urlTemplate":"https:\/\/www.abf.se\/varmland\/?s={search_term_string}"},"query-input":{"@type":"PropertyValueSpecification","valueRequired":true,"valueName":"search_term_string"}}],"inLanguage":"sv-SE"}]}},"_links":{"self":[{"href":"https:\/\/www.abf.se\/varmland\/wp-json\/wp\/v2\/news-article\/1502","targetHints":{"allow":["GET"]}}],"collection":[{"href":"https:\/\/www.abf.se\/varmland\/wp-json\/wp\/v2\/news-article"}],"about":[{"href":"https:\/\/www.abf.se\/varmland\/wp-json\/wp\/v2\/types\/news-article"}],"wp:attachment":[{"href":"https:\/\/www.abf.se\/varmland\/wp-json\/wp\/v2\/media?parent=1502"}],"wp:term":[{"taxonomy":"category","embeddable":true,"href":"https:\/\/www.abf.se\/varmland\/wp-json\/wp\/v2\/categories?post=1502"}],"curies":[{"name":"wp","href":"https:\/\/api.w.org\/{rel}","templated":true}]}}