{"id":1509,"date":"2026-03-12T12:35:19","date_gmt":"2026-03-12T11:35:19","guid":{"rendered":"https:\/\/www.abf.se\/varmland\/?post_type=news-article&#038;p=1509"},"modified":"2026-03-12T14:23:57","modified_gmt":"2026-03-12T13:23:57","slug":"emma-bildar-seniorer-i-digitala-tjanster","status":"publish","type":"news-article","link":"https:\/\/www.abf.se\/varmland\/nyheter\/emma-bildar-seniorer-i-digitala-tjanster\/","title":{"rendered":"Emma bildar seniorer i digitala tj\u00e4nster"},"content":{"rendered":"<div\n    class=\"acf-article-text-block article-container my-12\"\n    data-block=\"article-text-block\"\n>\n    <div class=\"wysiwyg\">\n        <p>I Hammar\u00f6bost\u00e4ders lokaler p\u00e5 Skoghall startade i m\u00e5ndags en cirkel i digitala tj\u00e4nster. Det \u00e4r precis vad det l\u00e5ter som, en kurs f\u00f6r personer som vill l\u00e4ra sig mer om olika appar och hur de fungerar. F\u00f6r att delta beh\u00f6ver du en smartphone och vara lite nyfiken p\u00e5 hur dagens teknik kan hj\u00e4lpa dig i vardagen. M\u00e5lgruppen \u00e4r seniorer och cirklarna har startat p\u00e5 flera platser i V\u00e4rmland under v\u00e5rterminen.<\/p>\n<h3>Kunskap om k\u00e4llkritik &#8211; en f\u00f6ruts\u00e4ttning idag<\/h3>\n<p>Emma Lindstr\u00f6m \u00e4r ledare f\u00f6r grupperna och den vi f\u00f6r dagen bes\u00f6ker tr\u00e4ffar hon f\u00f6r f\u00f6rsta g\u00e5ngen.<br \/>\n&#8211; Det \u00e4r alltid roligt att tr\u00e4ffa en ny grupp eftersom jag inte riktigt vet vilka kunskaper de som kommer har, s\u00e4ger Emma.<\/p>\n<p>Alla grupper Emma m\u00f6ter \u00e4r v\u00e4ldigt tacksamma \u00f6ver chansen att gratis f\u00e5 delta i en cirkel d\u00e4r man f\u00e5r l\u00e4ra sig grunder i smartphoneanv\u00e4ndande. Gerd \u00c5hman, boende p\u00e5 Hammar\u00f6, \u00e4r en av deltagarna.<br \/>\n&#8211; Det var s\u00e5 trevligt och intressant. Vi gick igenom s\u00e5 mycket f\u00f6rsta tr\u00e4ffen och jag antecknade allt, s\u00e4ger Gerd om sin upplevelse av f\u00f6rsta tillf\u00e4llet.<\/p>\n<p>Deltagarna f\u00e5r vara med och p\u00e5verka inneh\u00e5llet i cirkeln som \u00e4r upplagd p\u00e5 fyra tr\u00e4ffar.<br \/>\n&#8211;\u00a0 Cirklarna utg\u00e5r fr\u00e5n vad gruppen vill l\u00e4ra sig och vilken niv\u00e5 deltagarna ligger p\u00e5 i kunskap. Det kan vara allt fr\u00e5n att b\u00f6rja fr\u00e5n b\u00f6rjan med en smartphone och dess funktioner till att n\u00e5gon \u00f6nskar att l\u00e4ra sig AI, Kivra eller parkeringsappar, ber\u00e4ttar Emma.<\/p>\n\n    <\/div>\n<\/div>\n<div\n    class=\"acf-article-image-block mb-12 article-container-lg\"\n    data-block=\"article-image-block\"\n>\n<div class=\"\">\n\n        <figure>\n        \n            <picture class=\"round-corners-lg w-full\"><img decoding=\"async\" src=\"https:\/\/www.abf.se\/varmland\/resized\/?url=https%3A%2F%2Fwww.abf.se%2Fwp-content%2Fuploads%2Fsites%2F54%2F2026%2F03%2FIMG_1622-scaled.jpg&#038;fit=contain&#038;w=788&#038;s=46d38f81a1319a78e217efb532846108\" srcset=\"https:\/\/www.abf.se\/varmland\/resized\/?url=https%3A%2F%2Fwww.abf.se%2Fwp-content%2Fuploads%2Fsites%2F54%2F2026%2F03%2FIMG_1622-scaled.jpg&#038;fit=contain&#038;w=375&#038;h=281&#038;s=cecd69e527277cf32325e8bcc368cfbe 375w, https:\/\/www.abf.se\/varmland\/resized\/?url=https%3A%2F%2Fwww.abf.se%2Fwp-content%2Fuploads%2Fsites%2F54%2F2026%2F03%2FIMG_1622-scaled.jpg&#038;fit=contain&#038;w=447&#038;h=335&#038;s=94e55d790768082d314627b2b3c7a713 447w, https:\/\/www.abf.se\/varmland\/resized\/?url=https%3A%2F%2Fwww.abf.se%2Fwp-content%2Fuploads%2Fsites%2F54%2F2026%2F03%2FIMG_1622-scaled.jpg&#038;fit=contain&#038;w=519&#038;h=389&#038;s=3366a4b6ad865a7340a8714dce07ad16 519w, https:\/\/www.abf.se\/varmland\/resized\/?url=https%3A%2F%2Fwww.abf.se%2Fwp-content%2Fuploads%2Fsites%2F54%2F2026%2F03%2FIMG_1622-scaled.jpg&#038;fit=contain&#038;w=591&#038;h=443&#038;s=36913172119f5a8c8de1cd33f3bf2265 591w, https:\/\/www.abf.se\/varmland\/resized\/?url=https%3A%2F%2Fwww.abf.se%2Fwp-content%2Fuploads%2Fsites%2F54%2F2026%2F03%2FIMG_1622-scaled.jpg&#038;fit=contain&#038;w=663&#038;h=497&#038;s=d40dd34469c4518a9554b7e5a42a36ef 663w, https:\/\/www.abf.se\/varmland\/resized\/?url=https%3A%2F%2Fwww.abf.se%2Fwp-content%2Fuploads%2Fsites%2F54%2F2026%2F03%2FIMG_1622-scaled.jpg&#038;fit=contain&#038;w=735&#038;h=551&#038;s=47f4b2c69e192b368f2c7921a5866f53 735w, https:\/\/www.abf.se\/varmland\/resized\/?url=https%3A%2F%2Fwww.abf.se%2Fwp-content%2Fuploads%2Fsites%2F54%2F2026%2F03%2FIMG_1622-scaled.jpg&#038;fit=contain&#038;w=750&#038;h=562&#038;s=fc1394125988ed01c7638e0bf2b89a61 750w, https:\/\/www.abf.se\/varmland\/resized\/?url=https%3A%2F%2Fwww.abf.se%2Fwp-content%2Fuploads%2Fsites%2F54%2F2026%2F03%2FIMG_1622-scaled.jpg&#038;fit=contain&#038;w=788&#038;s=46d38f81a1319a78e217efb532846108 788w, https:\/\/www.abf.se\/varmland\/resized\/?url=https%3A%2F%2Fwww.abf.se%2Fwp-content%2Fuploads%2Fsites%2F54%2F2026%2F03%2FIMG_1622-scaled.jpg&#038;fit=contain&#038;w=894&#038;h=670&#038;s=77383bd43f8f32e6bad78ff95a09200b 894w, https:\/\/www.abf.se\/varmland\/resized\/?url=https%3A%2F%2Fwww.abf.se%2Fwp-content%2Fuploads%2Fsites%2F54%2F2026%2F03%2FIMG_1622-scaled.jpg&#038;fit=contain&#038;w=1038&#038;h=778&#038;s=e42c6e87b6631bb5b6f4912d2bd8f5ce 1038w, https:\/\/www.abf.se\/varmland\/resized\/?url=https%3A%2F%2Fwww.abf.se%2Fwp-content%2Fuploads%2Fsites%2F54%2F2026%2F03%2FIMG_1622-scaled.jpg&#038;fit=contain&#038;w=1182&#038;h=886&#038;s=2ad31b0a5ac7b89b6d56c0f41286552a 1182w, https:\/\/www.abf.se\/varmland\/resized\/?url=https%3A%2F%2Fwww.abf.se%2Fwp-content%2Fuploads%2Fsites%2F54%2F2026%2F03%2FIMG_1622-scaled.jpg&#038;fit=contain&#038;w=1326&#038;h=994&#038;s=a0345b8010308d08b00d10f3de66f8cc 1326w, https:\/\/www.abf.se\/varmland\/resized\/?url=https%3A%2F%2Fwww.abf.se%2Fwp-content%2Fuploads%2Fsites%2F54%2F2026%2F03%2FIMG_1622-scaled.jpg&#038;fit=contain&#038;w=1470&#038;h=1102&#038;s=00c4235be4ce34162c7d736fe18f3898 1470w\" alt=\"Grupp seniorer som l&auml;r sig digitala tj&auml;nster.\" height=\"591\" width=\"788\" sizes=\"auto, (max-width: 768px) calc(100vw - 40px), 788px\" loading=\"lazy\" fetchpriority=\"low\" class=\"round-corners-lg w-full\" \/><\/picture>\n                            <figcaption class=\"my-2 body-md text-gray-text\">\n                    Grupp av seniorer p\u00e5 Hammar\u00f6 som l\u00e4r sig digitala tj\u00e4nster.\n                <\/figcaption>\n                        <\/figure>\n        <\/div>\n\n<\/div>\n<div\n    class=\"acf-article-text-block article-container my-12\"\n    data-block=\"article-text-block\"\n>\n    <div class=\"wysiwyg\">\n        <p>Gerd ber\u00e4ttar varf\u00f6r hon i f\u00f6rsta hand anm\u00e4lde sig till cirkeln:<br \/>\n&#8211; Parkeringsappar! Det \u00e4r jag lite r\u00e4dd f\u00f6r. Det finns s\u00e5 m\u00e5nga olika och jag v\u00e5gar inte riktigt anv\u00e4nda dem men det \u00e4r n\u00e5got jag verkligen vill kunna n\u00e4r cirkeln \u00e4r slut. Och g\u00e4rna bli b\u00e4ttre p\u00e5 allt man kan g\u00f6ra med en smartphone.<\/p>\n<p>Under varje cirkel g\u00e5r man oavsett f\u00f6rkunskap hos deltagarna igenom saker som vikten av att ha n\u00f6dkontakter inlagda i sin telefon, bank-id, hur man anv\u00e4nder telefonen under ett p\u00e5g\u00e5ende samtal och att det \u00e4r bra att ha SOS-appen nedladdad. Deltagarna f\u00e5r ocks\u00e5 tips p\u00e5 gratisappar som kan vara bra att ha, till exempel nyhetsk\u00e4llor som ger oss samh\u00e4llsviktig information som SVT Nyheter, Sveriges radio och appen f\u00f6r Krisinformation.<br \/>\n&#8211; En viktig del av cirkeln \u00e4r ocks\u00e5 diskussioner och information om bedr\u00e4gerier och k\u00e4llkritik vilket \u00e4r en f\u00f6ruts\u00e4ttning om man ska befinna sig i den digitala v\u00e4rlden idag, s\u00e4ger Emma.<\/p>\n\n    <\/div>\n<\/div>\n<div\n    class=\"acf-article-image-block mb-12 article-container-lg\"\n    data-block=\"article-image-block\"\n>\n<div class=\"\">\n\n        <figure>\n        \n            <picture class=\"round-corners-lg w-full\"><img decoding=\"async\" src=\"https:\/\/www.abf.se\/varmland\/resized\/?url=https%3A%2F%2Fwww.abf.se%2Fwp-content%2Fuploads%2Fsites%2F54%2F2026%2F03%2FIMG_1613-scaled.jpg&#038;fit=contain&#038;w=788&#038;s=f207dff901075b39aae511c08363d0e6\" srcset=\"https:\/\/www.abf.se\/varmland\/resized\/?url=https%3A%2F%2Fwww.abf.se%2Fwp-content%2Fuploads%2Fsites%2F54%2F2026%2F03%2FIMG_1613-scaled.jpg&#038;fit=contain&#038;w=375&#038;h=499&#038;s=e1ad9328fcc05a8cfb5b5bf2d0883076 375w, https:\/\/www.abf.se\/varmland\/resized\/?url=https%3A%2F%2Fwww.abf.se%2Fwp-content%2Fuploads%2Fsites%2F54%2F2026%2F03%2FIMG_1613-scaled.jpg&#038;fit=contain&#038;w=447&#038;h=595&#038;s=218a9a889b29e99cba4b125f5b910ae7 447w, https:\/\/www.abf.se\/varmland\/resized\/?url=https%3A%2F%2Fwww.abf.se%2Fwp-content%2Fuploads%2Fsites%2F54%2F2026%2F03%2FIMG_1613-scaled.jpg&#038;fit=contain&#038;w=519&#038;h=691&#038;s=5f47b1a08a89be66982b7e7ac371f7fe 519w, https:\/\/www.abf.se\/varmland\/resized\/?url=https%3A%2F%2Fwww.abf.se%2Fwp-content%2Fuploads%2Fsites%2F54%2F2026%2F03%2FIMG_1613-scaled.jpg&#038;fit=contain&#038;w=591&#038;h=787&#038;s=4db3f505ac2ae8bb28f81585500d4ddb 591w, https:\/\/www.abf.se\/varmland\/resized\/?url=https%3A%2F%2Fwww.abf.se%2Fwp-content%2Fuploads%2Fsites%2F54%2F2026%2F03%2FIMG_1613-scaled.jpg&#038;fit=contain&#038;w=663&#038;h=883&#038;s=2c8b37ae169d63005fabc46a0898321d 663w, https:\/\/www.abf.se\/varmland\/resized\/?url=https%3A%2F%2Fwww.abf.se%2Fwp-content%2Fuploads%2Fsites%2F54%2F2026%2F03%2FIMG_1613-scaled.jpg&#038;fit=contain&#038;w=735&#038;h=979&#038;s=1d01a380ea86a5847b271a762b9fe88e 735w, https:\/\/www.abf.se\/varmland\/resized\/?url=https%3A%2F%2Fwww.abf.se%2Fwp-content%2Fuploads%2Fsites%2F54%2F2026%2F03%2FIMG_1613-scaled.jpg&#038;fit=contain&#038;w=750&#038;h=999&#038;s=192d4a2c90882ce55a7dd15fb0bd65cd 750w, https:\/\/www.abf.se\/varmland\/resized\/?url=https%3A%2F%2Fwww.abf.se%2Fwp-content%2Fuploads%2Fsites%2F54%2F2026%2F03%2FIMG_1613-scaled.jpg&#038;fit=contain&#038;w=788&#038;s=f207dff901075b39aae511c08363d0e6 788w, https:\/\/www.abf.se\/varmland\/resized\/?url=https%3A%2F%2Fwww.abf.se%2Fwp-content%2Fuploads%2Fsites%2F54%2F2026%2F03%2FIMG_1613-scaled.jpg&#038;fit=contain&#038;w=894&#038;h=1191&#038;s=997b2aa2596e78087b4656b66aaf86a7 894w, https:\/\/www.abf.se\/varmland\/resized\/?url=https%3A%2F%2Fwww.abf.se%2Fwp-content%2Fuploads%2Fsites%2F54%2F2026%2F03%2FIMG_1613-scaled.jpg&#038;fit=contain&#038;w=1038&#038;h=1383&#038;s=e16a05875e5fcc2415cb96926c2fb6a1 1038w, https:\/\/www.abf.se\/varmland\/resized\/?url=https%3A%2F%2Fwww.abf.se%2Fwp-content%2Fuploads%2Fsites%2F54%2F2026%2F03%2FIMG_1613-scaled.jpg&#038;fit=contain&#038;w=1182&#038;h=1575&#038;s=3ffbd2ca9e1ce8d17a6d7341bd829e7f 1182w, https:\/\/www.abf.se\/varmland\/resized\/?url=https%3A%2F%2Fwww.abf.se%2Fwp-content%2Fuploads%2Fsites%2F54%2F2026%2F03%2FIMG_1613-scaled.jpg&#038;fit=contain&#038;w=1326&#038;h=1766&#038;s=7518d3002bd267a48cbc2f43efee428f 1326w, https:\/\/www.abf.se\/varmland\/resized\/?url=https%3A%2F%2Fwww.abf.se%2Fwp-content%2Fuploads%2Fsites%2F54%2F2026%2F03%2FIMG_1613-scaled.jpg&#038;fit=contain&#038;w=1470&#038;h=1958&#038;s=77564f61382fb11ed30a079b468bbde0 1470w\" alt=\"\" height=\"1050\" width=\"788\" sizes=\"auto, (max-width: 768px) calc(100vw - 40px), 788px\" loading=\"lazy\" fetchpriority=\"low\" class=\"round-corners-lg w-full\" \/><\/picture>\n                            <figcaption class=\"my-2 body-md text-gray-text\">\n                    Emma Lindstr\u00f6m \u00e4r ledare i digitala tj\u00e4nster f\u00f6r ABF V\u00e4rmland.\n                <\/figcaption>\n                        <\/figure>\n        <\/div>\n\n<\/div>\n<div\n    class=\"acf-article-text-block article-container my-12\"\n    data-block=\"article-text-block\"\n>\n    <div class=\"wysiwyg\">\n        <h3>Den digitala klyftan \u00e4r stor<\/h3>\n<p>Ett av ABF:s viktigaste uppdrag \u00e4r att se till att alla oavsett bakgrund och tidigare kunskap ska kunna vara en del av samh\u00e4llet. Den digitala klyftan \u00e4r en extra viktig fr\u00e5ga, s\u00e4rskilt n\u00e4r det kommer till v\u00e5r \u00e5ldrande befolkning.<br \/>\n&#8211; N\u00e4stan allt ska g\u00f6ras via digitala tj\u00e4nster idag, allt fr\u00e5n \u00e4renden hos banken till bokning av l\u00e4kartid och best\u00e4llning av matvaror, s\u00e4ger Anna-Karin Ingman ombudsman p\u00e5 ABF V\u00e4rmland som s\u00e5g att en satsning av detta slag beh\u00f6vdes.<br \/>\nHon forts\u00e4tter:<br \/>\n&#8211; Denna kunskap finns inte naturligt hos m\u00e5nga av v\u00e5ra seniorer. D\u00e4rf\u00f6r har ABF V\u00e4rmland lagt extra resurser p\u00e5 att anst\u00e4lla en handledare som utbildar i digitala tj\u00e4nster, forts\u00e4tter Anna-Karin.<\/p>\n<p>Cirkeln har hittills genomf\u00f6rts i \u00c5rj\u00e4ng, Munkfors, Edsvalla, Hagfors, Arvika, p\u00e5 Hammar\u00f6 och i Svanskog. Platser som st\u00e5r p\u00e5 tur \u00e4r Filipstad, V\u00e5lberg, Kristinehamn och Gunnarskog med flera orter p\u00e5 k\u00f6.<\/p>\n\n    <\/div>\n<\/div>\n<div\n    class=\"acf-article-image-block mb-12\"\n    data-block=\"article-image-block\"\n>\n<div class=\"\">\n\n        <\/div>\n\n<\/div>\n","protected":false},"featured_media":0,"parent":0,"menu_order":0,"template":"","categories":[],"class_list":["post-1509","news-article","type-news-article","status-publish","hentry"],"acf":[],"yoast_head":"<!-- This site is optimized with the Yoast SEO plugin v27.0 - https:\/\/yoast.com\/product\/yoast-seo-wordpress\/ -->\n<title>Emma bildar seniorer i digitala tj\u00e4nster - V\u00e4rmland<\/title>\n<meta name=\"robots\" content=\"index, follow, max-snippet:-1, max-image-preview:large, max-video-preview:-1\" \/>\n<link rel=\"canonical\" href=\"https:\/\/www.abf.se\/varmland\/nyheter\/emma-bildar-seniorer-i-digitala-tjanster\/\" \/>\n<meta property=\"og:locale\" content=\"sv_SE\" \/>\n<meta property=\"og:type\" content=\"article\" \/>\n<meta property=\"og:title\" content=\"Emma bildar seniorer i digitala tj\u00e4nster - V\u00e4rmland\" \/>\n<meta property=\"og:url\" content=\"https:\/\/www.abf.se\/varmland\/nyheter\/emma-bildar-seniorer-i-digitala-tjanster\/\" \/>\n<meta property=\"og:site_name\" content=\"V\u00e4rmland\" \/>\n<meta property=\"article:modified_time\" content=\"2026-03-12T13:23:57+00:00\" \/>\n<meta property=\"og:image\" content=\"https:\/\/www.abf.se\/wp-content\/uploads\/sites\/54\/2024\/04\/Nyckeln-liggande-scaled.jpg\" \/>\n\t<meta property=\"og:image:width\" content=\"2560\" \/>\n\t<meta property=\"og:image:height\" content=\"1440\" \/>\n\t<meta property=\"og:image:type\" content=\"image\/jpeg\" \/>\n<meta name=\"twitter:card\" content=\"summary_large_image\" \/>\n<script type=\"application\/ld+json\" class=\"yoast-schema-graph\">{\"@context\":\"https:\/\/schema.org\",\"@graph\":[{\"@type\":\"WebPage\",\"@id\":\"https:\/\/www.abf.se\/varmland\/nyheter\/emma-bildar-seniorer-i-digitala-tjanster\/\",\"url\":\"https:\/\/www.abf.se\/varmland\/nyheter\/emma-bildar-seniorer-i-digitala-tjanster\/\",\"name\":\"Emma bildar seniorer i digitala tj\u00e4nster - V\u00e4rmland\",\"isPartOf\":{\"@id\":\"https:\/\/www.abf.se\/varmland\/#website\"},\"datePublished\":\"2026-03-12T11:35:19+00:00\",\"dateModified\":\"2026-03-12T13:23:57+00:00\",\"breadcrumb\":{\"@id\":\"https:\/\/www.abf.se\/varmland\/nyheter\/emma-bildar-seniorer-i-digitala-tjanster\/#breadcrumb\"},\"inLanguage\":\"sv-SE\",\"potentialAction\":[{\"@type\":\"ReadAction\",\"target\":[\"https:\/\/www.abf.se\/varmland\/nyheter\/emma-bildar-seniorer-i-digitala-tjanster\/\"]}]},{\"@type\":\"BreadcrumbList\",\"@id\":\"https:\/\/www.abf.se\/varmland\/nyheter\/emma-bildar-seniorer-i-digitala-tjanster\/#breadcrumb\",\"itemListElement\":[{\"@type\":\"ListItem\",\"position\":1,\"name\":\"Home\",\"item\":\"https:\/\/www.abf.se\/varmland\/\"},{\"@type\":\"ListItem\",\"position\":2,\"name\":\"Nyheter\",\"item\":\"https:\/\/www.abf.se\/varmland\/nyheter\/\"},{\"@type\":\"ListItem\",\"position\":3,\"name\":\"Emma bildar seniorer i digitala tj\u00e4nster\"}]},{\"@type\":\"WebSite\",\"@id\":\"https:\/\/www.abf.se\/varmland\/#website\",\"url\":\"https:\/\/www.abf.se\/varmland\/\",\"name\":\"V\u00e4rmland\",\"description\":\"\",\"potentialAction\":[{\"@type\":\"SearchAction\",\"target\":{\"@type\":\"EntryPoint\",\"urlTemplate\":\"https:\/\/www.abf.se\/varmland\/?s={search_term_string}\"},\"query-input\":{\"@type\":\"PropertyValueSpecification\",\"valueRequired\":true,\"valueName\":\"search_term_string\"}}],\"inLanguage\":\"sv-SE\"}]}<\/script>\n<!-- \/ Yoast SEO plugin. -->","yoast_head_json":{"title":"Emma bildar seniorer i digitala tj\u00e4nster - V\u00e4rmland","robots":{"index":"index","follow":"follow","max-snippet":"max-snippet:-1","max-image-preview":"max-image-preview:large","max-video-preview":"max-video-preview:-1"},"canonical":"https:\/\/www.abf.se\/varmland\/nyheter\/emma-bildar-seniorer-i-digitala-tjanster\/","og_locale":"sv_SE","og_type":"article","og_title":"Emma bildar seniorer i digitala tj\u00e4nster - V\u00e4rmland","og_url":"https:\/\/www.abf.se\/varmland\/nyheter\/emma-bildar-seniorer-i-digitala-tjanster\/","og_site_name":"V\u00e4rmland","article_modified_time":"2026-03-12T13:23:57+00:00","og_image":[{"width":2560,"height":1440,"url":"https:\/\/www.abf.se\/wp-content\/uploads\/sites\/54\/2024\/04\/Nyckeln-liggande-scaled.jpg","type":"image\/jpeg"}],"twitter_card":"summary_large_image","schema":{"@context":"https:\/\/schema.org","@graph":[{"@type":"WebPage","@id":"https:\/\/www.abf.se\/varmland\/nyheter\/emma-bildar-seniorer-i-digitala-tjanster\/","url":"https:\/\/www.abf.se\/varmland\/nyheter\/emma-bildar-seniorer-i-digitala-tjanster\/","name":"Emma bildar seniorer i digitala tj\u00e4nster - V\u00e4rmland","isPartOf":{"@id":"https:\/\/www.abf.se\/varmland\/#website"},"datePublished":"2026-03-12T11:35:19+00:00","dateModified":"2026-03-12T13:23:57+00:00","breadcrumb":{"@id":"https:\/\/www.abf.se\/varmland\/nyheter\/emma-bildar-seniorer-i-digitala-tjanster\/#breadcrumb"},"inLanguage":"sv-SE","potentialAction":[{"@type":"ReadAction","target":["https:\/\/www.abf.se\/varmland\/nyheter\/emma-bildar-seniorer-i-digitala-tjanster\/"]}]},{"@type":"BreadcrumbList","@id":"https:\/\/www.abf.se\/varmland\/nyheter\/emma-bildar-seniorer-i-digitala-tjanster\/#breadcrumb","itemListElement":[{"@type":"ListItem","position":1,"name":"Home","item":"https:\/\/www.abf.se\/varmland\/"},{"@type":"ListItem","position":2,"name":"Nyheter","item":"https:\/\/www.abf.se\/varmland\/nyheter\/"},{"@type":"ListItem","position":3,"name":"Emma bildar seniorer i digitala tj\u00e4nster"}]},{"@type":"WebSite","@id":"https:\/\/www.abf.se\/varmland\/#website","url":"https:\/\/www.abf.se\/varmland\/","name":"V\u00e4rmland","description":"","potentialAction":[{"@type":"SearchAction","target":{"@type":"EntryPoint","urlTemplate":"https:\/\/www.abf.se\/varmland\/?s={search_term_string}"},"query-input":{"@type":"PropertyValueSpecification","valueRequired":true,"valueName":"search_term_string"}}],"inLanguage":"sv-SE"}]}},"_links":{"self":[{"href":"https:\/\/www.abf.se\/varmland\/wp-json\/wp\/v2\/news-article\/1509","targetHints":{"allow":["GET"]}}],"collection":[{"href":"https:\/\/www.abf.se\/varmland\/wp-json\/wp\/v2\/news-article"}],"about":[{"href":"https:\/\/www.abf.se\/varmland\/wp-json\/wp\/v2\/types\/news-article"}],"wp:attachment":[{"href":"https:\/\/www.abf.se\/varmland\/wp-json\/wp\/v2\/media?parent=1509"}],"wp:term":[{"taxonomy":"category","embeddable":true,"href":"https:\/\/www.abf.se\/varmland\/wp-json\/wp\/v2\/categories?post=1509"}],"curies":[{"name":"wp","href":"https:\/\/api.w.org\/{rel}","templated":true}]}}