{"id":1527,"date":"2026-04-09T17:42:33","date_gmt":"2026-04-09T15:42:33","guid":{"rendered":"https:\/\/www.abf.se\/varmland\/?post_type=news-article&#038;p=1527"},"modified":"2026-04-09T17:44:20","modified_gmt":"2026-04-09T15:44:20","slug":"eneroth-kunskap-ger-makt-ger-frihet","status":"publish","type":"news-article","link":"https:\/\/www.abf.se\/varmland\/nyheter\/eneroth-kunskap-ger-makt-ger-frihet\/","title":{"rendered":"Eneroth: Kunskap ger makt, makt ger frihet"},"content":{"rendered":"<div\n    class=\"acf-article-text-block article-container my-12\"\n    data-block=\"article-text-block\"\n>\n    <div class=\"wysiwyg\">\n        <p>ABF V\u00e4rmland v\u00e4lkomnade Tomas Eneroth till ett soligt Karlstad en v\u00e5rdag i april och rivstartade hans vistelse med bes\u00f6k i flera olika verksamheter typiska f\u00f6r ABF. I lokalerna p\u00e5 Gr\u00e4sdalen h\u00f6lls en digital seniorstudietr\u00e4ff f\u00f6r PRO, odlingscirkel med en av v\u00e5ra etniska f\u00f6reningar, workshop i gelliprinting och en tv\u00e4rfacklig kurs f\u00f6r f\u00f6rs\u00e4kringsinformat\u00f6rer. Tomas bes\u00f6kte dem alla och tog sig tid att prata med deltagarna.<\/p>\n<p>Efter bes\u00f6ket p\u00e5 huvudkontoret bar det av norr\u00f6ver f\u00f6r bes\u00f6k i v\u00e5r ny\u00f6ppnade replokal i Sunne d\u00e4r ett av v\u00e5ra ungdomsband repade. D\u00e4refter styrdes minibussen till Torsby f\u00f6r bes\u00f6k p\u00e5 kandidatutbildning f\u00f6r Socialdemokraterna och middag som h\u00f6lls i v\u00e5r centralt bel\u00e4gna lokaler. Eftersom Tomas \u00e4r intresserad av musik i stort valde vi ocks\u00e5 att titta in hos Ge &amp; H\u00f6r som \u00e4r en viktig och sj\u00e4lvklar del av kulturen i Torsby. I \u00e5r firar f\u00f6reningen 30 \u00e5r av kulturskapande.<\/p>\n\n    <\/div>\n<\/div>\n<div\n    class=\"acf-article-image-block mb-12 article-container-lg\"\n    data-block=\"article-image-block\"\n>\n<div class=\"\">\n\n        <figure>\n        \n            <picture class=\"round-corners-lg w-full\"><img decoding=\"async\" src=\"https:\/\/www.abf.se\/varmland\/resized\/?url=https%3A%2F%2Fwww.abf.se%2Fwp-content%2Fuploads%2Fsites%2F54%2F2026%2F04%2FDSC01428-scaled.jpg&#038;fit=contain&#038;w=788&#038;s=19493c4f16a240c303a625f925250d88\" srcset=\"https:\/\/www.abf.se\/varmland\/resized\/?url=https%3A%2F%2Fwww.abf.se%2Fwp-content%2Fuploads%2Fsites%2F54%2F2026%2F04%2FDSC01428-scaled.jpg&#038;fit=contain&#038;w=375&#038;h=210&#038;s=7a21aa9f239ec27be36ad83963a3c1c6 375w, https:\/\/www.abf.se\/varmland\/resized\/?url=https%3A%2F%2Fwww.abf.se%2Fwp-content%2Fuploads%2Fsites%2F54%2F2026%2F04%2FDSC01428-scaled.jpg&#038;fit=contain&#038;w=447&#038;h=251&#038;s=c308a0992cf55d60a357306ca940cd3e 447w, https:\/\/www.abf.se\/varmland\/resized\/?url=https%3A%2F%2Fwww.abf.se%2Fwp-content%2Fuploads%2Fsites%2F54%2F2026%2F04%2FDSC01428-scaled.jpg&#038;fit=contain&#038;w=519&#038;h=291&#038;s=3b80f45c258611cff73fe4cee33bf5a1 519w, https:\/\/www.abf.se\/varmland\/resized\/?url=https%3A%2F%2Fwww.abf.se%2Fwp-content%2Fuploads%2Fsites%2F54%2F2026%2F04%2FDSC01428-scaled.jpg&#038;fit=contain&#038;w=591&#038;h=332&#038;s=7917b61c8fc2aa212164ef89b3b81a04 591w, https:\/\/www.abf.se\/varmland\/resized\/?url=https%3A%2F%2Fwww.abf.se%2Fwp-content%2Fuploads%2Fsites%2F54%2F2026%2F04%2FDSC01428-scaled.jpg&#038;fit=contain&#038;w=663&#038;h=372&#038;s=aa64ac6e5fbe49063541d69d2ca2a44e 663w, https:\/\/www.abf.se\/varmland\/resized\/?url=https%3A%2F%2Fwww.abf.se%2Fwp-content%2Fuploads%2Fsites%2F54%2F2026%2F04%2FDSC01428-scaled.jpg&#038;fit=contain&#038;w=735&#038;h=413&#038;s=f9566bbc4cbeb128b279af6aeb124e87 735w, https:\/\/www.abf.se\/varmland\/resized\/?url=https%3A%2F%2Fwww.abf.se%2Fwp-content%2Fuploads%2Fsites%2F54%2F2026%2F04%2FDSC01428-scaled.jpg&#038;fit=contain&#038;w=750&#038;h=421&#038;s=a46c8dcfdc38c724f4e4b55e311a968d 750w, https:\/\/www.abf.se\/varmland\/resized\/?url=https%3A%2F%2Fwww.abf.se%2Fwp-content%2Fuploads%2Fsites%2F54%2F2026%2F04%2FDSC01428-scaled.jpg&#038;fit=contain&#038;w=788&#038;s=19493c4f16a240c303a625f925250d88 788w, https:\/\/www.abf.se\/varmland\/resized\/?url=https%3A%2F%2Fwww.abf.se%2Fwp-content%2Fuploads%2Fsites%2F54%2F2026%2F04%2FDSC01428-scaled.jpg&#038;fit=contain&#038;w=894&#038;h=502&#038;s=324777b6e6ffdb503971e629ab00208d 894w, https:\/\/www.abf.se\/varmland\/resized\/?url=https%3A%2F%2Fwww.abf.se%2Fwp-content%2Fuploads%2Fsites%2F54%2F2026%2F04%2FDSC01428-scaled.jpg&#038;fit=contain&#038;w=1038&#038;h=583&#038;s=54cf552edd77ec063092ca78c93e1978 1038w, https:\/\/www.abf.se\/varmland\/resized\/?url=https%3A%2F%2Fwww.abf.se%2Fwp-content%2Fuploads%2Fsites%2F54%2F2026%2F04%2FDSC01428-scaled.jpg&#038;fit=contain&#038;w=1182&#038;h=664&#038;s=3c10a4e181a361db12cf162bdee2f033 1182w, https:\/\/www.abf.se\/varmland\/resized\/?url=https%3A%2F%2Fwww.abf.se%2Fwp-content%2Fuploads%2Fsites%2F54%2F2026%2F04%2FDSC01428-scaled.jpg&#038;fit=contain&#038;w=1326&#038;h=745&#038;s=270e2fc25de65b3807260908c50ee589 1326w, https:\/\/www.abf.se\/varmland\/resized\/?url=https%3A%2F%2Fwww.abf.se%2Fwp-content%2Fuploads%2Fsites%2F54%2F2026%2F04%2FDSC01428-scaled.jpg&#038;fit=contain&#038;w=1470&#038;h=826&#038;s=06cb4c05f3ca7a314d5ea3b9ae6bd2f5 1470w\" alt=\"\" height=\"443\" width=\"788\" sizes=\"auto, (max-width: 768px) calc(100vw - 40px), 788px\" loading=\"lazy\" fetchpriority=\"low\" class=\"round-corners-lg w-full\" \/><\/picture>\n                            <figcaption class=\"my-2 body-md text-gray-text\">\n                    Tomas Eneroth g\u00f6r ett kort bes\u00f6k p\u00e5 den tv\u00e4rfackliga kurs som f\u00f6r dagen huserade i ABF V\u00e4rmlands lokaler.\n                <\/figcaption>\n                        <\/figure>\n        <\/div>\n\n<\/div>\n<div\n    class=\"acf-article-text-block article-container my-12\"\n    data-block=\"article-text-block\"\n>\n    <div class=\"wysiwyg\">\n        <h3>Utan folkbildning tystnar V\u00e4rmland<\/h3>\n<p>Torsdagen startade med en Folkbildarfrukost p\u00e5 temat; Folkbildningens framtid och samverkansm\u00f6jligheter. M\u00e5nga fr\u00e5n v\u00e5ra medlemsorganisationer d\u00f6k upp f\u00f6r att f\u00e5 lyssna till Eneroth prata om folkbildningens betydelse f\u00f6r civilsamh\u00e4llet och inte minst f\u00f6r arbetarr\u00f6relsen.<br \/>\n&#8211; Vi \u00e4r en s\u00e5dan viktig akt\u00f6r i samh\u00e4llet i stort. P\u00e5 en liten ort finns f\u00e5 samlingsplatser. Det \u00e4r ofta pizzerian, kyrkan och ABF som samlar m\u00e4nniskor, och att vi finns d\u00e4r kan vara helt avg\u00f6rande f\u00f6r att motverka ensamhet och att h\u00e5lla i liv i bygden, s\u00e4ger Tomas i det tal han inledde frukosten med.<\/p>\n<p>Fackf\u00f6rbund, funktionsr\u00e4ttsf\u00f6reningar, PRO-medlemmar och partier ville alla ber\u00e4tta om n\u00e5got, st\u00e4lla en fr\u00e5ga eller bara tacka ABFs ordf\u00f6rande f\u00f6r att han tagit sig tid att bes\u00f6ka V\u00e4rmland. N\u00e4r folkbildarfrukosten var slut stod en sak v\u00e4ldigt klar, n\u00e4mligen att vi m\u00e5ste samverka mer och v\u00e4rna om varandras existens. Utan folkbildningen och arbetarr\u00f6relsen skulle V\u00e4rmland vara en mycket tystare plats.<\/p>\n<p>&nbsp;<\/p>\n\n    <\/div>\n<\/div>\n<div\n    class=\"acf-article-image-block mb-12 container\"\n    data-block=\"article-image-block\"\n>\n<div class=\"grid md:grid-cols-2 gap-4\">\n\n        <figure>\n        \n            <picture class=\"round-corners-lg w-full\"><img decoding=\"async\" src=\"https:\/\/www.abf.se\/varmland\/resized\/?url=https%3A%2F%2Fwww.abf.se%2Fwp-content%2Fuploads%2Fsites%2F54%2F2026%2F04%2FDSC01520-scaled.jpg&#038;fit=contain&#038;w=578&#038;s=ebda59d8c43a7d517065d3d3ec39e2ce\" srcset=\"https:\/\/www.abf.se\/varmland\/resized\/?url=https%3A%2F%2Fwww.abf.se%2Fwp-content%2Fuploads%2Fsites%2F54%2F2026%2F04%2FDSC01520-scaled.jpg&#038;fit=contain&#038;w=375&#038;h=210&#038;s=8356222962d1735ad5087015046faea6 375w, https:\/\/www.abf.se\/varmland\/resized\/?url=https%3A%2F%2Fwww.abf.se%2Fwp-content%2Fuploads%2Fsites%2F54%2F2026%2F04%2FDSC01520-scaled.jpg&#038;fit=contain&#038;w=423&#038;h=237&#038;s=3eb78787dd49c737a9f86d5314096989 423w, https:\/\/www.abf.se\/varmland\/resized\/?url=https%3A%2F%2Fwww.abf.se%2Fwp-content%2Fuploads%2Fsites%2F54%2F2026%2F04%2FDSC01520-scaled.jpg&#038;fit=contain&#038;w=471&#038;h=264&#038;s=f8dc7c3ae72ea50c037d17d155751503 471w, https:\/\/www.abf.se\/varmland\/resized\/?url=https%3A%2F%2Fwww.abf.se%2Fwp-content%2Fuploads%2Fsites%2F54%2F2026%2F04%2FDSC01520-scaled.jpg&#038;fit=contain&#038;w=519&#038;h=291&#038;s=2896bdeb37645663c9d607c5e6339fb6 519w, https:\/\/www.abf.se\/varmland\/resized\/?url=https%3A%2F%2Fwww.abf.se%2Fwp-content%2Fuploads%2Fsites%2F54%2F2026%2F04%2FDSC01520-scaled.jpg&#038;fit=contain&#038;w=567&#038;h=318&#038;s=8c87ef547676f602c404d3d3ab66605f 567w, https:\/\/www.abf.se\/varmland\/resized\/?url=https%3A%2F%2Fwww.abf.se%2Fwp-content%2Fuploads%2Fsites%2F54%2F2026%2F04%2FDSC01520-scaled.jpg&#038;fit=contain&#038;w=578&#038;s=ebda59d8c43a7d517065d3d3ec39e2ce 578w, https:\/\/www.abf.se\/varmland\/resized\/?url=https%3A%2F%2Fwww.abf.se%2Fwp-content%2Fuploads%2Fsites%2F54%2F2026%2F04%2FDSC01520-scaled.jpg&#038;fit=contain&#038;w=750&#038;h=421&#038;s=8db59a8d261d7a2f6fa7aff4881c853d 750w, https:\/\/www.abf.se\/varmland\/resized\/?url=https%3A%2F%2Fwww.abf.se%2Fwp-content%2Fuploads%2Fsites%2F54%2F2026%2F04%2FDSC01520-scaled.jpg&#038;fit=contain&#038;w=846&#038;h=475&#038;s=37829d23ea42c1a1839094b2d8cfd6e5 846w, https:\/\/www.abf.se\/varmland\/resized\/?url=https%3A%2F%2Fwww.abf.se%2Fwp-content%2Fuploads%2Fsites%2F54%2F2026%2F04%2FDSC01520-scaled.jpg&#038;fit=contain&#038;w=942&#038;h=529&#038;s=62283878b94be7e4a9c09e65736d8a84 942w, https:\/\/www.abf.se\/varmland\/resized\/?url=https%3A%2F%2Fwww.abf.se%2Fwp-content%2Fuploads%2Fsites%2F54%2F2026%2F04%2FDSC01520-scaled.jpg&#038;fit=contain&#038;w=1038&#038;h=583&#038;s=e83c6222e89289ebb9efbf7728371289 1038w, https:\/\/www.abf.se\/varmland\/resized\/?url=https%3A%2F%2Fwww.abf.se%2Fwp-content%2Fuploads%2Fsites%2F54%2F2026%2F04%2FDSC01520-scaled.jpg&#038;fit=contain&#038;w=1134&#038;h=637&#038;s=9412f9d2ede07b3d17b04ca2abfbce67 1134w\" alt=\"\" height=\"325\" width=\"578\" sizes=\"auto, (max-width: 768px) calc(100vw - 40px), (min-width: 768px) and (max-width: 1156px) calc(50vw - 56px), calc((1156px \/ 2) - 16px)\" loading=\"lazy\" fetchpriority=\"low\" class=\"round-corners-lg w-full\" \/><\/picture>\n                            <figcaption class=\"my-2 body-md text-gray-text\">\n                    En av deltagarna under Folkbildarfrukosten diskuterar och st\u00e4ller fr\u00e5gor.\n                <\/figcaption>\n                        <\/figure>\n        <figure>\n        \n            <picture class=\"round-corners-lg w-full\"><img decoding=\"async\" src=\"https:\/\/www.abf.se\/varmland\/resized\/?url=https%3A%2F%2Fwww.abf.se%2Fwp-content%2Fuploads%2Fsites%2F54%2F2026%2F04%2FDSC01496-scaled.jpg&#038;fit=contain&#038;w=578&#038;s=3037e5fa3424f8fb849ddcae6704a98d\" srcset=\"https:\/\/www.abf.se\/varmland\/resized\/?url=https%3A%2F%2Fwww.abf.se%2Fwp-content%2Fuploads%2Fsites%2F54%2F2026%2F04%2FDSC01496-scaled.jpg&#038;fit=contain&#038;w=375&#038;h=210&#038;s=05b6ceba3a3d7d3f0c5b331556f12944 375w, https:\/\/www.abf.se\/varmland\/resized\/?url=https%3A%2F%2Fwww.abf.se%2Fwp-content%2Fuploads%2Fsites%2F54%2F2026%2F04%2FDSC01496-scaled.jpg&#038;fit=contain&#038;w=423&#038;h=237&#038;s=dde3dd53698be585477cb44daaf81437 423w, https:\/\/www.abf.se\/varmland\/resized\/?url=https%3A%2F%2Fwww.abf.se%2Fwp-content%2Fuploads%2Fsites%2F54%2F2026%2F04%2FDSC01496-scaled.jpg&#038;fit=contain&#038;w=471&#038;h=264&#038;s=a5d64654f2c677ec1760f2159147350f 471w, https:\/\/www.abf.se\/varmland\/resized\/?url=https%3A%2F%2Fwww.abf.se%2Fwp-content%2Fuploads%2Fsites%2F54%2F2026%2F04%2FDSC01496-scaled.jpg&#038;fit=contain&#038;w=519&#038;h=291&#038;s=0fccc14769c8161850c270410f9653e4 519w, https:\/\/www.abf.se\/varmland\/resized\/?url=https%3A%2F%2Fwww.abf.se%2Fwp-content%2Fuploads%2Fsites%2F54%2F2026%2F04%2FDSC01496-scaled.jpg&#038;fit=contain&#038;w=567&#038;h=318&#038;s=a0d09dde44ed01faa2718ed7d225427a 567w, https:\/\/www.abf.se\/varmland\/resized\/?url=https%3A%2F%2Fwww.abf.se%2Fwp-content%2Fuploads%2Fsites%2F54%2F2026%2F04%2FDSC01496-scaled.jpg&#038;fit=contain&#038;w=578&#038;s=3037e5fa3424f8fb849ddcae6704a98d 578w, https:\/\/www.abf.se\/varmland\/resized\/?url=https%3A%2F%2Fwww.abf.se%2Fwp-content%2Fuploads%2Fsites%2F54%2F2026%2F04%2FDSC01496-scaled.jpg&#038;fit=contain&#038;w=750&#038;h=421&#038;s=900a50ee81da6c0f91c172c8024e6aa8 750w, https:\/\/www.abf.se\/varmland\/resized\/?url=https%3A%2F%2Fwww.abf.se%2Fwp-content%2Fuploads%2Fsites%2F54%2F2026%2F04%2FDSC01496-scaled.jpg&#038;fit=contain&#038;w=846&#038;h=475&#038;s=258bd3bc8271112faecc3db7fe34b3b8 846w, https:\/\/www.abf.se\/varmland\/resized\/?url=https%3A%2F%2Fwww.abf.se%2Fwp-content%2Fuploads%2Fsites%2F54%2F2026%2F04%2FDSC01496-scaled.jpg&#038;fit=contain&#038;w=942&#038;h=529&#038;s=e1c6370599d9d16ab5356e987d2b94f8 942w, https:\/\/www.abf.se\/varmland\/resized\/?url=https%3A%2F%2Fwww.abf.se%2Fwp-content%2Fuploads%2Fsites%2F54%2F2026%2F04%2FDSC01496-scaled.jpg&#038;fit=contain&#038;w=1038&#038;h=583&#038;s=294032f098d21c91fd6861b50d44033f 1038w, https:\/\/www.abf.se\/varmland\/resized\/?url=https%3A%2F%2Fwww.abf.se%2Fwp-content%2Fuploads%2Fsites%2F54%2F2026%2F04%2FDSC01496-scaled.jpg&#038;fit=contain&#038;w=1134&#038;h=637&#038;s=f78e6e62559ed9eaf28dbc5f0dbe7671 1134w\" alt=\"\" height=\"325\" width=\"578\" sizes=\"auto, (max-width: 768px) calc(100vw - 40px), (min-width: 768px) and (max-width: 1156px) calc(50vw - 56px), calc((1156px \/ 2) - 16px)\" loading=\"lazy\" fetchpriority=\"low\" class=\"round-corners-lg w-full\" \/><\/picture>\n                            <figcaption class=\"my-2 body-md text-gray-text\">\n                    Susanne Kielba, ABF V\u00e4rmlands ordf\u00f6rande h\u00f6ll i samtalet under frukosten.\n                <\/figcaption>\n                        <\/figure>\n        <\/div>\n\n<\/div>\n<div\n    class=\"acf-article-text-block article-container my-12\"\n    data-block=\"article-text-block\"\n>\n    <div class=\"wysiwyg\">\n        <h3>N\u00e4r musik betyder allt och lite till<\/h3>\n<p>Eftermiddagen inleddes med ett digitalt studiebes\u00f6k i en cirkel i Svanskog. H\u00e4r fick vi tr\u00e4ffa fyra deltagare som l\u00e4r sig mer om digitala tj\u00e4nster och sin smartphone under ledning av en av v\u00e5ra cirkelledare. Efter det drog vi vidare till Kristinehamn f\u00f6r den avslutande aktiviteten av v\u00e5r f\u00f6rbundsordf\u00f6randes bes\u00f6k. D\u00e4r stannade vi till p\u00e5 gamla A9 och tr\u00e4ffade ett av de band som repar i v\u00e5r lokal d\u00e4r, n\u00e4mligen Din mamma. Medlemmarna i Din mamma har som gemensam ber\u00f6ringspunkt att de alla tagit sig ur ett missbruk. Musiken har inte bara varit en f\u00f6rstr\u00f6else och en rolig grej utan ocks\u00e5 en r\u00e4ddning. I bandet hj\u00e4lper och st\u00f6ttar de varandra samtidigt som de skriver och spelar punk.<\/p>\n\n    <\/div>\n<\/div>\n<div\n    class=\"acf-article-image-block mb-12 container\"\n    data-block=\"article-image-block\"\n>\n<div class=\"grid md:grid-cols-2 gap-4\">\n\n        <figure>\n        \n            <picture class=\"round-corners-lg w-full\"><img decoding=\"async\" src=\"https:\/\/www.abf.se\/varmland\/resized\/?url=https%3A%2F%2Fwww.abf.se%2Fwp-content%2Fuploads%2Fsites%2F54%2F2026%2F04%2Fe4e2cbf3-7aff-4e88-b8c6-12bbe076f58b.jpeg&#038;fit=contain&#038;w=578&#038;s=cc74b081236fc702865fc8c011551ab8\" srcset=\"https:\/\/www.abf.se\/varmland\/resized\/?url=https%3A%2F%2Fwww.abf.se%2Fwp-content%2Fuploads%2Fsites%2F54%2F2026%2F04%2Fe4e2cbf3-7aff-4e88-b8c6-12bbe076f58b.jpeg&#038;fit=contain&#038;w=375&#038;h=499&#038;s=a4e9784e060ecf7bbc9c5a64b617455c 375w, https:\/\/www.abf.se\/varmland\/resized\/?url=https%3A%2F%2Fwww.abf.se%2Fwp-content%2Fuploads%2Fsites%2F54%2F2026%2F04%2Fe4e2cbf3-7aff-4e88-b8c6-12bbe076f58b.jpeg&#038;fit=contain&#038;w=423&#038;h=563&#038;s=f0538646f383690f9e38fb96e3537d92 423w, https:\/\/www.abf.se\/varmland\/resized\/?url=https%3A%2F%2Fwww.abf.se%2Fwp-content%2Fuploads%2Fsites%2F54%2F2026%2F04%2Fe4e2cbf3-7aff-4e88-b8c6-12bbe076f58b.jpeg&#038;fit=contain&#038;w=471&#038;h=627&#038;s=fad018ddc235c85a6e402c44345cd42f 471w, https:\/\/www.abf.se\/varmland\/resized\/?url=https%3A%2F%2Fwww.abf.se%2Fwp-content%2Fuploads%2Fsites%2F54%2F2026%2F04%2Fe4e2cbf3-7aff-4e88-b8c6-12bbe076f58b.jpeg&#038;fit=contain&#038;w=519&#038;h=691&#038;s=501f6189d126aa3e3855a2acdb66d66b 519w, https:\/\/www.abf.se\/varmland\/resized\/?url=https%3A%2F%2Fwww.abf.se%2Fwp-content%2Fuploads%2Fsites%2F54%2F2026%2F04%2Fe4e2cbf3-7aff-4e88-b8c6-12bbe076f58b.jpeg&#038;fit=contain&#038;w=567&#038;h=755&#038;s=14e052d2861f04a4e605fcc485776b5a 567w, https:\/\/www.abf.se\/varmland\/resized\/?url=https%3A%2F%2Fwww.abf.se%2Fwp-content%2Fuploads%2Fsites%2F54%2F2026%2F04%2Fe4e2cbf3-7aff-4e88-b8c6-12bbe076f58b.jpeg&#038;fit=contain&#038;w=578&#038;s=cc74b081236fc702865fc8c011551ab8 578w, https:\/\/www.abf.se\/varmland\/resized\/?url=https%3A%2F%2Fwww.abf.se%2Fwp-content%2Fuploads%2Fsites%2F54%2F2026%2F04%2Fe4e2cbf3-7aff-4e88-b8c6-12bbe076f58b.jpeg&#038;fit=contain&#038;w=750&#038;h=999&#038;s=063e6a4d16f0c60a250200a64bec6d33 750w, https:\/\/www.abf.se\/varmland\/resized\/?url=https%3A%2F%2Fwww.abf.se%2Fwp-content%2Fuploads%2Fsites%2F54%2F2026%2F04%2Fe4e2cbf3-7aff-4e88-b8c6-12bbe076f58b.jpeg&#038;fit=contain&#038;w=846&#038;h=1127&#038;s=0193f838a6f4eaec5e602cff17b29b51 846w, https:\/\/www.abf.se\/varmland\/resized\/?url=https%3A%2F%2Fwww.abf.se%2Fwp-content%2Fuploads%2Fsites%2F54%2F2026%2F04%2Fe4e2cbf3-7aff-4e88-b8c6-12bbe076f58b.jpeg&#038;fit=contain&#038;w=942&#038;h=1254&#038;s=a8a8a92af1780e788c3fdc244397bcf8 942w, https:\/\/www.abf.se\/varmland\/resized\/?url=https%3A%2F%2Fwww.abf.se%2Fwp-content%2Fuploads%2Fsites%2F54%2F2026%2F04%2Fe4e2cbf3-7aff-4e88-b8c6-12bbe076f58b.jpeg&#038;fit=contain&#038;w=1038&#038;h=1382&#038;s=ffe235ba0e5f69c17ca2ef03100eb327 1038w, https:\/\/www.abf.se\/varmland\/resized\/?url=https%3A%2F%2Fwww.abf.se%2Fwp-content%2Fuploads%2Fsites%2F54%2F2026%2F04%2Fe4e2cbf3-7aff-4e88-b8c6-12bbe076f58b.jpeg&#038;fit=contain&#038;w=1134&#038;h=1510&#038;s=44b251a37ad927cacedc6cf57fda7bb9 1134w\" alt=\"\" height=\"770\" width=\"578\" sizes=\"auto, (max-width: 768px) calc(100vw - 40px), (min-width: 768px) and (max-width: 1156px) calc(50vw - 56px), calc((1156px \/ 2) - 16px)\" loading=\"lazy\" fetchpriority=\"low\" class=\"round-corners-lg w-full\" \/><\/picture>\n                            <figcaption class=\"my-2 body-md text-gray-text\">\n                    Tomas Eneroth i mitten tillsammans med Magnus Johansson, Ulrik Amneteg och Ingvar Svensson som alla \u00e4r aktiva i Ge &amp; H\u00f6r samt Petter Hjerpe fr\u00e5n ABF V\u00e4rmland. \n                <\/figcaption>\n                        <\/figure>\n        <figure>\n        \n            <picture class=\"round-corners-lg w-full\"><img decoding=\"async\" src=\"https:\/\/www.abf.se\/varmland\/resized\/?url=https%3A%2F%2Fwww.abf.se%2Fwp-content%2Fuploads%2Fsites%2F54%2F2026%2F04%2F1fa20b27634a8582c4e18d578480bcd7.jpeg&#038;fit=contain&#038;w=578&#038;s=fc3ca6ed849c66a89775f07b5af873bf\" srcset=\"https:\/\/www.abf.se\/varmland\/resized\/?url=https%3A%2F%2Fwww.abf.se%2Fwp-content%2Fuploads%2Fsites%2F54%2F2026%2F04%2F1fa20b27634a8582c4e18d578480bcd7.jpeg&#038;fit=contain&#038;w=375&#038;h=499&#038;s=f23100591cb56c289cc473fdb4e3daa1 375w, https:\/\/www.abf.se\/varmland\/resized\/?url=https%3A%2F%2Fwww.abf.se%2Fwp-content%2Fuploads%2Fsites%2F54%2F2026%2F04%2F1fa20b27634a8582c4e18d578480bcd7.jpeg&#038;fit=contain&#038;w=423&#038;h=563&#038;s=027c13b9b8bcff421fcd64d64b652904 423w, https:\/\/www.abf.se\/varmland\/resized\/?url=https%3A%2F%2Fwww.abf.se%2Fwp-content%2Fuploads%2Fsites%2F54%2F2026%2F04%2F1fa20b27634a8582c4e18d578480bcd7.jpeg&#038;fit=contain&#038;w=471&#038;h=627&#038;s=7b3aa98b19ab1b40d26fdcd401a38baa 471w, https:\/\/www.abf.se\/varmland\/resized\/?url=https%3A%2F%2Fwww.abf.se%2Fwp-content%2Fuploads%2Fsites%2F54%2F2026%2F04%2F1fa20b27634a8582c4e18d578480bcd7.jpeg&#038;fit=contain&#038;w=519&#038;h=691&#038;s=dda9c7026cc33e41f728a1dc28f7a4be 519w, https:\/\/www.abf.se\/varmland\/resized\/?url=https%3A%2F%2Fwww.abf.se%2Fwp-content%2Fuploads%2Fsites%2F54%2F2026%2F04%2F1fa20b27634a8582c4e18d578480bcd7.jpeg&#038;fit=contain&#038;w=567&#038;h=755&#038;s=8b2127c9a5dff3500e06050a339a709a 567w, https:\/\/www.abf.se\/varmland\/resized\/?url=https%3A%2F%2Fwww.abf.se%2Fwp-content%2Fuploads%2Fsites%2F54%2F2026%2F04%2F1fa20b27634a8582c4e18d578480bcd7.jpeg&#038;fit=contain&#038;w=578&#038;s=fc3ca6ed849c66a89775f07b5af873bf 578w, https:\/\/www.abf.se\/varmland\/resized\/?url=https%3A%2F%2Fwww.abf.se%2Fwp-content%2Fuploads%2Fsites%2F54%2F2026%2F04%2F1fa20b27634a8582c4e18d578480bcd7.jpeg&#038;fit=contain&#038;w=750&#038;h=999&#038;s=d3e5477586f5d8ffc8d2a94ada06917c 750w, https:\/\/www.abf.se\/varmland\/resized\/?url=https%3A%2F%2Fwww.abf.se%2Fwp-content%2Fuploads%2Fsites%2F54%2F2026%2F04%2F1fa20b27634a8582c4e18d578480bcd7.jpeg&#038;fit=contain&#038;w=846&#038;h=1127&#038;s=b2306295a5424a4af9a4db3522f43fd8 846w, https:\/\/www.abf.se\/varmland\/resized\/?url=https%3A%2F%2Fwww.abf.se%2Fwp-content%2Fuploads%2Fsites%2F54%2F2026%2F04%2F1fa20b27634a8582c4e18d578480bcd7.jpeg&#038;fit=contain&#038;w=942&#038;h=1254&#038;s=aa903a983b52dbf0de7fd5e3afcf7241 942w, https:\/\/www.abf.se\/varmland\/resized\/?url=https%3A%2F%2Fwww.abf.se%2Fwp-content%2Fuploads%2Fsites%2F54%2F2026%2F04%2F1fa20b27634a8582c4e18d578480bcd7.jpeg&#038;fit=contain&#038;w=1038&#038;h=1382&#038;s=b6abe4fb75d260ff30cef6ef197329e5 1038w, https:\/\/www.abf.se\/varmland\/resized\/?url=https%3A%2F%2Fwww.abf.se%2Fwp-content%2Fuploads%2Fsites%2F54%2F2026%2F04%2F1fa20b27634a8582c4e18d578480bcd7.jpeg&#038;fit=contain&#038;w=1134&#038;h=1510&#038;s=8ce9a922b7ef291773dc9f52819e66cd 1134w\" alt=\"\" height=\"770\" width=\"578\" sizes=\"auto, (max-width: 768px) calc(100vw - 40px), (min-width: 768px) and (max-width: 1156px) calc(50vw - 56px), calc((1156px \/ 2) - 16px)\" loading=\"lazy\" fetchpriority=\"low\" class=\"round-corners-lg w-full\" \/><\/picture>\n                            <figcaption class=\"my-2 body-md text-gray-text\">\n                    Bandet Din mamma med medlemmarna Jimmy Sunesson p\u00e5 bas och s\u00e5ng, Erik Karlsson p\u00e5 s\u00e5ng, Kjell Wallbom p\u00e5 gitarr och s\u00e5ng samt anonym medlem p\u00e5 trummor.\n                <\/figcaption>\n                        <\/figure>\n        <\/div>\n\n<\/div>\n","protected":false},"featured_media":0,"parent":0,"menu_order":0,"template":"","categories":[],"class_list":["post-1527","news-article","type-news-article","status-publish","hentry"],"acf":[],"yoast_head":"<!-- This site is optimized with the Yoast SEO plugin v27.0 - https:\/\/yoast.com\/product\/yoast-seo-wordpress\/ -->\n<title>Eneroth: Kunskap ger makt, makt ger frihet - V\u00e4rmland<\/title>\n<meta name=\"robots\" content=\"index, follow, max-snippet:-1, max-image-preview:large, max-video-preview:-1\" \/>\n<link rel=\"canonical\" href=\"https:\/\/www.abf.se\/varmland\/nyheter\/eneroth-kunskap-ger-makt-ger-frihet\/\" \/>\n<meta property=\"og:locale\" content=\"sv_SE\" \/>\n<meta property=\"og:type\" content=\"article\" \/>\n<meta property=\"og:title\" content=\"Eneroth: Kunskap ger makt, makt ger frihet - V\u00e4rmland\" \/>\n<meta property=\"og:url\" content=\"https:\/\/www.abf.se\/varmland\/nyheter\/eneroth-kunskap-ger-makt-ger-frihet\/\" \/>\n<meta property=\"og:site_name\" content=\"V\u00e4rmland\" \/>\n<meta property=\"article:modified_time\" content=\"2026-04-09T15:44:20+00:00\" \/>\n<meta property=\"og:image\" content=\"https:\/\/www.abf.se\/wp-content\/uploads\/sites\/54\/2024\/04\/Nyckeln-liggande-scaled.jpg\" \/>\n\t<meta property=\"og:image:width\" content=\"2560\" \/>\n\t<meta property=\"og:image:height\" content=\"1440\" \/>\n\t<meta property=\"og:image:type\" content=\"image\/jpeg\" \/>\n<meta name=\"twitter:card\" content=\"summary_large_image\" \/>\n<script type=\"application\/ld+json\" class=\"yoast-schema-graph\">{\"@context\":\"https:\/\/schema.org\",\"@graph\":[{\"@type\":\"WebPage\",\"@id\":\"https:\/\/www.abf.se\/varmland\/nyheter\/eneroth-kunskap-ger-makt-ger-frihet\/\",\"url\":\"https:\/\/www.abf.se\/varmland\/nyheter\/eneroth-kunskap-ger-makt-ger-frihet\/\",\"name\":\"Eneroth: Kunskap ger makt, makt ger frihet - V\u00e4rmland\",\"isPartOf\":{\"@id\":\"https:\/\/www.abf.se\/varmland\/#website\"},\"datePublished\":\"2026-04-09T15:42:33+00:00\",\"dateModified\":\"2026-04-09T15:44:20+00:00\",\"breadcrumb\":{\"@id\":\"https:\/\/www.abf.se\/varmland\/nyheter\/eneroth-kunskap-ger-makt-ger-frihet\/#breadcrumb\"},\"inLanguage\":\"sv-SE\",\"potentialAction\":[{\"@type\":\"ReadAction\",\"target\":[\"https:\/\/www.abf.se\/varmland\/nyheter\/eneroth-kunskap-ger-makt-ger-frihet\/\"]}]},{\"@type\":\"BreadcrumbList\",\"@id\":\"https:\/\/www.abf.se\/varmland\/nyheter\/eneroth-kunskap-ger-makt-ger-frihet\/#breadcrumb\",\"itemListElement\":[{\"@type\":\"ListItem\",\"position\":1,\"name\":\"Home\",\"item\":\"https:\/\/www.abf.se\/varmland\/\"},{\"@type\":\"ListItem\",\"position\":2,\"name\":\"Nyheter\",\"item\":\"https:\/\/www.abf.se\/varmland\/nyheter\/\"},{\"@type\":\"ListItem\",\"position\":3,\"name\":\"Eneroth: Kunskap ger makt, makt ger frihet\"}]},{\"@type\":\"WebSite\",\"@id\":\"https:\/\/www.abf.se\/varmland\/#website\",\"url\":\"https:\/\/www.abf.se\/varmland\/\",\"name\":\"V\u00e4rmland\",\"description\":\"\",\"potentialAction\":[{\"@type\":\"SearchAction\",\"target\":{\"@type\":\"EntryPoint\",\"urlTemplate\":\"https:\/\/www.abf.se\/varmland\/?s={search_term_string}\"},\"query-input\":{\"@type\":\"PropertyValueSpecification\",\"valueRequired\":true,\"valueName\":\"search_term_string\"}}],\"inLanguage\":\"sv-SE\"}]}<\/script>\n<!-- \/ Yoast SEO plugin. -->","yoast_head_json":{"title":"Eneroth: Kunskap ger makt, makt ger frihet - V\u00e4rmland","robots":{"index":"index","follow":"follow","max-snippet":"max-snippet:-1","max-image-preview":"max-image-preview:large","max-video-preview":"max-video-preview:-1"},"canonical":"https:\/\/www.abf.se\/varmland\/nyheter\/eneroth-kunskap-ger-makt-ger-frihet\/","og_locale":"sv_SE","og_type":"article","og_title":"Eneroth: Kunskap ger makt, makt ger frihet - V\u00e4rmland","og_url":"https:\/\/www.abf.se\/varmland\/nyheter\/eneroth-kunskap-ger-makt-ger-frihet\/","og_site_name":"V\u00e4rmland","article_modified_time":"2026-04-09T15:44:20+00:00","og_image":[{"width":2560,"height":1440,"url":"https:\/\/www.abf.se\/wp-content\/uploads\/sites\/54\/2024\/04\/Nyckeln-liggande-scaled.jpg","type":"image\/jpeg"}],"twitter_card":"summary_large_image","schema":{"@context":"https:\/\/schema.org","@graph":[{"@type":"WebPage","@id":"https:\/\/www.abf.se\/varmland\/nyheter\/eneroth-kunskap-ger-makt-ger-frihet\/","url":"https:\/\/www.abf.se\/varmland\/nyheter\/eneroth-kunskap-ger-makt-ger-frihet\/","name":"Eneroth: Kunskap ger makt, makt ger frihet - V\u00e4rmland","isPartOf":{"@id":"https:\/\/www.abf.se\/varmland\/#website"},"datePublished":"2026-04-09T15:42:33+00:00","dateModified":"2026-04-09T15:44:20+00:00","breadcrumb":{"@id":"https:\/\/www.abf.se\/varmland\/nyheter\/eneroth-kunskap-ger-makt-ger-frihet\/#breadcrumb"},"inLanguage":"sv-SE","potentialAction":[{"@type":"ReadAction","target":["https:\/\/www.abf.se\/varmland\/nyheter\/eneroth-kunskap-ger-makt-ger-frihet\/"]}]},{"@type":"BreadcrumbList","@id":"https:\/\/www.abf.se\/varmland\/nyheter\/eneroth-kunskap-ger-makt-ger-frihet\/#breadcrumb","itemListElement":[{"@type":"ListItem","position":1,"name":"Home","item":"https:\/\/www.abf.se\/varmland\/"},{"@type":"ListItem","position":2,"name":"Nyheter","item":"https:\/\/www.abf.se\/varmland\/nyheter\/"},{"@type":"ListItem","position":3,"name":"Eneroth: Kunskap ger makt, makt ger frihet"}]},{"@type":"WebSite","@id":"https:\/\/www.abf.se\/varmland\/#website","url":"https:\/\/www.abf.se\/varmland\/","name":"V\u00e4rmland","description":"","potentialAction":[{"@type":"SearchAction","target":{"@type":"EntryPoint","urlTemplate":"https:\/\/www.abf.se\/varmland\/?s={search_term_string}"},"query-input":{"@type":"PropertyValueSpecification","valueRequired":true,"valueName":"search_term_string"}}],"inLanguage":"sv-SE"}]}},"_links":{"self":[{"href":"https:\/\/www.abf.se\/varmland\/wp-json\/wp\/v2\/news-article\/1527","targetHints":{"allow":["GET"]}}],"collection":[{"href":"https:\/\/www.abf.se\/varmland\/wp-json\/wp\/v2\/news-article"}],"about":[{"href":"https:\/\/www.abf.se\/varmland\/wp-json\/wp\/v2\/types\/news-article"}],"wp:attachment":[{"href":"https:\/\/www.abf.se\/varmland\/wp-json\/wp\/v2\/media?parent=1527"}],"wp:term":[{"taxonomy":"category","embeddable":true,"href":"https:\/\/www.abf.se\/varmland\/wp-json\/wp\/v2\/categories?post=1527"}],"curies":[{"name":"wp","href":"https:\/\/api.w.org\/{rel}","templated":true}]}}