{"id":1536,"date":"2026-04-09T17:49:44","date_gmt":"2026-04-09T15:49:44","guid":{"rendered":"https:\/\/www.abf.se\/varmland\/?post_type=news-article&#038;p=1536"},"modified":"2026-04-09T17:49:44","modified_gmt":"2026-04-09T15:49:44","slug":"nar-kriget-kom-och-om-krisen-kommer-till-karlstad","status":"publish","type":"news-article","link":"https:\/\/www.abf.se\/varmland\/nyheter\/nar-kriget-kom-och-om-krisen-kommer-till-karlstad\/","title":{"rendered":"N\u00e4r kriget kom och om krisen kommer till Karlstad"},"content":{"rendered":"<div\n    class=\"acf-article-text-block article-container my-12\"\n    data-block=\"article-text-block\"\n>\n    <div class=\"wysiwyg\">\n        <p>I slutet av mars arrangerade ABF V\u00e4rmland och PRO Karlstad Samorganisation en eftermiddag f\u00f6r alla PRO-f\u00f6reningarna i Karlstad d\u00e4r de fick l\u00e4ra sig mer om civilf\u00f6rsvar och hur vi ska t\u00e4nka i kris och krig.<\/p>\n<p>Id\u00e9n f\u00f6ddes under 2025 n\u00e4r PRO Karlstad Samorganisation bj\u00f6ds in till Karlstads kommun d\u00e4r man jobbar med integration. H\u00e4r fanns en grupp medm\u00e4nniskor fr\u00e5n Ukraina. Gruppen bestod av kvinnor och m\u00e4n i olika \u00e5ldrar men m\u00e5nga var \u00f6ver 65 \u00e5r. Christina Wahrolin fick som ordf\u00f6rande i PROs samorganisation m\u00f6jlighet att informera om vad PRO g\u00f6r och v\u00e4lkomnande dem till Karlstads 14 PRO-f\u00f6reningar.<\/p>\n<p>P\u00e5 plats denna kv\u00e4ll blev det uppenbart att alla som kommit till v\u00e5rt land har en historia att ber\u00e4tta \u2013 b\u00e5de en individuell historia men ocks\u00e5 en gemensam historia \u2013 vad kan och ska ett samh\u00e4lle g\u00f6ra n\u00e4r kriget kommer? Kan vi ta vara p\u00e5 deras erfarenheter funderade Christina.<\/p>\n<p>&#8211; M\u00e5nga tankar d\u00f6k upp. Det f\u00f6rsta vi gjorde d\u00e4refter var att be kommunen genom v\u00e5rt samarbete i Kommunala Pension\u00e4rsr\u00e5det, att f\u00e5 en redog\u00f6relse f\u00f6r hur kommunens strategiska arbete ser ut betr\u00e4ffande kris och beredskap, ber\u00e4ttar Christina som forts\u00e4tter:<\/p>\n<p>&#8211; Vi bad \u00e4ven v\u00e5rd- och omsorgsf\u00f6rvaltningen att informera om hur planerna ser ut f\u00f6r de \u00e4ldre som bor i v\u00e5rdboenden och som f\u00e5r hemtj\u00e4nst om kriget kommer.<\/p>\n\n    <\/div>\n<\/div>\n<div\n    class=\"acf-article-image-block mb-12 article-container-lg\"\n    data-block=\"article-image-block\"\n>\n<div class=\"\">\n\n        <figure>\n        \n            <picture class=\"round-corners-lg w-full\"><img decoding=\"async\" src=\"https:\/\/www.abf.se\/varmland\/resized\/?url=https%3A%2F%2Fwww.abf.se%2Fwp-content%2Fuploads%2Fsites%2F54%2F2026%2F04%2FDSC01520-1-scaled.jpg&#038;fit=contain&#038;w=788&#038;s=bfa25770cd846a60e92c22e08c3fe614\" srcset=\"https:\/\/www.abf.se\/varmland\/resized\/?url=https%3A%2F%2Fwww.abf.se%2Fwp-content%2Fuploads%2Fsites%2F54%2F2026%2F04%2FDSC01520-1-scaled.jpg&#038;fit=contain&#038;w=375&#038;h=210&#038;s=32f3ca9b3a429ae086f70b5510defd35 375w, https:\/\/www.abf.se\/varmland\/resized\/?url=https%3A%2F%2Fwww.abf.se%2Fwp-content%2Fuploads%2Fsites%2F54%2F2026%2F04%2FDSC01520-1-scaled.jpg&#038;fit=contain&#038;w=447&#038;h=251&#038;s=22f805d39a9493a2cf16b17e51d05107 447w, https:\/\/www.abf.se\/varmland\/resized\/?url=https%3A%2F%2Fwww.abf.se%2Fwp-content%2Fuploads%2Fsites%2F54%2F2026%2F04%2FDSC01520-1-scaled.jpg&#038;fit=contain&#038;w=519&#038;h=291&#038;s=4417a928aaec9cc6c93e783db67db145 519w, https:\/\/www.abf.se\/varmland\/resized\/?url=https%3A%2F%2Fwww.abf.se%2Fwp-content%2Fuploads%2Fsites%2F54%2F2026%2F04%2FDSC01520-1-scaled.jpg&#038;fit=contain&#038;w=591&#038;h=332&#038;s=4a8314669f7c4e7d328341b0ed5d5710 591w, https:\/\/www.abf.se\/varmland\/resized\/?url=https%3A%2F%2Fwww.abf.se%2Fwp-content%2Fuploads%2Fsites%2F54%2F2026%2F04%2FDSC01520-1-scaled.jpg&#038;fit=contain&#038;w=663&#038;h=372&#038;s=8c5d453fbf72848babf7c2999904478f 663w, https:\/\/www.abf.se\/varmland\/resized\/?url=https%3A%2F%2Fwww.abf.se%2Fwp-content%2Fuploads%2Fsites%2F54%2F2026%2F04%2FDSC01520-1-scaled.jpg&#038;fit=contain&#038;w=735&#038;h=413&#038;s=46827ad9b2dbf395f169a4fa0f4050d2 735w, https:\/\/www.abf.se\/varmland\/resized\/?url=https%3A%2F%2Fwww.abf.se%2Fwp-content%2Fuploads%2Fsites%2F54%2F2026%2F04%2FDSC01520-1-scaled.jpg&#038;fit=contain&#038;w=750&#038;h=421&#038;s=d9f62d2902a6d4cad8dc0471992d4676 750w, https:\/\/www.abf.se\/varmland\/resized\/?url=https%3A%2F%2Fwww.abf.se%2Fwp-content%2Fuploads%2Fsites%2F54%2F2026%2F04%2FDSC01520-1-scaled.jpg&#038;fit=contain&#038;w=788&#038;s=bfa25770cd846a60e92c22e08c3fe614 788w, https:\/\/www.abf.se\/varmland\/resized\/?url=https%3A%2F%2Fwww.abf.se%2Fwp-content%2Fuploads%2Fsites%2F54%2F2026%2F04%2FDSC01520-1-scaled.jpg&#038;fit=contain&#038;w=894&#038;h=502&#038;s=7d9a3e47099f59b8ea3c4a96a559108a 894w, https:\/\/www.abf.se\/varmland\/resized\/?url=https%3A%2F%2Fwww.abf.se%2Fwp-content%2Fuploads%2Fsites%2F54%2F2026%2F04%2FDSC01520-1-scaled.jpg&#038;fit=contain&#038;w=1038&#038;h=583&#038;s=61bac9593896142d856acae22f81e66f 1038w, https:\/\/www.abf.se\/varmland\/resized\/?url=https%3A%2F%2Fwww.abf.se%2Fwp-content%2Fuploads%2Fsites%2F54%2F2026%2F04%2FDSC01520-1-scaled.jpg&#038;fit=contain&#038;w=1182&#038;h=664&#038;s=fabb2fbb33197b7eb276031b8a86a38a 1182w, https:\/\/www.abf.se\/varmland\/resized\/?url=https%3A%2F%2Fwww.abf.se%2Fwp-content%2Fuploads%2Fsites%2F54%2F2026%2F04%2FDSC01520-1-scaled.jpg&#038;fit=contain&#038;w=1326&#038;h=745&#038;s=5c4993dc0e8e8ce24cac497d4eb5db69 1326w, https:\/\/www.abf.se\/varmland\/resized\/?url=https%3A%2F%2Fwww.abf.se%2Fwp-content%2Fuploads%2Fsites%2F54%2F2026%2F04%2FDSC01520-1-scaled.jpg&#038;fit=contain&#038;w=1470&#038;h=826&#038;s=bd7de0bb158f2ec2198880ef1d5ad0b1 1470w\" alt=\"\" height=\"443\" width=\"788\" sizes=\"auto, (max-width: 768px) calc(100vw - 40px), 788px\" loading=\"lazy\" fetchpriority=\"low\" class=\"round-corners-lg w-full\" \/><\/picture>\n                            <figcaption class=\"my-2 body-md text-gray-text\">\n                    Christina Wahrolin, initiativtagare till folkbildningsdagen om N\u00e4r kriget kom och om krisen kommer. \n                <\/figcaption>\n                        <\/figure>\n        <\/div>\n\n<\/div>\n<div\n    class=\"acf-article-text-block article-container my-12\"\n    data-block=\"article-text-block\"\n>\n    <div class=\"wysiwyg\">\n        <h3>Vad kan vi och vad beh\u00f6ver vi g\u00f6ra?<\/h3>\n<p>Kommunen bistod med information och d\u00e4r och d\u00e5 f\u00f6ddes tanken p\u00e5 att anordna en folkbildningsdag p\u00e5 temat \u201dN\u00e4r kriget kom och om krisen kommer\u201d. Man kontaktade ABF V\u00e4rmland, samt f\u00f6retr\u00e4dare fr\u00e5n kommunens olika delar och programmet f\u00f6ll p\u00e5 plats.<\/p>\n<p>&#8211; Syftet var att ge information till f\u00f6retr\u00e4dare f\u00f6r v\u00e5ra 14 PRO-f\u00f6reningar och v\u00e4cka oss och st\u00e4lla fr\u00e5gorna, vad kan vi och vad beh\u00f6ver vi g\u00f6ra?, s\u00e4ger Christina.<\/p>\n<p>Ett gediget program togs fram f\u00f6r de drygt 25 deltagare som anm\u00e4lde sig. Det inneh\u00f6ll information om kris och beredskap, hur planen ser ut f\u00f6r Karlstad, hur l\u00e4get \u00e4r med skyddsrum i kommunen, man gick igenom vad trygghetspunkter \u00e4r f\u00f6r n\u00e5got och man lyssnade till en ukrainsk medborgare som kommit till Karlstad och nu valde att ber\u00e4tta om sin upplevelse.<\/p>\n<p>&#8211; Det \u00e4r viktigt att f\u00e5 h\u00f6ra om krig fr\u00e5n n\u00e5gon som upplevt det, s\u00e4ger Christina om varf\u00f6r det var en stor del av programmet.<\/p>\n<p>En annan intressant och aktuell fr\u00e5ga som togs upp under eftermiddagen var att vi beh\u00f6ver f\u00e5 insikt om vilket ansvar vi sj\u00e4lva har och vad kan och ska vi g\u00f6ra, b\u00e5de som individ och som grupp. Vad beh\u00f6ver vi ha hemma, kan vi samverka med v\u00e5ra grannar, ja kort sagt; hur f\u00f6rbereder vi oss f\u00f6r en kris? Till detta anlitades Civilf\u00f6rsvarsf\u00f6rbundet och\u00a0d\u00e4rmed hade man sytt ihop ett program som kom att rusta alla som deltog f\u00f6r n\u00e4r krisen kommer eller om kriget kommer.<\/p>\n<p>&#8211; Men det som tr\u00e4ffade oss alla rakt i hj\u00e4rtat var Olga som ber\u00e4ttade om sin flykt under februari 2022. Med tv\u00e5 barn satte sig Olga i bilen och k\u00f6rde v\u00e4sterut. P\u00e5 svenska beskrev Olga alla sina vederm\u00f6dor medan kriget rasade innan hon till slut hamnade i Sverige, ber\u00e4ttar Christina.<\/p>\n<h3>Och nu d\u00e5?<\/h3>\n<p>I kris och krig \u00e4r civilsamh\u00e4llet otroligt viktigt. Det \u00e4r genom civilbefolkningen samh\u00e4llet forts\u00e4tter att fungera p\u00e5 de s\u00e4tt det kan n\u00e4r en kris intr\u00e4ffar. Detta var en slutsats man drog under dagen. F\u00f6r PROs del inneb\u00e4r det att de kan bli \u00e4nnu b\u00e4ttre p\u00e5 att st\u00e4rka gemenskapen i f\u00f6reningarna och att uppr\u00e4tth\u00e5lla aktiviteter av olika slag. Det sociala \u00e4r oerh\u00f6rt viktigt att uppr\u00e4tth\u00e5lla i alla tider.<\/p>\n<p>&#8211; Vi kan inte v\u00e4nta p\u00e5, att krisen kommer utan nu beh\u00f6ver vi st\u00e4rka organisationen \u2013 f\u00f6rhoppningsvis kan vi starta minst en studiecirkel i varje f\u00f6rening d\u00e4r vi gemensamt l\u00e4r och l\u00e4r av varandra. En reflektion som kom upp under eftermiddagen var &#8211; vi \u00e4ldre har kunskaper om hur vi tar vara p\u00e5 maten, tar vara p\u00e5 det som finns i naturen och som vi kan \u00e4ta, s\u00e4ger Christina.<\/p>\n<p>Fler slutsatser man drog efter genomf\u00f6randet \u00e4r att vi beh\u00f6ver f\u00f6rbereda oss med praktiska saker, \u00e4ven om vi psykologiskt inte kan f\u00f6rbereda oss. N\u00e5got vi d\u00e4remot kan g\u00f6ra \u00e4r att m\u00f6ta m\u00e4nniskorna som kom fr\u00e5n Ukraina och som kan ber\u00e4tta f\u00f6r oss och d\u00e4rigenom \u00f6ka f\u00f6rst\u00e5elsen.<\/p>\n<p>&#8211; Genom detta kanske vi l\u00e4r oss av det av det mod och om det civilkurage som m\u00e4nniskor besitter, avslutar Christina.<\/p>\n\n    <\/div>\n<\/div>\n<div\n    class=\"acf-article-image-block mb-12 article-container-lg\"\n    data-block=\"article-image-block\"\n>\n<div class=\"\">\n\n        <figure>\n        \n            <picture class=\"round-corners-lg w-full\"><img decoding=\"async\" src=\"https:\/\/www.abf.se\/varmland\/resized\/?url=https%3A%2F%2Fwww.abf.se%2Fwp-content%2Fuploads%2Fsites%2F54%2F2026%2F04%2FIMG_1833-scaled.jpg&#038;fit=contain&#038;w=788&#038;s=d69b88378a559afd999a9e7dcd7f8f10\" srcset=\"https:\/\/www.abf.se\/varmland\/resized\/?url=https%3A%2F%2Fwww.abf.se%2Fwp-content%2Fuploads%2Fsites%2F54%2F2026%2F04%2FIMG_1833-scaled.jpg&#038;fit=contain&#038;w=375&#038;h=281&#038;s=9eb399c6063148f7f1003dbb218cbc2c 375w, https:\/\/www.abf.se\/varmland\/resized\/?url=https%3A%2F%2Fwww.abf.se%2Fwp-content%2Fuploads%2Fsites%2F54%2F2026%2F04%2FIMG_1833-scaled.jpg&#038;fit=contain&#038;w=447&#038;h=335&#038;s=f7417838be99ef1ec836d5cff0ca1626 447w, https:\/\/www.abf.se\/varmland\/resized\/?url=https%3A%2F%2Fwww.abf.se%2Fwp-content%2Fuploads%2Fsites%2F54%2F2026%2F04%2FIMG_1833-scaled.jpg&#038;fit=contain&#038;w=519&#038;h=389&#038;s=a7cf85ecc729d2a8d8fe38af8559daf9 519w, https:\/\/www.abf.se\/varmland\/resized\/?url=https%3A%2F%2Fwww.abf.se%2Fwp-content%2Fuploads%2Fsites%2F54%2F2026%2F04%2FIMG_1833-scaled.jpg&#038;fit=contain&#038;w=591&#038;h=443&#038;s=aebcabb107953323fbe56cab452be07f 591w, https:\/\/www.abf.se\/varmland\/resized\/?url=https%3A%2F%2Fwww.abf.se%2Fwp-content%2Fuploads%2Fsites%2F54%2F2026%2F04%2FIMG_1833-scaled.jpg&#038;fit=contain&#038;w=663&#038;h=497&#038;s=52a67de9e4db83fee348a5bae80860ad 663w, https:\/\/www.abf.se\/varmland\/resized\/?url=https%3A%2F%2Fwww.abf.se%2Fwp-content%2Fuploads%2Fsites%2F54%2F2026%2F04%2FIMG_1833-scaled.jpg&#038;fit=contain&#038;w=735&#038;h=551&#038;s=7e77c24d45486f563895ca06d4a8b9f4 735w, https:\/\/www.abf.se\/varmland\/resized\/?url=https%3A%2F%2Fwww.abf.se%2Fwp-content%2Fuploads%2Fsites%2F54%2F2026%2F04%2FIMG_1833-scaled.jpg&#038;fit=contain&#038;w=750&#038;h=562&#038;s=c2e6c6a54772d525e5b2659a875d3be3 750w, https:\/\/www.abf.se\/varmland\/resized\/?url=https%3A%2F%2Fwww.abf.se%2Fwp-content%2Fuploads%2Fsites%2F54%2F2026%2F04%2FIMG_1833-scaled.jpg&#038;fit=contain&#038;w=788&#038;s=d69b88378a559afd999a9e7dcd7f8f10 788w, https:\/\/www.abf.se\/varmland\/resized\/?url=https%3A%2F%2Fwww.abf.se%2Fwp-content%2Fuploads%2Fsites%2F54%2F2026%2F04%2FIMG_1833-scaled.jpg&#038;fit=contain&#038;w=894&#038;h=670&#038;s=0ba4a1060af6fb1634575c717643b914 894w, https:\/\/www.abf.se\/varmland\/resized\/?url=https%3A%2F%2Fwww.abf.se%2Fwp-content%2Fuploads%2Fsites%2F54%2F2026%2F04%2FIMG_1833-scaled.jpg&#038;fit=contain&#038;w=1038&#038;h=778&#038;s=34a64229d526213ba599140a2a68579a 1038w, https:\/\/www.abf.se\/varmland\/resized\/?url=https%3A%2F%2Fwww.abf.se%2Fwp-content%2Fuploads%2Fsites%2F54%2F2026%2F04%2FIMG_1833-scaled.jpg&#038;fit=contain&#038;w=1182&#038;h=886&#038;s=35d530cb810923083b77df7a602ea650 1182w, https:\/\/www.abf.se\/varmland\/resized\/?url=https%3A%2F%2Fwww.abf.se%2Fwp-content%2Fuploads%2Fsites%2F54%2F2026%2F04%2FIMG_1833-scaled.jpg&#038;fit=contain&#038;w=1326&#038;h=994&#038;s=e75209eeb8cabcdbf5adb99c94a57a86 1326w, https:\/\/www.abf.se\/varmland\/resized\/?url=https%3A%2F%2Fwww.abf.se%2Fwp-content%2Fuploads%2Fsites%2F54%2F2026%2F04%2FIMG_1833-scaled.jpg&#038;fit=contain&#038;w=1470&#038;h=1102&#038;s=634f59ac955c462b94af33af367be20d 1470w\" alt=\"\" height=\"591\" width=\"788\" sizes=\"auto, (max-width: 768px) calc(100vw - 40px), 788px\" loading=\"lazy\" fetchpriority=\"low\" class=\"round-corners-lg w-full\" \/><\/picture>\n                            <figcaption class=\"my-2 body-md text-gray-text\">\n                    Representanter fr\u00e5n Karlstads kommun, Civilf\u00f6rsvarsf\u00f6rbundet och Olga som kom till Sverige fr\u00e5n Ukraina n\u00e4r kriget startade 2022.\n                <\/figcaption>\n                        <\/figure>\n        <\/div>\n\n<\/div>\n","protected":false},"featured_media":0,"parent":0,"menu_order":0,"template":"","categories":[],"class_list":["post-1536","news-article","type-news-article","status-publish","hentry"],"acf":[],"yoast_head":"<!-- This site is optimized with the Yoast SEO plugin v27.0 - https:\/\/yoast.com\/product\/yoast-seo-wordpress\/ -->\n<title>N\u00e4r kriget kom och om krisen kommer till Karlstad - V\u00e4rmland<\/title>\n<meta name=\"robots\" content=\"index, follow, max-snippet:-1, max-image-preview:large, max-video-preview:-1\" \/>\n<link rel=\"canonical\" href=\"https:\/\/www.abf.se\/varmland\/nyheter\/nar-kriget-kom-och-om-krisen-kommer-till-karlstad\/\" \/>\n<meta property=\"og:locale\" content=\"sv_SE\" \/>\n<meta property=\"og:type\" content=\"article\" \/>\n<meta property=\"og:title\" content=\"N\u00e4r kriget kom och om krisen kommer till Karlstad - V\u00e4rmland\" \/>\n<meta property=\"og:url\" content=\"https:\/\/www.abf.se\/varmland\/nyheter\/nar-kriget-kom-och-om-krisen-kommer-till-karlstad\/\" \/>\n<meta property=\"og:site_name\" content=\"V\u00e4rmland\" \/>\n<meta property=\"og:image\" content=\"https:\/\/www.abf.se\/wp-content\/uploads\/sites\/54\/2024\/04\/Nyckeln-liggande-scaled.jpg\" \/>\n\t<meta property=\"og:image:width\" content=\"2560\" \/>\n\t<meta property=\"og:image:height\" content=\"1440\" \/>\n\t<meta property=\"og:image:type\" content=\"image\/jpeg\" \/>\n<meta name=\"twitter:card\" content=\"summary_large_image\" \/>\n<script type=\"application\/ld+json\" class=\"yoast-schema-graph\">{\"@context\":\"https:\/\/schema.org\",\"@graph\":[{\"@type\":\"WebPage\",\"@id\":\"https:\/\/www.abf.se\/varmland\/nyheter\/nar-kriget-kom-och-om-krisen-kommer-till-karlstad\/\",\"url\":\"https:\/\/www.abf.se\/varmland\/nyheter\/nar-kriget-kom-och-om-krisen-kommer-till-karlstad\/\",\"name\":\"N\u00e4r kriget kom och om krisen kommer till Karlstad - V\u00e4rmland\",\"isPartOf\":{\"@id\":\"https:\/\/www.abf.se\/varmland\/#website\"},\"datePublished\":\"2026-04-09T15:49:44+00:00\",\"breadcrumb\":{\"@id\":\"https:\/\/www.abf.se\/varmland\/nyheter\/nar-kriget-kom-och-om-krisen-kommer-till-karlstad\/#breadcrumb\"},\"inLanguage\":\"sv-SE\",\"potentialAction\":[{\"@type\":\"ReadAction\",\"target\":[\"https:\/\/www.abf.se\/varmland\/nyheter\/nar-kriget-kom-och-om-krisen-kommer-till-karlstad\/\"]}]},{\"@type\":\"BreadcrumbList\",\"@id\":\"https:\/\/www.abf.se\/varmland\/nyheter\/nar-kriget-kom-och-om-krisen-kommer-till-karlstad\/#breadcrumb\",\"itemListElement\":[{\"@type\":\"ListItem\",\"position\":1,\"name\":\"Home\",\"item\":\"https:\/\/www.abf.se\/varmland\/\"},{\"@type\":\"ListItem\",\"position\":2,\"name\":\"Nyheter\",\"item\":\"https:\/\/www.abf.se\/varmland\/nyheter\/\"},{\"@type\":\"ListItem\",\"position\":3,\"name\":\"N\u00e4r kriget kom och om krisen kommer till Karlstad\"}]},{\"@type\":\"WebSite\",\"@id\":\"https:\/\/www.abf.se\/varmland\/#website\",\"url\":\"https:\/\/www.abf.se\/varmland\/\",\"name\":\"V\u00e4rmland\",\"description\":\"\",\"potentialAction\":[{\"@type\":\"SearchAction\",\"target\":{\"@type\":\"EntryPoint\",\"urlTemplate\":\"https:\/\/www.abf.se\/varmland\/?s={search_term_string}\"},\"query-input\":{\"@type\":\"PropertyValueSpecification\",\"valueRequired\":true,\"valueName\":\"search_term_string\"}}],\"inLanguage\":\"sv-SE\"}]}<\/script>\n<!-- \/ Yoast SEO plugin. -->","yoast_head_json":{"title":"N\u00e4r kriget kom och om krisen kommer till Karlstad - V\u00e4rmland","robots":{"index":"index","follow":"follow","max-snippet":"max-snippet:-1","max-image-preview":"max-image-preview:large","max-video-preview":"max-video-preview:-1"},"canonical":"https:\/\/www.abf.se\/varmland\/nyheter\/nar-kriget-kom-och-om-krisen-kommer-till-karlstad\/","og_locale":"sv_SE","og_type":"article","og_title":"N\u00e4r kriget kom och om krisen kommer till Karlstad - V\u00e4rmland","og_url":"https:\/\/www.abf.se\/varmland\/nyheter\/nar-kriget-kom-och-om-krisen-kommer-till-karlstad\/","og_site_name":"V\u00e4rmland","og_image":[{"width":2560,"height":1440,"url":"https:\/\/www.abf.se\/wp-content\/uploads\/sites\/54\/2024\/04\/Nyckeln-liggande-scaled.jpg","type":"image\/jpeg"}],"twitter_card":"summary_large_image","schema":{"@context":"https:\/\/schema.org","@graph":[{"@type":"WebPage","@id":"https:\/\/www.abf.se\/varmland\/nyheter\/nar-kriget-kom-och-om-krisen-kommer-till-karlstad\/","url":"https:\/\/www.abf.se\/varmland\/nyheter\/nar-kriget-kom-och-om-krisen-kommer-till-karlstad\/","name":"N\u00e4r kriget kom och om krisen kommer till Karlstad - V\u00e4rmland","isPartOf":{"@id":"https:\/\/www.abf.se\/varmland\/#website"},"datePublished":"2026-04-09T15:49:44+00:00","breadcrumb":{"@id":"https:\/\/www.abf.se\/varmland\/nyheter\/nar-kriget-kom-och-om-krisen-kommer-till-karlstad\/#breadcrumb"},"inLanguage":"sv-SE","potentialAction":[{"@type":"ReadAction","target":["https:\/\/www.abf.se\/varmland\/nyheter\/nar-kriget-kom-och-om-krisen-kommer-till-karlstad\/"]}]},{"@type":"BreadcrumbList","@id":"https:\/\/www.abf.se\/varmland\/nyheter\/nar-kriget-kom-och-om-krisen-kommer-till-karlstad\/#breadcrumb","itemListElement":[{"@type":"ListItem","position":1,"name":"Home","item":"https:\/\/www.abf.se\/varmland\/"},{"@type":"ListItem","position":2,"name":"Nyheter","item":"https:\/\/www.abf.se\/varmland\/nyheter\/"},{"@type":"ListItem","position":3,"name":"N\u00e4r kriget kom och om krisen kommer till Karlstad"}]},{"@type":"WebSite","@id":"https:\/\/www.abf.se\/varmland\/#website","url":"https:\/\/www.abf.se\/varmland\/","name":"V\u00e4rmland","description":"","potentialAction":[{"@type":"SearchAction","target":{"@type":"EntryPoint","urlTemplate":"https:\/\/www.abf.se\/varmland\/?s={search_term_string}"},"query-input":{"@type":"PropertyValueSpecification","valueRequired":true,"valueName":"search_term_string"}}],"inLanguage":"sv-SE"}]}},"_links":{"self":[{"href":"https:\/\/www.abf.se\/varmland\/wp-json\/wp\/v2\/news-article\/1536","targetHints":{"allow":["GET"]}}],"collection":[{"href":"https:\/\/www.abf.se\/varmland\/wp-json\/wp\/v2\/news-article"}],"about":[{"href":"https:\/\/www.abf.se\/varmland\/wp-json\/wp\/v2\/types\/news-article"}],"wp:attachment":[{"href":"https:\/\/www.abf.se\/varmland\/wp-json\/wp\/v2\/media?parent=1536"}],"wp:term":[{"taxonomy":"category","embeddable":true,"href":"https:\/\/www.abf.se\/varmland\/wp-json\/wp\/v2\/categories?post=1536"}],"curies":[{"name":"wp","href":"https:\/\/api.w.org\/{rel}","templated":true}]}}