{"id":660,"date":"2024-04-18T15:11:54","date_gmt":"2024-04-18T13:11:54","guid":{"rendered":"https:\/\/www.abf.se\/vasternorrland\/?post_type=news-article&#038;p=660"},"modified":"2024-04-18T15:21:43","modified_gmt":"2024-04-18T13:21:43","slug":"abf-i-kramfors-har-flyttat","status":"publish","type":"news-article","link":"https:\/\/www.abf.se\/vasternorrland\/nyheter\/abf-i-kramfors-har-flyttat\/","title":{"rendered":"ABF i Kramfors har flyttat"},"content":{"rendered":"<div\n    class=\"acf-article-text-block article-container my-12\"\n    data-block=\"article-text-block\"\n>\n    <div class=\"wysiwyg\">\n        <p>Fr\u00e5n 3 april huserar nu ABF i Kramfors i nya lokaler p\u00e5 Ringv\u00e4gen 4, (F\u00f6retagens Hus). En n\u00f6jd Christer Leijon som \u00e4r verksamhetsansvarig\u00a0 s\u00e4ger att det kommer bli toppen i dessa lokaler som ligger n\u00e4ra centrum.<\/p>\n<p>Vi har ing\u00e5ng fr\u00e5n tv\u00e5 h\u00e5ll vilket g\u00f6r att tillg\u00e4nglighet till studierummen som ligger i markplan (nedre v\u00e5ning) med automatiskt \u00f6ppningsbara d\u00f6rrar. Kontoren ligger p\u00e5 \u00f6vre v\u00e5ningen som man n\u00e5r b\u00e5de via trappor men \u00e4ven via hiss fr\u00e5n nedre plan. Christer h\u00e4lsar alla v\u00e4lkommen till v\u00e5ra ny lokaler.<\/p>\n<p>Christer n\u00e5r du p\u00e5 telefon 0612-843 48<\/p>\n\n    <\/div>\n<\/div>\n","protected":false},"featured_media":0,"parent":0,"menu_order":0,"template":"","categories":[],"class_list":["post-660","news-article","type-news-article","status-publish","hentry"],"acf":[],"yoast_head":"<!-- This site is optimized with the Yoast SEO plugin v27.0 - https:\/\/yoast.com\/product\/yoast-seo-wordpress\/ -->\n<title>ABF i Kramfors har flyttat - V\u00e4sternorrland<\/title>\n<meta name=\"robots\" content=\"index, follow, max-snippet:-1, max-image-preview:large, max-video-preview:-1\" \/>\n<link rel=\"canonical\" href=\"https:\/\/www.abf.se\/vasternorrland\/nyheter\/abf-i-kramfors-har-flyttat\/\" \/>\n<meta property=\"og:locale\" content=\"sv_SE\" \/>\n<meta property=\"og:type\" content=\"article\" \/>\n<meta property=\"og:title\" content=\"ABF i Kramfors har flyttat - V\u00e4sternorrland\" \/>\n<meta property=\"og:url\" content=\"https:\/\/www.abf.se\/vasternorrland\/nyheter\/abf-i-kramfors-har-flyttat\/\" \/>\n<meta property=\"og:site_name\" content=\"V\u00e4sternorrland\" \/>\n<meta property=\"article:modified_time\" content=\"2024-04-18T13:21:43+00:00\" \/>\n<meta property=\"og:image\" content=\"https:\/\/www.abf.se\/wp-content\/uploads\/sites\/56\/2024\/04\/Nyckeln-liggande-scaled.jpg\" \/>\n\t<meta property=\"og:image:width\" content=\"2560\" \/>\n\t<meta property=\"og:image:height\" content=\"1440\" \/>\n\t<meta property=\"og:image:type\" content=\"image\/jpeg\" \/>\n<meta name=\"twitter:card\" content=\"summary_large_image\" \/>\n<script type=\"application\/ld+json\" class=\"yoast-schema-graph\">{\"@context\":\"https:\/\/schema.org\",\"@graph\":[{\"@type\":\"WebPage\",\"@id\":\"https:\/\/www.abf.se\/vasternorrland\/nyheter\/abf-i-kramfors-har-flyttat\/\",\"url\":\"https:\/\/www.abf.se\/vasternorrland\/nyheter\/abf-i-kramfors-har-flyttat\/\",\"name\":\"ABF i Kramfors har flyttat - V\u00e4sternorrland\",\"isPartOf\":{\"@id\":\"https:\/\/www.abf.se\/vasternorrland\/#website\"},\"datePublished\":\"2024-04-18T13:11:54+00:00\",\"dateModified\":\"2024-04-18T13:21:43+00:00\",\"breadcrumb\":{\"@id\":\"https:\/\/www.abf.se\/vasternorrland\/nyheter\/abf-i-kramfors-har-flyttat\/#breadcrumb\"},\"inLanguage\":\"sv-SE\",\"potentialAction\":[{\"@type\":\"ReadAction\",\"target\":[\"https:\/\/www.abf.se\/vasternorrland\/nyheter\/abf-i-kramfors-har-flyttat\/\"]}]},{\"@type\":\"BreadcrumbList\",\"@id\":\"https:\/\/www.abf.se\/vasternorrland\/nyheter\/abf-i-kramfors-har-flyttat\/#breadcrumb\",\"itemListElement\":[{\"@type\":\"ListItem\",\"position\":1,\"name\":\"Home\",\"item\":\"https:\/\/www.abf.se\/vasternorrland\/\"},{\"@type\":\"ListItem\",\"position\":2,\"name\":\"Nyheter\",\"item\":\"https:\/\/www.abf.se\/vasternorrland\/nyheter\/\"},{\"@type\":\"ListItem\",\"position\":3,\"name\":\"ABF i Kramfors har flyttat\"}]},{\"@type\":\"WebSite\",\"@id\":\"https:\/\/www.abf.se\/vasternorrland\/#website\",\"url\":\"https:\/\/www.abf.se\/vasternorrland\/\",\"name\":\"V\u00e4sternorrland\",\"description\":\"\",\"potentialAction\":[{\"@type\":\"SearchAction\",\"target\":{\"@type\":\"EntryPoint\",\"urlTemplate\":\"https:\/\/www.abf.se\/vasternorrland\/?s={search_term_string}\"},\"query-input\":{\"@type\":\"PropertyValueSpecification\",\"valueRequired\":true,\"valueName\":\"search_term_string\"}}],\"inLanguage\":\"sv-SE\"}]}<\/script>\n<!-- \/ Yoast SEO plugin. -->","yoast_head_json":{"title":"ABF i Kramfors har flyttat - V\u00e4sternorrland","robots":{"index":"index","follow":"follow","max-snippet":"max-snippet:-1","max-image-preview":"max-image-preview:large","max-video-preview":"max-video-preview:-1"},"canonical":"https:\/\/www.abf.se\/vasternorrland\/nyheter\/abf-i-kramfors-har-flyttat\/","og_locale":"sv_SE","og_type":"article","og_title":"ABF i Kramfors har flyttat - V\u00e4sternorrland","og_url":"https:\/\/www.abf.se\/vasternorrland\/nyheter\/abf-i-kramfors-har-flyttat\/","og_site_name":"V\u00e4sternorrland","article_modified_time":"2024-04-18T13:21:43+00:00","og_image":[{"width":2560,"height":1440,"url":"https:\/\/www.abf.se\/wp-content\/uploads\/sites\/56\/2024\/04\/Nyckeln-liggande-scaled.jpg","type":"image\/jpeg"}],"twitter_card":"summary_large_image","schema":{"@context":"https:\/\/schema.org","@graph":[{"@type":"WebPage","@id":"https:\/\/www.abf.se\/vasternorrland\/nyheter\/abf-i-kramfors-har-flyttat\/","url":"https:\/\/www.abf.se\/vasternorrland\/nyheter\/abf-i-kramfors-har-flyttat\/","name":"ABF i Kramfors har flyttat - V\u00e4sternorrland","isPartOf":{"@id":"https:\/\/www.abf.se\/vasternorrland\/#website"},"datePublished":"2024-04-18T13:11:54+00:00","dateModified":"2024-04-18T13:21:43+00:00","breadcrumb":{"@id":"https:\/\/www.abf.se\/vasternorrland\/nyheter\/abf-i-kramfors-har-flyttat\/#breadcrumb"},"inLanguage":"sv-SE","potentialAction":[{"@type":"ReadAction","target":["https:\/\/www.abf.se\/vasternorrland\/nyheter\/abf-i-kramfors-har-flyttat\/"]}]},{"@type":"BreadcrumbList","@id":"https:\/\/www.abf.se\/vasternorrland\/nyheter\/abf-i-kramfors-har-flyttat\/#breadcrumb","itemListElement":[{"@type":"ListItem","position":1,"name":"Home","item":"https:\/\/www.abf.se\/vasternorrland\/"},{"@type":"ListItem","position":2,"name":"Nyheter","item":"https:\/\/www.abf.se\/vasternorrland\/nyheter\/"},{"@type":"ListItem","position":3,"name":"ABF i Kramfors har flyttat"}]},{"@type":"WebSite","@id":"https:\/\/www.abf.se\/vasternorrland\/#website","url":"https:\/\/www.abf.se\/vasternorrland\/","name":"V\u00e4sternorrland","description":"","potentialAction":[{"@type":"SearchAction","target":{"@type":"EntryPoint","urlTemplate":"https:\/\/www.abf.se\/vasternorrland\/?s={search_term_string}"},"query-input":{"@type":"PropertyValueSpecification","valueRequired":true,"valueName":"search_term_string"}}],"inLanguage":"sv-SE"}]}},"_links":{"self":[{"href":"https:\/\/www.abf.se\/vasternorrland\/wp-json\/wp\/v2\/news-article\/660","targetHints":{"allow":["GET"]}}],"collection":[{"href":"https:\/\/www.abf.se\/vasternorrland\/wp-json\/wp\/v2\/news-article"}],"about":[{"href":"https:\/\/www.abf.se\/vasternorrland\/wp-json\/wp\/v2\/types\/news-article"}],"wp:attachment":[{"href":"https:\/\/www.abf.se\/vasternorrland\/wp-json\/wp\/v2\/media?parent=660"}],"wp:term":[{"taxonomy":"category","embeddable":true,"href":"https:\/\/www.abf.se\/vasternorrland\/wp-json\/wp\/v2\/categories?post=660"}],"curies":[{"name":"wp","href":"https:\/\/api.w.org\/{rel}","templated":true}]}}