{"id":893,"date":"2024-11-06T11:02:20","date_gmt":"2024-11-06T10:02:20","guid":{"rendered":"https:\/\/www.abf.se\/vasternorrland\/?post_type=news-article&#038;p=893"},"modified":"2024-11-20T16:02:15","modified_gmt":"2024-11-20T15:02:15","slug":"funktionsrattsdagen-sundsvall-3-december","status":"publish","type":"news-article","link":"https:\/\/www.abf.se\/vasternorrland\/nyheter\/funktionsrattsdagen-sundsvall-3-december\/","title":{"rendered":"Funktionsr\u00e4ttsdagen Sundsvall 3 december"},"content":{"rendered":"<div\n    class=\"acf-article-text-block article-container my-12\"\n    data-block=\"article-text-block\"\n>\n    <div class=\"wysiwyg\">\n        <h3><strong>H\u00e4r \u00e4r programmet f\u00f6r dagen!<\/strong><\/h3>\n<p><a href=\"https:\/\/www.abf.se\/wp-content\/uploads\/sites\/56\/2024\/11\/Funkisdagen-3-december-Clarion-Hotell-Sundsvall.pdf\" target=\"_blank\" rel=\"noopener\">(ladda hem affisch -pdf)<\/a><\/p>\n<ul>\n<li class=\"cvGsUA direction-ltr align-start para-style-body\"><span class=\"OYPEnA font-feature-liga-off font-feature-clig-off font-feature-calt-off text-decoration-none text-strikethrough-none\">13:00 &#8211; D\u00e4rf\u00f6r en Funktionsr\u00e4ttsdag! Moderator Chatarina Sj\u00f6stedt<\/span><\/li>\n<li class=\"cvGsUA direction-ltr align-start para-style-body\"><span class=\"OYPEnA font-feature-liga-off font-feature-clig-off font-feature-calt-off text-decoration-none text-strikethrough-none\">13:10 &#8211; Nicklas M\u00e5rtensson Funktionsr\u00e4tt Sverige f\u00f6rel\u00e4ser<\/span><\/li>\n<li class=\"cvGsUA direction-ltr align-start para-style-body\"><span class=\"OYPEnA font-feature-liga-off font-feature-clig-off font-feature-calt-off text-decoration-none text-strikethrough-none\">13:45 &#8211; Parkinsonk\u00f6ren med k\u00f6rledaren Gun East<\/span><\/li>\n<li class=\"cvGsUA direction-ltr align-start para-style-body\"><span class=\"OYPEnA font-feature-liga-off font-feature-clig-off font-feature-calt-off text-decoration-none text-strikethrough-none\">14:05 &#8211; Medborgardialog hj\u00e4lpmedel, Anneli Frithz, Region V\u00e4sternorrland<\/span><\/li>\n<li class=\"cvGsUA direction-ltr align-start para-style-body\"><span class=\"OYPEnA font-feature-liga-off font-feature-clig-off font-feature-calt-off text-decoration-none text-strikethrough-none\">14:25 &#8211; Vad \u00e4r NSPH och vad g\u00f6r (H)j\u00e4rnkoll?<\/span><\/li>\n<li class=\"cvGsUA direction-ltr align-start para-style-body\"><span class=\"OYPEnA font-feature-liga-off font-feature-clig-off font-feature-calt-off text-decoration-none text-strikethrough-none\">14:45 &#8211; Musikunderh\u00e5llning av Soy<\/span><\/li>\n<li class=\"cvGsUA direction-ltr align-start para-style-body\"><span class=\"OYPEnA font-feature-liga-off font-feature-clig-off font-feature-calt-off text-decoration-none text-strikethrough-none\">15:20 &#8211; Tillg\u00e4nglighetsgruppen st\u00e4ller fr\u00e5gor till ledande politiker i Kommun fullm\u00e4ktige<\/span><\/li>\n<li class=\"cvGsUA direction-ltr align-start para-style-body\"><span class=\"OYPEnA font-feature-liga-off font-feature-clig-off font-feature-calt-off text-decoration-none text-strikethrough-none\">16:15 &#8211; Nationalekonom Ingvar Nilsson, Livet sitter i hj\u00e4rnan<\/span><\/li>\n<li class=\"cvGsUA direction-ltr align-start para-style-body\"><span class=\"OYPEnA font-feature-liga-off font-feature-clig-off font-feature-calt-off text-decoration-none text-strikethrough-none\">16:35 &#8211; Musikunderh\u00e5llning<\/span><\/li>\n<li class=\"cvGsUA direction-ltr align-start para-style-body\"><span class=\"OYPEnA font-feature-liga-off font-feature-clig-off font-feature-calt-off text-decoration-none text-strikethrough-none\">16:55 &#8211; Nicklas M\u00e5rtensson samtalar om Funktionsr\u00e4tt med Lisa-Maria Norlin Partisekreterare KD &amp; Sara Nylund S Regionr\u00e5d V\u00e4sternorrland<\/span><\/li>\n<li class=\"cvGsUA direction-ltr align-start para-style-body\"><span class=\"OYPEnA font-feature-liga-off font-feature-clig-off font-feature-calt-off text-decoration-none text-strikethrough-none\">17:30 &#8211; Hj\u00e4rnkraft, Lotta N\u00e4slund och Cecilia Boestad om uppstart av lokalf\u00f6reningen Hj\u00e4rntr\u00e4ff<\/span><\/li>\n<li class=\"cvGsUA direction-ltr align-start para-style-body\"><span class=\"OYPEnA font-feature-liga-off font-feature-clig-off font-feature-calt-off text-decoration-none text-strikethrough-none\">17:50 &#8211; Vem tar stafettpinnen f\u00f6r 2025?<\/span><\/li>\n<li class=\"cvGsUA direction-ltr align-start para-style-body\"><span class=\"OYPEnA font-feature-liga-off font-feature-clig-off font-feature-calt-off text-decoration-none text-strikethrough-none\">18:00 &#8211; Tack f\u00f6r idag och Avslut<\/span><\/li>\n<\/ul>\n\n    <\/div>\n<\/div>\n","protected":false},"featured_media":0,"parent":0,"menu_order":0,"template":"","categories":[],"class_list":["post-893","news-article","type-news-article","status-publish","hentry"],"acf":[],"yoast_head":"<!-- This site is optimized with the Yoast SEO plugin v27.0 - https:\/\/yoast.com\/product\/yoast-seo-wordpress\/ -->\n<title>Funktionsr\u00e4ttsdagen Sundsvall 3 december - V\u00e4sternorrland<\/title>\n<meta name=\"description\" content=\"Funktionsr\u00e4ttsdagen Sundsvall 3 december\" \/>\n<meta name=\"robots\" content=\"index, follow, max-snippet:-1, max-image-preview:large, max-video-preview:-1\" \/>\n<link rel=\"canonical\" href=\"https:\/\/www.abf.se\/vasternorrland\/nyheter\/funktionsrattsdagen-sundsvall-3-december\/\" \/>\n<meta property=\"og:locale\" content=\"sv_SE\" \/>\n<meta property=\"og:type\" content=\"article\" \/>\n<meta property=\"og:title\" content=\"Funktionsr\u00e4ttsdagen Sundsvall 3 december\" \/>\n<meta property=\"og:description\" content=\"Funktionsr\u00e4ttsdagen Sundsvall 3 december\" \/>\n<meta property=\"og:url\" content=\"https:\/\/www.abf.se\/vasternorrland\/nyheter\/funktionsrattsdagen-sundsvall-3-december\/\" \/>\n<meta property=\"og:site_name\" content=\"V\u00e4sternorrland\" \/>\n<meta property=\"article:modified_time\" content=\"2024-11-20T15:02:15+00:00\" \/>\n<meta property=\"og:image\" content=\"https:\/\/www.abf.se\/wp-content\/uploads\/sites\/56\/2024\/11\/Funkisdagen-Webb.jpg\" \/>\n\t<meta property=\"og:image:width\" content=\"1080\" \/>\n\t<meta property=\"og:image:height\" content=\"1920\" \/>\n\t<meta property=\"og:image:type\" content=\"image\/jpeg\" \/>\n<meta name=\"twitter:card\" content=\"summary_large_image\" \/>\n<script type=\"application\/ld+json\" class=\"yoast-schema-graph\">{\"@context\":\"https:\/\/schema.org\",\"@graph\":[{\"@type\":\"WebPage\",\"@id\":\"https:\/\/www.abf.se\/vasternorrland\/nyheter\/funktionsrattsdagen-sundsvall-3-december\/\",\"url\":\"https:\/\/www.abf.se\/vasternorrland\/nyheter\/funktionsrattsdagen-sundsvall-3-december\/\",\"name\":\"Funktionsr\u00e4ttsdagen Sundsvall 3 december - V\u00e4sternorrland\",\"isPartOf\":{\"@id\":\"https:\/\/www.abf.se\/vasternorrland\/#website\"},\"datePublished\":\"2024-11-06T10:02:20+00:00\",\"dateModified\":\"2024-11-20T15:02:15+00:00\",\"description\":\"Funktionsr\u00e4ttsdagen Sundsvall 3 december\",\"breadcrumb\":{\"@id\":\"https:\/\/www.abf.se\/vasternorrland\/nyheter\/funktionsrattsdagen-sundsvall-3-december\/#breadcrumb\"},\"inLanguage\":\"sv-SE\",\"potentialAction\":[{\"@type\":\"ReadAction\",\"target\":[\"https:\/\/www.abf.se\/vasternorrland\/nyheter\/funktionsrattsdagen-sundsvall-3-december\/\"]}]},{\"@type\":\"BreadcrumbList\",\"@id\":\"https:\/\/www.abf.se\/vasternorrland\/nyheter\/funktionsrattsdagen-sundsvall-3-december\/#breadcrumb\",\"itemListElement\":[{\"@type\":\"ListItem\",\"position\":1,\"name\":\"Home\",\"item\":\"https:\/\/www.abf.se\/vasternorrland\/\"},{\"@type\":\"ListItem\",\"position\":2,\"name\":\"Nyheter\",\"item\":\"https:\/\/www.abf.se\/vasternorrland\/nyheter\/\"},{\"@type\":\"ListItem\",\"position\":3,\"name\":\"Funktionsr\u00e4ttsdagen Sundsvall 3 december\"}]},{\"@type\":\"WebSite\",\"@id\":\"https:\/\/www.abf.se\/vasternorrland\/#website\",\"url\":\"https:\/\/www.abf.se\/vasternorrland\/\",\"name\":\"V\u00e4sternorrland\",\"description\":\"\",\"potentialAction\":[{\"@type\":\"SearchAction\",\"target\":{\"@type\":\"EntryPoint\",\"urlTemplate\":\"https:\/\/www.abf.se\/vasternorrland\/?s={search_term_string}\"},\"query-input\":{\"@type\":\"PropertyValueSpecification\",\"valueRequired\":true,\"valueName\":\"search_term_string\"}}],\"inLanguage\":\"sv-SE\"}]}<\/script>\n<!-- \/ Yoast SEO plugin. -->","yoast_head_json":{"title":"Funktionsr\u00e4ttsdagen Sundsvall 3 december - V\u00e4sternorrland","description":"Funktionsr\u00e4ttsdagen Sundsvall 3 december","robots":{"index":"index","follow":"follow","max-snippet":"max-snippet:-1","max-image-preview":"max-image-preview:large","max-video-preview":"max-video-preview:-1"},"canonical":"https:\/\/www.abf.se\/vasternorrland\/nyheter\/funktionsrattsdagen-sundsvall-3-december\/","og_locale":"sv_SE","og_type":"article","og_title":"Funktionsr\u00e4ttsdagen Sundsvall 3 december","og_description":"Funktionsr\u00e4ttsdagen Sundsvall 3 december","og_url":"https:\/\/www.abf.se\/vasternorrland\/nyheter\/funktionsrattsdagen-sundsvall-3-december\/","og_site_name":"V\u00e4sternorrland","article_modified_time":"2024-11-20T15:02:15+00:00","og_image":[{"width":1080,"height":1920,"url":"https:\/\/www.abf.se\/wp-content\/uploads\/sites\/56\/2024\/11\/Funkisdagen-Webb.jpg","type":"image\/jpeg"}],"twitter_card":"summary_large_image","schema":{"@context":"https:\/\/schema.org","@graph":[{"@type":"WebPage","@id":"https:\/\/www.abf.se\/vasternorrland\/nyheter\/funktionsrattsdagen-sundsvall-3-december\/","url":"https:\/\/www.abf.se\/vasternorrland\/nyheter\/funktionsrattsdagen-sundsvall-3-december\/","name":"Funktionsr\u00e4ttsdagen Sundsvall 3 december - V\u00e4sternorrland","isPartOf":{"@id":"https:\/\/www.abf.se\/vasternorrland\/#website"},"datePublished":"2024-11-06T10:02:20+00:00","dateModified":"2024-11-20T15:02:15+00:00","description":"Funktionsr\u00e4ttsdagen Sundsvall 3 december","breadcrumb":{"@id":"https:\/\/www.abf.se\/vasternorrland\/nyheter\/funktionsrattsdagen-sundsvall-3-december\/#breadcrumb"},"inLanguage":"sv-SE","potentialAction":[{"@type":"ReadAction","target":["https:\/\/www.abf.se\/vasternorrland\/nyheter\/funktionsrattsdagen-sundsvall-3-december\/"]}]},{"@type":"BreadcrumbList","@id":"https:\/\/www.abf.se\/vasternorrland\/nyheter\/funktionsrattsdagen-sundsvall-3-december\/#breadcrumb","itemListElement":[{"@type":"ListItem","position":1,"name":"Home","item":"https:\/\/www.abf.se\/vasternorrland\/"},{"@type":"ListItem","position":2,"name":"Nyheter","item":"https:\/\/www.abf.se\/vasternorrland\/nyheter\/"},{"@type":"ListItem","position":3,"name":"Funktionsr\u00e4ttsdagen Sundsvall 3 december"}]},{"@type":"WebSite","@id":"https:\/\/www.abf.se\/vasternorrland\/#website","url":"https:\/\/www.abf.se\/vasternorrland\/","name":"V\u00e4sternorrland","description":"","potentialAction":[{"@type":"SearchAction","target":{"@type":"EntryPoint","urlTemplate":"https:\/\/www.abf.se\/vasternorrland\/?s={search_term_string}"},"query-input":{"@type":"PropertyValueSpecification","valueRequired":true,"valueName":"search_term_string"}}],"inLanguage":"sv-SE"}]}},"_links":{"self":[{"href":"https:\/\/www.abf.se\/vasternorrland\/wp-json\/wp\/v2\/news-article\/893","targetHints":{"allow":["GET"]}}],"collection":[{"href":"https:\/\/www.abf.se\/vasternorrland\/wp-json\/wp\/v2\/news-article"}],"about":[{"href":"https:\/\/www.abf.se\/vasternorrland\/wp-json\/wp\/v2\/types\/news-article"}],"wp:attachment":[{"href":"https:\/\/www.abf.se\/vasternorrland\/wp-json\/wp\/v2\/media?parent=893"}],"wp:term":[{"taxonomy":"category","embeddable":true,"href":"https:\/\/www.abf.se\/vasternorrland\/wp-json\/wp\/v2\/categories?post=893"}],"curies":[{"name":"wp","href":"https:\/\/api.w.org\/{rel}","templated":true}]}}